{"id":118833,"date":"2013-01-28T00:13:16","date_gmt":"2013-01-28T06:13:16","guid":{"rendered":"http:\/\/www.diarioimagen.net\/?p=118833"},"modified":"2013-05-30T00:39:02","modified_gmt":"2013-05-30T05:39:02","slug":"osorio-chong-preside-hoy-en-toluca-reunion-de-seguridad-con-gobernadores","status":"publish","type":"post","link":"https:\/\/www.diarioimagen.net\/?p=118833","title":{"rendered":"Osorio Chong preside hoy en Toluca reuni\u00f3n de seguridad con gobernadores"},"content":{"rendered":"<h2>Arco Norte<\/h2>\n<h5>Jos\u00e9 Luis Monta\u00f1ez Aguilar<\/h5>\n<p><span><br \/>\n<div id=\"attachment_118938\" style=\"width: 250px\" class=\"wp-caption alignleft\"><a href=\"http:\/\/www.diarioimagen.net\/wp-content\/uploads\/2013\/01\/Osorio-2023.jpg\"><img loading=\"lazy\" decoding=\"async\" aria-describedby=\"caption-attachment-118938\" class=\"size-medium wp-image-118938\" alt=\"Miguel \u00c1ngel Osorio Chong, titular de Segob y Eruviel \u00c1vila Villegas, gobernador del Estado de M\u00e9xico.\" src=\"http:\/\/www.diarioimagen.net\/wp-content\/uploads\/2013\/01\/Osorio-2023-240x135.jpg\" width=\"240\" height=\"135\" \/><\/a><p id=\"caption-attachment-118938\" class=\"wp-caption-text\">Miguel \u00c1ngel Osorio Chong, titular de Segob y Eruviel \u00c1vila Villegas, gobernador del Estado de M\u00e9xico.<\/p><\/div><\/p>\n<p>El secretario de Gobernaci\u00f3n, Miguel \u00c1ngel Osorio Chong, encabezar\u00e1 en la ciudad de Toluca una reuni\u00f3n del Gabinete de Seguridad federal con los gobernadores de Puebla, Rafael Moreno Valle; Morelos, Graco Ram\u00edrez Garrido Abreu; Guerrero, \u00c1ngel Heladio Aguirre Rivero; Hidalgo, Jos\u00e9 Francisco Olvera Ruiz; Tlaxcala, Mariano Gonz\u00e1lez Zarur; Estado de M\u00e9xico, Eruviel \u00c1vila Villegas, as\u00ed como el jefe de gobierno del Distrito Federal, Miguel \u00c1ngel Mancera Espinosa, para revisar las estrategias a desplegar en la materia durante 2013. Al respecto, el gobernador del Estado de M\u00e9xico, Eruviel \u00c1vila Villegas, se\u00f1al\u00f3 que hace unos d\u00edas el titular de Gobernaci\u00f3n se reuni\u00f3 con los gobernadores de la regi\u00f3n noreste del pa\u00eds, y ahora tocar\u00e1 el turno a los mandatarios de la zona centro, para afinar y reforzar las estrategias en materia de seguridad, as\u00ed como el apoyo que la federaci\u00f3n otorga a las entidades en ese sentido. El titular del Ejecutivo estatal destac\u00f3 la voluntad mostrada por el presidente Enrique Pe\u00f1a Nieto para atender la seguridad p\u00fablica de manera coordinada entre los tres niveles de gobierno. \u201cCombatir la inseguridad requiere de trabajo regional nacional y transnacional\u201d. Reconoci\u00f3 que la estrategia de mantener reuniones entre los gobernadores y el Gabinete de Seguridad federal es la mejor v\u00eda para atender el tema desde una perspectiva regional, por lo que agradeci\u00f3 el \u00e1nimo de colaboraci\u00f3n mostrado por los mandatarios de los estados del centro del pa\u00eds, as\u00ed como del Ejecutivo del del Distrito Federal, que se dar\u00e1n cita en tan importante reuni\u00f3n.<\/p>\n<p style=\"text-align: center;\"><strong>ENTREGA ERUVIEL \u00c1VILA APOYOS A LA FAMILIA DE NO\u00c9 HERN\u00c1NDEZ<\/strong><\/p>\n<p>Como un reconocimiento y homenaje al marchista No\u00e9 Hern\u00e1ndez, y en solidaridad con su familia, el gobernador Eruviel \u00c1vila entreg\u00f3 a las hijas del fallecido medallista ol\u00edmpico, Vianey y Vania Hern\u00e1ndez Pedraza, una beca para que puedan continuar sus estudios, adem\u00e1s de que para las peque\u00f1as, as\u00ed como su mam\u00e1 Vianey Pedraza Mojica y los padres del marchista, fue contratado el seguro facultativo del IMSS para que tengan asegurada su atenci\u00f3n m\u00e9dica. \u201cEs lo menos que podemos hacer, es lo menos que podemos ofrecer, porque No\u00e9 quiso, quiere, queremos todos, finalmente, que a estas dos ni\u00f1as les vaya muy bien; sabemos que No\u00e9 era muy generoso con sus pap\u00e1s, y quiero que sepan que habremos de estar al pendiente de ustedes, do\u00f1a Felipa, don Pepe, para poderlos atender\u201d.<\/p>\n<p><em><\/em><em><a href=\"mailto:montanezaguilar@gmail.com\" target=\"_blank\">montanezaguilar@gmail.com<\/a><\/em><\/span><\/p>\n","protected":false},"excerpt":{"rendered":"<p><span style=\"color: #005497;\"><strong>Jos\u00e9 Luis Monta\u00f1ez Aguilar<\/strong><\/span><br \/>\n<br \/>\nEl secretario de Gobernaci\u00f3n, Miguel \u00c1ngel Osorio Chong, encabezar\u00e1 en<\/p>\n","protected":false},"author":1,"featured_media":0,"comment_status":"open","ping_status":"open","sticky":false,"template":"","format":"standard","meta":{"_monsterinsights_skip_tracking":false,"_monsterinsights_sitenote_active":false,"_monsterinsights_sitenote_note":"","_monsterinsights_sitenote_category":0,"footnotes":""},"categories":[11622],"tags":[13284,43675,43704,3676],"class_list":["post-118833","post","type-post","status-publish","format-standard","hentry","category-jose-luis-montanez-aguilar","tag-arco-norte","tag-estado-de-mexico","tag-jose-luis-montanez-aguilar","tag-miguel-angel-osorio-chong"],"_links":{"self":[{"href":"https:\/\/www.diarioimagen.net\/index.php?rest_route=\/wp\/v2\/posts\/118833","targetHints":{"allow":["GET"]}}],"collection":[{"href":"https:\/\/www.diarioimagen.net\/index.php?rest_route=\/wp\/v2\/posts"}],"about":[{"href":"https:\/\/www.diarioimagen.net\/index.php?rest_route=\/wp\/v2\/types\/post"}],"author":[{"embeddable":true,"href":"https:\/\/www.diarioimagen.net\/index.php?rest_route=\/wp\/v2\/users\/1"}],"replies":[{"embeddable":true,"href":"https:\/\/www.diarioimagen.net\/index.php?rest_route=%2Fwp%2Fv2%2Fcomments&post=118833"}],"version-history":[{"count":0,"href":"https:\/\/www.diarioimagen.net\/index.php?rest_route=\/wp\/v2\/posts\/118833\/revisions"}],"wp:attachment":[{"href":"https:\/\/www.diarioimagen.net\/index.php?rest_route=%2Fwp%2Fv2%2Fmedia&parent=118833"}],"wp:term":[{"taxonomy":"category","embeddable":true,"href":"https:\/\/www.diarioimagen.net\/index.php?rest_route=%2Fwp%2Fv2%2Fcategories&post=118833"},{"taxonomy":"post_tag","embeddable":true,"href":"https:\/\/www.diarioimagen.net\/index.php?rest_route=%2Fwp%2Fv2%2Ftags&post=118833"}],"curies":[{"name":"wp","href":"https:\/\/api.w.org\/{rel}","templated":true}]}}