{"id":118993,"date":"2013-01-29T00:05:52","date_gmt":"2013-01-29T06:05:52","guid":{"rendered":"http:\/\/www.diarioimagen.net\/?p=118993"},"modified":"2013-01-29T03:28:27","modified_gmt":"2013-01-29T09:28:27","slug":"temporada-de-caza","status":"publish","type":"post","link":"https:\/\/www.diarioimagen.net\/?p=118993","title":{"rendered":"Temporada de caza"},"content":{"rendered":"<h2>De frente y de perfil<\/h2>\n<h5>Ram\u00f3n Zurita Sahag\u00fan<\/h5>\n<p>&nbsp;<\/p>\n<p>Se inici\u00f3 ya el periodo de cacer\u00eda para quienes jugaron un importante papel en los sistemas de seguridad p\u00fablica y procuraci\u00f3n de justicia de la administraci\u00f3n pasada.<\/p>\n<p>Fue declarada oficialmente la apertura de la temporada de caza, donde tendremos que mantenernos atentos a lo que viene sucediendo en ese terreno de arenas movedizas que es la pol\u00edtica.<\/p>\n<p>Est\u00e1 claro que se buscar\u00e1 por la v\u00eda legal proceder en contra de los personajes pol\u00edticos que transgredieron la ley o que supuestamente lo hicieron, torciendo la implementaci\u00f3n de la justicia, en busca de obtener reconocimientos de todo tipo. Pasado ya el asunto de Florence Cassez, la justicia, los juzgadores y los instrumentos que la hacen posible en M\u00e9xico entraron en una etapa interesante que habr\u00e1 de seguirse para conocer si se va o no hasta el fondo de los temas.<\/p>\n<p>De inicio, la liberaci\u00f3n de Cassez ya mostr\u00f3 sus primeros resultados con la instrumentaci\u00f3n de los protocolos que deber\u00e1n seguir los elementos de seguridad p\u00fablica, incluidos marinos y Ej\u00e9rcito.<\/p>\n<p>Tambi\u00e9n lo hizo en la revisi\u00f3n que se har\u00e1 sobre algunas figuras usadas como recurso necesario para la persecuci\u00f3n de delitos o para mostrar la culpabilidad de los detenidos, como son el arraigo, testigos protegidos, la denuncia an\u00f3nima y otros recovecos, que tan en uso estuvieron en la administraci\u00f3n pasada.<\/p>\n<p>Pero ahora viene el siguiente paso que vincula al tema a otros asuntos parecidos y a los personajes que han participado en mascaradas como \u00e9sta y otras que se presentaron en tiempos recientes.<\/p>\n<p>La francesa Florence Cassez no interpondr\u00e1 ninguna demanda contra Genaro Garc\u00eda Luna o Luis C\u00e1rdenas Palomino, seg\u00fan anunci\u00f3 su abogado Agust\u00edn Acosta, pero hay que ver c\u00f3mo reaccionan otros ciudadanos involucrados en \u00e9ste y otros casos policiacos.<\/p>\n<p>Por lo pronto, Tom\u00e1s Yarrington Ruvalcaba, ex gobernador de Tamaulipas, convertido en un personaje pol\u00edtico perseguido por la justicia mexicana, durante el sexenio pasado, es uno de los que aprovech\u00f3 los nuevos aires pol\u00edticos para arremeter contra sus acusadores.<\/p>\n<p>Los abogados de Yarrington Ruvalcaba acudieron a la C\u00e1mara de Diputados a interponer una denuncia de juicio pol\u00edtico en contra de la ex procuradora general de la Rep\u00fablica, Marisela Morales.<\/p>\n<p>La denuncia se basa en presuntas violaciones a las garant\u00edas individuales, a la Constituci\u00f3n y a los derechos humanos del ex gobernador de Tamaulipas.<\/p>\n<p>Seg\u00fan el abogado Marco Tulio Ruiz, desde la PGR que encabezaba Morales se filtraron datos de car\u00e1cter confidencial que se encontraban en una averiguaci\u00f3n previa, como fueron las declaraciones de testigos protegidos, los pasos que daba el Ministerio P\u00fablico y la supuesta orden de aprehensi\u00f3n en contra del pol\u00edtico tamaulipeco.<\/p>\n<p>De acuerdo con los abogados de Yarrington (adem\u00e1s de Ruiz, est\u00e1 Elisur Arteaga Nava), desde la procuradur\u00eda se filtraron datos sobre el estado en que se encontraba la averiguaci\u00f3n previa, conducta tipificada como delito, ya que implica violaciones a la Ley de Responsabilidades de Servidores P\u00fablicos.<\/p>\n<p>Ruiz y Arteaga precisan que tambi\u00e9n se transgredieron disposiciones del C\u00f3digo Penal Federal, que sanciona la violaci\u00f3n grave y sistem\u00e1tica que se hizo con las garant\u00edas individuales del pol\u00edtico.<\/p>\n<p>Los abogados de Yarrington acudieron a la C\u00e1mara de Diputados para entregar los documentos correspondientes a su denuncia, misma que fue recibida por el secretario general de esa parte del Poder Legislativo.<\/p>\n<p align=\"center\"><b>ESTRATEGIA\u00a0<\/b><b>DE SEGURIDAD<\/b><\/p>\n<p>Como resultado de la reuni\u00f3n de gobernantes del centro del pa\u00eds con autoridades federales, se dise\u00f1\u00f3 la estrategia que en materia de seguridad se seguir\u00e1 en esas entidades. Por lo pronto, se convino en que las carreteras son un tema primordial para los estados de Quer\u00e9taro, Michoac\u00e1n, Puebla, Hidalgo, Tlaxcala, Morelos, Guerrero, M\u00e9xico y el Distrito Federal.<\/p>\n<p>De ah\u00ed que, mediante operativos coordinados por las secretar\u00edas de Marina, Defensa Nacional, Polic\u00eda Federal y los gobiernos estatales, se operar\u00e1 la estrategia para impedir que la violencia se ense\u00f1oree en esos territorios.<\/p>\n<p>Tambi\u00e9n se acord\u00f3 que los gobernadores de la zona centro se reunir\u00e1n con el secretario de Gobernaci\u00f3n, el procurador general de la Rep\u00fablica y los secretarios de Marina y Defensa Nacional, una vez por mes, para evaluar la situaci\u00f3n, mientras que los gobernadores lo har\u00e1n tambi\u00e9n cada 15 d\u00edas con un representante del gobierno federal.<\/p>\n<p>La reuni\u00f3n de gobernadores del centro del pa\u00eds con autoridades federales se celebr\u00f3 en el Estado de M\u00e9xico, con el gobernador Eruviel \u00c1vila Villegas como anfitri\u00f3n. Siendo esa entidad una de las m\u00e1s castigadas en fechas recientes por hechos violentos fue necesario que el mandatario estatal respondiera sobre dicha violencia, aclarando a la ciudadan\u00eda que son hechos eventuales y que su gobierno evitar\u00e1 sea un punto donde la delincuencia organizada se dispute la plaza. No lo vamos a permitir, dijo el gobernador mexiquense. La reuni\u00f3n se celebr\u00f3 a puerta cerrada, aunque el secretario de Gobernaci\u00f3n dio los pormenores de la misma. Miguel \u00c1ngel Osorio Chong, secretario de Gobernaci\u00f3n, encabez\u00f3 la reuni\u00f3n, en la que tambi\u00e9n participaron el procurador general de la Rep\u00fablica, Jes\u00fas Murillo Karam, los secretarios Vidal Sober\u00f3n, Marina y Salvador Cienfuegos, Defensa Nacional.<\/p>\n<p>Osorio explic\u00f3 que de acuerdo con lo convenido, el pa\u00eds estar\u00e1 divido en cinco regiones y que en esta reuni\u00f3n se trataron los temas del crimen organizado y otros il\u00edcitos que preocupan a las entidades como son el robo a casa-habitaci\u00f3n, los asaltos y el secuestro.<\/p>\n<p>Los gobernadores participantes fueron: Jos\u00e9 Calzada Rovirosa, Quer\u00e9taro; Mariano Gonz\u00e1lez Zarur, Tlaxcala; Francisco Olvera Ruiz, Hidalgo, Graco Ram\u00edrez Garrido, Morelos; \u00c1ngel Aguirre Rivero, Guerrero; Fausto Vallejo Figueroa, Michoac\u00e1n; Rafael Moreno Valle, Puebla y Miguel \u00c1ngel Mancera, Distrito Federal, adem\u00e1s del anfitri\u00f3n Eruviel \u00c1vila Villegas, Estado de M\u00e9xico.<\/p>\n<p><em><a href=\"mailto:ramonzurita44@hotmail.com\" target=\"_blank\"><em>ramonzurita44@hotmail.com<br \/>\n<\/em><\/a><\/em><em><a href=\"mailto:zurita_sahagun@hotmail.com\" target=\"_blank\">zurita_sahagun@hotmail.com<\/a><\/em><\/p>\n","protected":false},"excerpt":{"rendered":"<p><span style=\"color: #005497;\"><strong>Ram\u00f3n Zurita Sahag\u00fan<\/strong><\/span><\/p>\n","protected":false},"author":1,"featured_media":0,"comment_status":"open","ping_status":"open","sticky":false,"template":"","format":"standard","meta":{"_monsterinsights_skip_tracking":false,"_monsterinsights_sitenote_active":false,"_monsterinsights_sitenote_note":"","_monsterinsights_sitenote_category":0,"footnotes":""},"categories":[234],"tags":[304,43674,43687,43677],"class_list":["post-118993","post","type-post","status-publish","format-standard","hentry","category-ramon-zurita-sahagun","tag-de-frente-y-de-perfil","tag-opinion","tag-ramon-zurita-sahagun","tag-seguridad"],"_links":{"self":[{"href":"https:\/\/www.diarioimagen.net\/index.php?rest_route=\/wp\/v2\/posts\/118993","targetHints":{"allow":["GET"]}}],"collection":[{"href":"https:\/\/www.diarioimagen.net\/index.php?rest_route=\/wp\/v2\/posts"}],"about":[{"href":"https:\/\/www.diarioimagen.net\/index.php?rest_route=\/wp\/v2\/types\/post"}],"author":[{"embeddable":true,"href":"https:\/\/www.diarioimagen.net\/index.php?rest_route=\/wp\/v2\/users\/1"}],"replies":[{"embeddable":true,"href":"https:\/\/www.diarioimagen.net\/index.php?rest_route=%2Fwp%2Fv2%2Fcomments&post=118993"}],"version-history":[{"count":0,"href":"https:\/\/www.diarioimagen.net\/index.php?rest_route=\/wp\/v2\/posts\/118993\/revisions"}],"wp:attachment":[{"href":"https:\/\/www.diarioimagen.net\/index.php?rest_route=%2Fwp%2Fv2%2Fmedia&parent=118993"}],"wp:term":[{"taxonomy":"category","embeddable":true,"href":"https:\/\/www.diarioimagen.net\/index.php?rest_route=%2Fwp%2Fv2%2Fcategories&post=118993"},{"taxonomy":"post_tag","embeddable":true,"href":"https:\/\/www.diarioimagen.net\/index.php?rest_route=%2Fwp%2Fv2%2Ftags&post=118993"}],"curies":[{"name":"wp","href":"https:\/\/api.w.org\/{rel}","templated":true}]}}