{"id":119561,"date":"2013-02-01T00:03:21","date_gmt":"2013-02-01T06:03:21","guid":{"rendered":"http:\/\/www.diarioimagen.net\/?p=119561"},"modified":"2013-02-01T04:07:53","modified_gmt":"2013-02-01T10:07:53","slug":"todo-esta-listo-para-la-serie-del-caribe","status":"publish","type":"post","link":"https:\/\/www.diarioimagen.net\/?p=119561","title":{"rendered":"Todo est\u00e1 listo para la Serie del Caribe"},"content":{"rendered":"<ul>\n<li><em><strong>Comienza hoy en Hermosillo, Sonora<\/strong><\/em><\/li>\n<\/ul>\n<div id=\"attachment_119653\" style=\"width: 250px\" class=\"wp-caption alignleft\"><a href=\"http:\/\/www.diarioimagen.net\/wp-content\/uploads\/2013\/02\/serie-2027.jpg\"><img loading=\"lazy\" decoding=\"async\" aria-describedby=\"caption-attachment-119653\" class=\"size-medium wp-image-119653\" alt=\"Todo se encuentra listo para la Serie del Caribe que disputar\u00e1n los Yaquis de Ciudad Obreg\u00f3n a los Criollos de Caguas.\" src=\"http:\/\/www.diarioimagen.net\/wp-content\/uploads\/2013\/02\/serie-2027-240x135.jpg\" width=\"240\" height=\"135\" \/><\/a><p id=\"caption-attachment-119653\" class=\"wp-caption-text\">Todo se encuentra listo para la Serie del Caribe que disputar\u00e1n los Yaquis de Ciudad Obreg\u00f3n a los Criollos de Caguas.<\/p><\/div>\n<p><strong>Hermosillo, Sonora.-<\/strong> Dirigidos por el dominicano Eddy D\u00edaz, los Yaquis de Ciudad Obreg\u00f3n llegan a la Serie del Caribe con una aureola de optimismo luego de conquistar su tercer t\u00edtulo consecutivo en la Liga Mexicana del Pac\u00edfico y tratar\u00e1n de imponer condiciones como locales en Hermosillo.<\/p>\n<p>Luis Alonso Mendoza por los Yaquis de Obreg\u00f3n mexicanos, y Michael Nix por los Criollos de Caguas puertorrique\u00f1os, tendr\u00e1n un duelo de lanzadores derechos en el juego estelar de la jornada inicial del torneo.<\/p>\n<p>Luis Alonso Mendoza, ganador de ocho partidos para los Reales de Kansas City en la pasada temporada de Grandes Ligas, tratar\u00e1 de detener a la fuerte ofensiva de los Criollos que llegaron a Hermosillo\u00a0 con la meta de acabar con una racha de 12 a\u00f1os sin ganar un cetro.<\/p>\n<p>Este viernes, el duelo ser\u00e1 llamativo porque se trata de dos cuadros con plantillas balanceadas que har\u00e1n todo\u00a0 lo posible por comenzar con paso ganador en un torneo que a partir de este a\u00f1o se decidir\u00e1 con un juego de final entre los dos mejores.<\/p>\n","protected":false},"excerpt":{"rendered":"<p>Hermosillo, Sonora.- Dirigidos por el dominicano Eddy D\u00edaz, los Yaquis de Ciudad Obreg\u00f3n llegan a la Serie del Caribe con una aureola de optimismo luego de conquistar su tercer t\u00edtulo consecutivo en la Liga Mexicana del Pac\u00edfico y tratar\u00e1n de imponer condiciones como locales en Hermosillo.<\/p>\n","protected":false},"author":1,"featured_media":0,"comment_status":"open","ping_status":"open","sticky":false,"template":"","format":"standard","meta":{"_monsterinsights_skip_tracking":false,"_monsterinsights_sitenote_active":false,"_monsterinsights_sitenote_note":"","_monsterinsights_sitenote_category":0,"footnotes":""},"categories":[10],"tags":[43680,4515,49],"class_list":["post-119561","post","type-post","status-publish","format-standard","hentry","category-deportes","tag-deportes","tag-hermosillo","tag-sonora"],"_links":{"self":[{"href":"https:\/\/www.diarioimagen.net\/index.php?rest_route=\/wp\/v2\/posts\/119561","targetHints":{"allow":["GET"]}}],"collection":[{"href":"https:\/\/www.diarioimagen.net\/index.php?rest_route=\/wp\/v2\/posts"}],"about":[{"href":"https:\/\/www.diarioimagen.net\/index.php?rest_route=\/wp\/v2\/types\/post"}],"author":[{"embeddable":true,"href":"https:\/\/www.diarioimagen.net\/index.php?rest_route=\/wp\/v2\/users\/1"}],"replies":[{"embeddable":true,"href":"https:\/\/www.diarioimagen.net\/index.php?rest_route=%2Fwp%2Fv2%2Fcomments&post=119561"}],"version-history":[{"count":0,"href":"https:\/\/www.diarioimagen.net\/index.php?rest_route=\/wp\/v2\/posts\/119561\/revisions"}],"wp:attachment":[{"href":"https:\/\/www.diarioimagen.net\/index.php?rest_route=%2Fwp%2Fv2%2Fmedia&parent=119561"}],"wp:term":[{"taxonomy":"category","embeddable":true,"href":"https:\/\/www.diarioimagen.net\/index.php?rest_route=%2Fwp%2Fv2%2Fcategories&post=119561"},{"taxonomy":"post_tag","embeddable":true,"href":"https:\/\/www.diarioimagen.net\/index.php?rest_route=%2Fwp%2Fv2%2Ftags&post=119561"}],"curies":[{"name":"wp","href":"https:\/\/api.w.org\/{rel}","templated":true}]}}