{"id":119564,"date":"2013-02-01T00:00:49","date_gmt":"2013-02-01T06:00:49","guid":{"rendered":"http:\/\/www.diarioimagen.net\/?p=119564"},"modified":"2013-02-01T03:54:03","modified_gmt":"2013-02-01T09:54:03","slug":"mantener-la-lucha-contra-la-lepra-pide-secretaria-de-salud","status":"publish","type":"post","link":"https:\/\/www.diarioimagen.net\/?p=119564","title":{"rendered":"Mantener la lucha contra la lepra, pide Secretar\u00eda de Salud"},"content":{"rendered":"<ul>\n<li><em><strong>Armando Ahued Ortega afirma que a escala nacional se reportan alrededor de 1,470 casos de esta enfermedad<\/strong><\/em><\/li>\n<\/ul>\n<div id=\"attachment_119633\" style=\"width: 250px\" class=\"wp-caption alignleft\"><a href=\"http:\/\/www.diarioimagen.net\/wp-content\/uploads\/2013\/02\/SALUD-2027.jpg\"><img loading=\"lazy\" decoding=\"async\" aria-describedby=\"caption-attachment-119633\" class=\"size-medium wp-image-119633\" alt=\"El doctor Armando Ahued, secretario de Salud del Distrito Federal, encabez\u00f3 las actividades del D\u00eda Mundial de la Lucha Contra la Lepra.\" src=\"http:\/\/www.diarioimagen.net\/wp-content\/uploads\/2013\/02\/SALUD-2027-240x162.jpg\" width=\"240\" height=\"162\" \/><\/a><p id=\"caption-attachment-119633\" class=\"wp-caption-text\">El doctor Armando Ahued, secretario de Salud del Distrito Federal, encabez\u00f3 las actividades del D\u00eda Mundial de la Lucha Contra la Lepra.<\/p><\/div>\n<p>En el marco de la conmemoraci\u00f3n del D\u00eda Mundial de la Lucha contra la Lepra, el secretario de Salud del Distrito Federal, Armando Ahued Ortega se reuni\u00f3 con autoridades del Centro Nacional de Programas Preventivos y Control de Enfermedades (CENAPRECE); de la Organizaci\u00f3n Panamericana de la Salud y la Organizaci\u00f3n Mundial de la Salud en M\u00e9xico (OPS\/OMS) y de la Escuela Nacional de Ciencias Biol\u00f3gicas del Instituto Polit\u00e9cnico Nacional (IPN).<\/p>\n<p>En el Centro Dermatol\u00f3gico de la Ciudad de M\u00e9xico, \u201cDr. Ladislao la Pascua\u201d, sede del encuentro, el secretario de Salud capitalino, Armando Ahued inform\u00f3 que de 2006 a 2012 se reportan mil 470 casos de lepra a nivel nacional.<\/p>\n<p>Ahued Ortega, hizo un exhorto a la comunidad cient\u00edfica y a la poblaci\u00f3n en general, a mantener la lucha contra la lepra hasta su total control en M\u00e9xico.<\/p>\n<p>Destac\u00f3 la importante y trascendente labor que realiza el Centro Dermatol\u00f3gico Pascua, en la lucha contra la lepra, a trav\u00e9s del Centro de Referencia para la interpretaci\u00f3n de los estudios histopatol\u00f3gicos de estos casos con duda diagnostica o monitoreo de tratamiento, as\u00ed como de baciloscopias, de personas provenientes de los estados de Chiapas, Guerrero, Morelos, Oaxaca, Tamaulipas y Quintana Roo.<\/p>\n<p>Por su parte, el doctor Mart\u00edn Castellanos Joya, director del Programa Nacional de Prevenci\u00f3n y Control de la Lepra, se\u00f1al\u00f3 la situaci\u00f3n y los desaf\u00edos actuales para lograr la eliminaci\u00f3n de esta enfermedad y destac\u00f3 que a\u00fan existen 24 municipios en 11 estados de la Rep\u00fablica mexicana con tasas mayores a 1 caso de lepra por cada 10 mil habitantes y \u00a0que al cierre del a\u00f1o pasado, 28 de las 32 entidades del pa\u00eds registraron alg\u00fan caso de lepra, en los cuales el 60 por ciento prevalecen en los estados de Sinaloa, Michoac\u00e1n, Nuevo Le\u00f3n, Guerrero y Nayarit.<\/p>\n<p>En los \u00faltimos cinco a\u00f1os no se han registrado casos de lepra en los estados de Tabasco, Puebla y Tlaxcala, afirm\u00f3.<\/p>\n<p>En su turno, la doctora Tamara Mancera Bucheli, asesora de investigaci\u00f3n en la OP\/OMS inform\u00f3 que el panorama mundial de la lepra arroja que el 83 por ciento de la enfermedad predomina en tres pa\u00edses: Indonesia, India y Brasil.<\/p>\n<p>El doctor Miguel \u00c1ngel Lezana Fern\u00e1ndez, director del CENAPRECE afirm\u00f3 que la lepra es una enfermedad poco contagiosa y totalmente curable, sin embrago, a\u00fan no se puede hablar de la erradicaci\u00f3n de la enfermedad en el pa\u00eds.<\/p>\n<p>El ser humano es el \u00fanico reservorio de <i>Mycobacterium leprae<\/i>, el modo de trasmisi\u00f3n es v\u00eda a\u00e9rea, mediante microgotas de secreci\u00f3n que al hablar, toser o estornudar. Algunas manifestaciones de la lepra son lesiones dermatol\u00f3gicas \u00fanicas o m\u00faltiple como manchas hipopigmentada, rojiza o cobrizas, n\u00f3dulos, placas infiltradas o infiltraci\u00f3n difusa.<\/p>\n","protected":false},"excerpt":{"rendered":"<p>En el marco de la conmemoraci\u00f3n del D\u00eda Mundial de la Lucha contra la Lepra, el secretario de Salud del Distrito Federal, Armando Ahued Ortega se reuni\u00f3 con autoridades del Centro Nacional de Programas Preventivos y Control de Enfermedades (CENAPRECE); de la Organizaci\u00f3n Panamericana de la Salud y la Organizaci\u00f3n Mundial de la Salud en M\u00e9xico (OPS\/OMS) y de la Escuela Nacional de Ciencias Biol\u00f3gicas del Instituto Polit\u00e9cnico Nacional (IPN).<\/p>\n","protected":false},"author":1,"featured_media":0,"comment_status":"open","ping_status":"open","sticky":false,"template":"","format":"standard","meta":{"_monsterinsights_skip_tracking":false,"_monsterinsights_sitenote_active":false,"_monsterinsights_sitenote_note":"","_monsterinsights_sitenote_category":0,"footnotes":""},"categories":[877],"tags":[43692,432],"class_list":["post-119564","post","type-post","status-publish","format-standard","hentry","category-salud","tag-salud","tag-secretaria-de-salud"],"_links":{"self":[{"href":"https:\/\/www.diarioimagen.net\/index.php?rest_route=\/wp\/v2\/posts\/119564","targetHints":{"allow":["GET"]}}],"collection":[{"href":"https:\/\/www.diarioimagen.net\/index.php?rest_route=\/wp\/v2\/posts"}],"about":[{"href":"https:\/\/www.diarioimagen.net\/index.php?rest_route=\/wp\/v2\/types\/post"}],"author":[{"embeddable":true,"href":"https:\/\/www.diarioimagen.net\/index.php?rest_route=\/wp\/v2\/users\/1"}],"replies":[{"embeddable":true,"href":"https:\/\/www.diarioimagen.net\/index.php?rest_route=%2Fwp%2Fv2%2Fcomments&post=119564"}],"version-history":[{"count":0,"href":"https:\/\/www.diarioimagen.net\/index.php?rest_route=\/wp\/v2\/posts\/119564\/revisions"}],"wp:attachment":[{"href":"https:\/\/www.diarioimagen.net\/index.php?rest_route=%2Fwp%2Fv2%2Fmedia&parent=119564"}],"wp:term":[{"taxonomy":"category","embeddable":true,"href":"https:\/\/www.diarioimagen.net\/index.php?rest_route=%2Fwp%2Fv2%2Fcategories&post=119564"},{"taxonomy":"post_tag","embeddable":true,"href":"https:\/\/www.diarioimagen.net\/index.php?rest_route=%2Fwp%2Fv2%2Ftags&post=119564"}],"curies":[{"name":"wp","href":"https:\/\/api.w.org\/{rel}","templated":true}]}}