{"id":119567,"date":"2013-02-01T00:01:39","date_gmt":"2013-02-01T06:01:39","guid":{"rendered":"http:\/\/www.diarioimagen.net\/?p=119567"},"modified":"2013-02-01T04:10:01","modified_gmt":"2013-02-01T10:10:01","slug":"la-fiesta-de-san-blas-se-celebra-el-proximo-domingo-3-de-febrero-en-nayarit","status":"publish","type":"post","link":"https:\/\/www.diarioimagen.net\/?p=119567","title":{"rendered":"La fiesta de San Blas se celebra el pr\u00f3ximo domingo 3 de febrero, en Nayarit"},"content":{"rendered":"<h2>De cinco estrellas<\/h2>\n<h5>Victoria Gonz\u00e1lez Prado<\/h5>\n<p>&nbsp;<\/p>\n<ul>\n<li><em><strong>Directivos de 37 hoteles Misi\u00f3n se reunieron en Cuernavaca, en la Convenci\u00f3n Anual<\/strong><\/em><\/li>\n<li><em><strong>Alcoy, Valencia y la fiesta de Moros y Cristianos, del 22 al 24 de abril<\/strong><\/em><\/li>\n<li><em><strong>En Guangzhow, China, abre el primer hotel de ciudad de Mandarin Oriental<\/strong><\/em><em><strong>\u00a0<\/strong><\/em><\/li>\n<\/ul>\n<div id=\"attachment_119657\" style=\"width: 250px\" class=\"wp-caption alignleft\"><a href=\"http:\/\/www.diarioimagen.net\/wp-content\/uploads\/2013\/02\/turismo-2027.jpg\"><img loading=\"lazy\" decoding=\"async\" aria-describedby=\"caption-attachment-119657\" class=\"size-medium wp-image-119657\" alt=\"San Blas, en Nayarit, estar\u00e1 de fiesta.\" src=\"http:\/\/www.diarioimagen.net\/wp-content\/uploads\/2013\/02\/turismo-2027-240x135.jpg\" width=\"240\" height=\"135\" \/><\/a><p id=\"caption-attachment-119657\" class=\"wp-caption-text\">San Blas, en Nayarit, estar\u00e1 de fiesta.<\/p><\/div>\n<p>Cada 3 de febrero, sin faltar un solo a\u00f1o desde hace decenios, en San <b>Blas <\/b>se festeja al santo patr\u00f3n con una tradici\u00f3n que le quita el aliento a cualquiera por la alegr\u00eda que reviste, el fervor de los habitantes, el colorido de la celebraci\u00f3n, pero sobre todo por la originalidad que le han impreso los pobladores. Las actividades inician de madrugada, con la entonaci\u00f3n de \u201cLas ma\u00f1anitas\u201d y misa de gallo.\u00a0 Desde ese momento comienzan las danzas de los concheros, con sus t\u00edpicos trajes inspirados en las culturas prehisp\u00e1nicas y no cesan sino hasta las tres de la tarde, cuando la imagen de San Blas<b> <\/b>asoma en el atrio. El protector de los cazadores sale as\u00ed de la cueva, haciendo una analog\u00eda con la vida del verdadero santo, quien se ocult\u00f3 en las monta\u00f1as para desde ah\u00ed dirigir, animar y brindar socorro a los cristianos durante la persecuci\u00f3n de Diocleciano. Cuando San Blas<b> <\/b>sale de la iglesia bendice el agua del mar, para que los nayaritas tengan buena pesca, para que sus embarcaciones enfrenten aguas mansas, para que la prosperidad llegue al puerto fortificado. Primero, una procesi\u00f3n pedestre lo lleva desde la iglesia hasta los muelles entre c\u00e1nticos y rezos. En el embarcadero lo esperan las embarcaciones, adornadas especialmente con flores. Uno de los barcos camaroneros encabeza la flota, con m\u00e1s de 50 embarcaciones, desde los enormes pesqueros hasta las barcazas m\u00e1s humildes, todas se ofrecen a los peregrinos sin costo alguno para continuar el recorrido ahora por mar. En medio del oc\u00e9ano, los rezos contin\u00faan, mientras los sacerdotes lanzan las bendiciones a un mar que ha colmado a esa poblaci\u00f3n de riquezas naturales. La devoci\u00f3n contin\u00faa con una tradicional misa en la playa y la procesi\u00f3n de regreso a la iglesia. Con el santo en casa el j\u00fabilo comienza. Los fuegos artificiales llenan de color el cielo y los tronidos del castillo m\u00e1s espectacular de la regi\u00f3n se prolongan por m\u00e1s de una hora. Es una celebraci\u00f3n que invita a cantar y gritar hasta que se agota la garganta, por eso es que viene bien encomendarse, desde antes, a la especialidad del santo. \u201cPor intercesi\u00f3n de San Blas, te libre Dios de los males de garganta\u201d, es el rezo tradicional al santo patrono del hist\u00f3rico puerto nayarita y viene bien encomendarse as\u00ed cuando se acercan sus festividades. Y como la fiesta est\u00e1 pr\u00f3xima a iniciar habr\u00e1 que encomendarse a San Blas. Si programas tu visita, vale la pena considerar tomarse unos d\u00edas previos para vivir tambi\u00e9n los festejos en honor al cura <b>Jos\u00e9 Mar\u00eda Mercado<\/b>, uno de los m\u00e1s aguerridos independentistas, cuyo mayor logro es haber tomado a favor de los libertadores, sin hacer un solo disparo, las plazas nayaritas de Tepic y San Blas. Durante este festejo, las bandas de guerra de las instituciones educativas de la regi\u00f3n compiten en un desfile que los lleva desde el centro de la ciudad hasta la Contadur\u00eda, un casco fortificado desde donde se administraba todo el comercio del puerto en la \u00e9poca de la Colonia. Cabe destacar que San Blas fue considerado durante siglos como el protector de los cazadores, las coloridas fiestas que ahora se celebran en su nombre e invitan al j\u00fabilo y a los tradicionales guacos, peque\u00f1os gritos con los que los lugare\u00f1os expresan su alegr\u00eda.<\/p>\n<p>\u2730\u2730\u2730\u2730\u2730\u00a0\u00a0Directivos y personal de \u00e1reas estrat\u00e9gicas de Hoteles Misi\u00f3n se reunieron en Cuernavaca durante una semana para celebrar su junta anual. As\u00ed, del 21 al 24 de enero, realizaron la Convenci\u00f3n Anual 2013, donde se dieron directivos de la cadena y los responsables de las 37 propiedades que conforman el grupo hotelero. La reuni\u00f3n tuvo como prop\u00f3sito presentar los resultados obtenidos a lo largo del 2012 y plantear las nuevas estrategias a trabajar en 2013, as\u00ed como ofrecer talleres de especializaci\u00f3n en diversas \u00e1reas a las estructuras de las propiedades. La convenci\u00f3n concluy\u00f3 con una cena de clausura a pie de la alberca y sus \u00e1reas verdes, amenizada por el cantante <b>Pepe C\u00e1rdenas<\/b> y su mariachi, quien interpret\u00f3 al maestro <b>Armando Manzanero<\/b>.\u00a0 En el cierre del evento, <b>Roberto Zapata<\/b>, director general de Grupo Misi\u00f3n, alent\u00f3 a los participantes a mejorar los resultados, hacer uso de las buenas pr\u00e1cticas que los han mantenido en el medio como una cadena reconocida y 100% mexicana y a realizar el proceso de mejora continua bajo los pilares de operaci\u00f3n y acci\u00f3n que ha llevado la empresa.<\/p>\n<p>\u2730\u2730\u2730\u2730\u2730\u00a0\u00a0Las fiestas de Moros y Cristianos son las m\u00e1s importantes de Alcoy, en Valencia, Espa\u00f1a. Est\u00e1n dedicadas a San Jorge y a su alrededor existe una gran tradici\u00f3n. Se celebran desde el siglo XVI y recuerdan una batalla ocurrida en 1276. En aquella \u00e9poca, la ciudad se encontraba en la zona fronteriza con el territorio dominado por los musulmanes en la pen\u00ednsula. Las escaramuzas eran frecuentes y el 23 de abril de ese a\u00f1o, las tropas \u00e1rabes de <i>Al-Azraq<\/i> intentaron asaltar la villa. Cuenta la leyenda que, en el transcurso del enfrentamiento, apareci\u00f3 San Jorge y gracias a su intervenci\u00f3n, el ej\u00e9rcito cristiano gan\u00f3 la batalla, provocando la retirada definitiva de los musulmanes. Como reconocimiento, los habitantes de Alcoy le nombraron patr\u00f3n de la localidad y prometieron celebrar una fiesta en su honor cada 23 de abril. De este modo, todos los a\u00f1os, la ciudad se engalana como si fuera la Edad Media para vivir su fiesta mayor. Los actos que conmemoran los hechos hist\u00f3ricos se suelen celebrar tradicionalmente los d\u00edas 22, 23 y 24 de abril. El primer d\u00eda se produce el espectacular desfile de los bandos moro y cristiano: los miembros de las distintas agrupaciones que componen cada uno de los ej\u00e9rcitos recorren las calles de Alcoy con porte majestuoso y vestidos con atuendos de lujo. Alrededor de 5 mil personas participan en este acto multitudinario. El segundo d\u00eda se celebran los diferentes actos en honor a San Jorge. Y el tercero, se realiza la gran batalla en el castillo instalado en la plaza de Espa\u00f1a, que simboliza la ciudad. Hasta all\u00ed se acercan las tropas musulmanas para intentar que los cristianos se rindan, pero la oferta es rechazada y comienza una lucha que acaba con la ocupaci\u00f3n de la fortaleza por parte de los \u00e1rabes. Por la tarde, el ej\u00e9rcito cristiano vuelve a reconquistar el castillo y, tras negociar sin \u00e9xito la rendici\u00f3n de los ocupantes, empieza el combate final, en el que los moros son derrotados. Por la noche, la aparici\u00f3n de San Jorge pone fin a estos tres d\u00edas de fiestas hasta el a\u00f1o siguiente. El patr\u00f3n de la ciudad surge en lo alto del castillo, montado a caballo y lanzando flechas que, si lo desea, puede llevarse como recuerdo.<\/p>\n<p>\u2730\u2730\u2730\u2730\u2730\u00a0\u00a0Atractivos paquetes que incluyen una noche gratis o cr\u00e9dito para el Spa y restaurantes es lo que ofrece<b> <\/b><i>Mandarin Oriental Guangzhow, <\/i>en China, para dar la bienvenida a los hu\u00e9spedes. El grupo hotelero anuncia as\u00ed la apertura del\u00a0 primer hotel de ciudad en China, y para celebrar su inauguraci\u00f3n ofrece dos tentadores paquetes del 24 de enero al 13 de abril del 2013.<b> <\/b>El paquete segunda noche gratis<b> <\/b>incluye: Dos noches de hospedaje en habitaci\u00f3n de lujo o suite (la segunda noche es gratis), Internet en cortes\u00eda en la habitaci\u00f3n, transportaci\u00f3n gratis a la estaci\u00f3n de trenes del Este para hu\u00e9spedes en habitaci\u00f3n de lujo o transportaci\u00f3n gratis al aeropuerto para hu\u00e9spedes en suites. Dos horas de servicio de <i>concierge<\/i> de compras para los hu\u00e9spedes de suites en Taikoo Hui, uno de los sitios de compras m\u00e1s refinados de la zona. El<b> <\/b>paquete Descubra <i>Mandarin Oriental<\/i> incluye:<b> <\/b>Una noche de alojamiento en habitaci\u00f3n de lujo o suite, internet en cortes\u00eda en la habitaci\u00f3n, cr\u00e9dito de 888 yuanes chinos por habitaci\u00f3n de lujo o de mil 888 yuanes chinos por suite para usar en el Spa o en los restaurantes del hotel. Transportaci\u00f3n gratis a la estaci\u00f3n de trenes del Este para hu\u00e9spedes en habitaci\u00f3n de lujo o transportaci\u00f3n gratis al aeropuerto para hu\u00e9spedes de suites. Dos horas de servicio de <i>concierge<\/i> de compras para los hu\u00e9spedes de suites en Taikoo Hui. Los paquetes de inauguraci\u00f3n son v\u00e1lidos del 24 de enero al 13 de abril del 2013. Las tarifas inician en 2 mil 100 yuanes chinos. El paquete\u00a0 Descubra <i>Mandarin Oriental<\/i> requiere de una estancia m\u00ednima de dos noches consecutivas. Las tarifas est\u00e1n sujetas a un cargo del 15% por servicio. El cr\u00e9dito ofrecido no se puede usar para comprar productos del Spa y se recomienda reservar con tiempo suficiente. Esta oferta est\u00e1 sujeta a disponibilidad y se requieren reservaciones por anticipado, las cuales se pueden hacer a trav\u00e9s del servicio de reservaciones en l\u00ednea\u00a0 <i><a href=\"http:\/\/www.mandarinoriental.com\/\">www.mandarinoriental.com<\/a><\/i><\/p>\n<p style=\"text-align: left;\" align=\"right\"><i><\/i><i><em><a href=\"mailto:victoriagprado@gmail.com\" target=\"_blank\">victoriagprado@gmail.com<\/a><\/em><\/i><\/p>\n<p style=\"text-align: left;\" align=\"right\">\n","protected":false},"excerpt":{"rendered":"<p>Cada 3 de febrero, sin faltar un solo a\u00f1o desde hace decenios, en San Blas se festeja al santo patr\u00f3n con una tradici\u00f3n que le quita el aliento a cualquiera por la alegr\u00eda que reviste, el fervor de los habitantes, el colorido de la celebraci\u00f3n, pero sobre todo por la originalidad que le han impreso los pobladores. <\/p>\n","protected":false},"author":1,"featured_media":0,"comment_status":"open","ping_status":"open","sticky":false,"template":"","format":"standard","meta":{"_monsterinsights_skip_tracking":false,"_monsterinsights_sitenote_active":false,"_monsterinsights_sitenote_note":"","_monsterinsights_sitenote_category":0,"footnotes":""},"categories":[11],"tags":[107,2663,26006,43681,106],"class_list":["post-119567","post","type-post","status-publish","format-standard","hentry","category-turismo","tag-de-cinco-estrellas","tag-nayarit","tag-san-blas","tag-turismo","tag-victoria-gonzalez-prado"],"_links":{"self":[{"href":"https:\/\/www.diarioimagen.net\/index.php?rest_route=\/wp\/v2\/posts\/119567","targetHints":{"allow":["GET"]}}],"collection":[{"href":"https:\/\/www.diarioimagen.net\/index.php?rest_route=\/wp\/v2\/posts"}],"about":[{"href":"https:\/\/www.diarioimagen.net\/index.php?rest_route=\/wp\/v2\/types\/post"}],"author":[{"embeddable":true,"href":"https:\/\/www.diarioimagen.net\/index.php?rest_route=\/wp\/v2\/users\/1"}],"replies":[{"embeddable":true,"href":"https:\/\/www.diarioimagen.net\/index.php?rest_route=%2Fwp%2Fv2%2Fcomments&post=119567"}],"version-history":[{"count":0,"href":"https:\/\/www.diarioimagen.net\/index.php?rest_route=\/wp\/v2\/posts\/119567\/revisions"}],"wp:attachment":[{"href":"https:\/\/www.diarioimagen.net\/index.php?rest_route=%2Fwp%2Fv2%2Fmedia&parent=119567"}],"wp:term":[{"taxonomy":"category","embeddable":true,"href":"https:\/\/www.diarioimagen.net\/index.php?rest_route=%2Fwp%2Fv2%2Fcategories&post=119567"},{"taxonomy":"post_tag","embeddable":true,"href":"https:\/\/www.diarioimagen.net\/index.php?rest_route=%2Fwp%2Fv2%2Ftags&post=119567"}],"curies":[{"name":"wp","href":"https:\/\/api.w.org\/{rel}","templated":true}]}}