{"id":119745,"date":"2013-02-04T00:07:57","date_gmt":"2013-02-04T06:07:57","guid":{"rendered":"http:\/\/www.diarioimagen.net\/?p=119745"},"modified":"2013-02-04T03:17:55","modified_gmt":"2013-02-04T09:17:55","slug":"valenzuela-al-salon-de-la-fama-de-la-serie-del-caribe","status":"publish","type":"post","link":"https:\/\/www.diarioimagen.net\/?p=119745","title":{"rendered":"Valenzuela, al Sal\u00f3n de la Fama de la Serie del Caribe"},"content":{"rendered":"<ul>\n<li><em><strong>La ceremonia se realiz\u00f3 ayer<\/strong><\/em><\/li>\n<\/ul>\n<div id=\"attachment_119815\" style=\"width: 250px\" class=\"wp-caption alignleft\"><a href=\"http:\/\/www.diarioimagen.net\/wp-content\/uploads\/2013\/02\/valenzuela-2028.jpg\"><img loading=\"lazy\" decoding=\"async\" aria-describedby=\"caption-attachment-119815\" class=\"size-medium wp-image-119815\" alt=\"Fernando \u201cEl Toro\u201d Valenzuela ingres\u00f3 ayer al \u201cSal\u00f3n de la Fama de la Serie.\" src=\"http:\/\/www.diarioimagen.net\/wp-content\/uploads\/2013\/02\/valenzuela-2028-240x166.jpg\" width=\"240\" height=\"166\" \/><\/a><p id=\"caption-attachment-119815\" class=\"wp-caption-text\">Fernando \u201cEl Toro\u201d Valenzuela ingres\u00f3 ayer al \u201cSal\u00f3n de la Fama de la Serie.<\/p><\/div>\n<p><strong>Hermosillo, Sonora.-<\/strong> El destacado lanzador mexicano Fernando Valenzuela ingres\u00f3 ayer al Sal\u00f3n de la Fama de la Serie del Caribe junto con los peloteros Ever Magallanes, Francisco Estrada y Alfonso Jim\u00e9nez, as\u00ed como los directivos Arturo Le\u00f3n Lerma y el fallecido Renato Vega Alvarado.<\/p>\n<p>Valenzuela, quien estuvo acompa\u00f1ado por personalidades de los Dodgers de Los \u00c1ngeles as\u00ed como el cronista Jaime Jarr\u00edn, miembro del Sal\u00f3n de la Fama de Cooperstown, agradeci\u00f3 la distinci\u00f3n y record\u00f3 sus inicios en el beisbol profesional.<\/p>\n<p>\u201cQuiero agradecer a los Dodgers por acompa\u00f1arme en este momento, a mis equipos en M\u00e9xico que fueron los Mayos de Navojoa y los \u00c1guilas de Mexicali. Para m\u00ed el b\u00e9isbol ha sido todo en la vida; me siento muy emocionado por este gran honor del que soy objeto\u201d, coment\u00f3 Valenzuela.<\/p>\n<p>El pitcher jug\u00f3 en la Serie del Caribe de 1982 despu\u00e9s de ganar el premio Cy Young y Novato del A\u00f1o de las Grandes Ligas y fue elegido en el equipo ideal del certamen caribe\u00f1o. En su primera apertura, frente a los Leones de Ponce de Puerto Rico, retir\u00f3 17 bateadores en l\u00ednea antes de regalar una base por bolas y llev\u00f3 un juego sin hit ni carrera hasta la octava entrada en la hist\u00f3rica paliza de 14-0 que M\u00e9xico le propin\u00f3 a Puerto Rico.<\/p>\n<p>&nbsp;<\/p>\n","protected":false},"excerpt":{"rendered":"<p>Hermosillo, Sonora.- El destacado lanzador mexicano Fernando Valenzuela ingres\u00f3 ayer al Sal\u00f3n de la Fama de la Serie del Caribe junto con los peloteros Ever Magallanes, Francisco Estrada y Alfonso Jim\u00e9nez, as\u00ed como los directivos Arturo Le\u00f3n Lerma y el fallecido Renato Vega Alvarado.<\/p>\n","protected":false},"author":1,"featured_media":0,"comment_status":"open","ping_status":"open","sticky":false,"template":"","format":"standard","meta":{"_monsterinsights_skip_tracking":false,"_monsterinsights_sitenote_active":false,"_monsterinsights_sitenote_note":"","_monsterinsights_sitenote_category":0,"footnotes":""},"categories":[10],"tags":[43680],"class_list":["post-119745","post","type-post","status-publish","format-standard","hentry","category-deportes","tag-deportes"],"_links":{"self":[{"href":"https:\/\/www.diarioimagen.net\/index.php?rest_route=\/wp\/v2\/posts\/119745","targetHints":{"allow":["GET"]}}],"collection":[{"href":"https:\/\/www.diarioimagen.net\/index.php?rest_route=\/wp\/v2\/posts"}],"about":[{"href":"https:\/\/www.diarioimagen.net\/index.php?rest_route=\/wp\/v2\/types\/post"}],"author":[{"embeddable":true,"href":"https:\/\/www.diarioimagen.net\/index.php?rest_route=\/wp\/v2\/users\/1"}],"replies":[{"embeddable":true,"href":"https:\/\/www.diarioimagen.net\/index.php?rest_route=%2Fwp%2Fv2%2Fcomments&post=119745"}],"version-history":[{"count":0,"href":"https:\/\/www.diarioimagen.net\/index.php?rest_route=\/wp\/v2\/posts\/119745\/revisions"}],"wp:attachment":[{"href":"https:\/\/www.diarioimagen.net\/index.php?rest_route=%2Fwp%2Fv2%2Fmedia&parent=119745"}],"wp:term":[{"taxonomy":"category","embeddable":true,"href":"https:\/\/www.diarioimagen.net\/index.php?rest_route=%2Fwp%2Fv2%2Fcategories&post=119745"},{"taxonomy":"post_tag","embeddable":true,"href":"https:\/\/www.diarioimagen.net\/index.php?rest_route=%2Fwp%2Fv2%2Ftags&post=119745"}],"curies":[{"name":"wp","href":"https:\/\/api.w.org\/{rel}","templated":true}]}}