{"id":119912,"date":"2013-02-05T00:03:42","date_gmt":"2013-02-05T06:03:42","guid":{"rendered":"http:\/\/www.diarioimagen.net\/?p=119912"},"modified":"2013-02-05T04:29:13","modified_gmt":"2013-02-05T10:29:13","slug":"mercedes-presenta-monoplaza-que-competira-en-formula-uno","status":"publish","type":"post","link":"https:\/\/www.diarioimagen.net\/?p=119912","title":{"rendered":"Mercedes presenta monoplaza que competir\u00e1 en F\u00f3rmula Uno"},"content":{"rendered":"<ul>\n<li><em><strong>B\u00e1sico con evoluci\u00f3n sofisticada<\/strong><\/em><\/li>\n<\/ul>\n<div id=\"attachment_120024\" style=\"width: 250px\" class=\"wp-caption alignleft\"><a href=\"http:\/\/www.diarioimagen.net\/wp-content\/uploads\/2013\/02\/Mercedes-2029.jpg\"><img loading=\"lazy\" decoding=\"async\" aria-describedby=\"caption-attachment-120024\" class=\"size-medium wp-image-120024\" alt=\"Los pilotos Nico Rosberg, de Alemania, y el brit\u00e1nico Lewis Hamilton. presentaron ayer el auto en el que competir\u00e1n en la temporada 2013.\" src=\"http:\/\/www.diarioimagen.net\/wp-content\/uploads\/2013\/02\/Mercedes-2029-240x117.jpg\" width=\"240\" height=\"117\" \/><\/a><p id=\"caption-attachment-120024\" class=\"wp-caption-text\">Los pilotos Nico Rosberg, de Alemania, y el brit\u00e1nico Lewis Hamilton. presentaron ayer el auto en el que competir\u00e1n en la temporada 2013.<\/p><\/div>\n<p><strong>Madrid, Espa\u00f1a.-<\/strong> La escuder\u00eda Mercedes present\u00f3 ayer en el Circuito de Jerez el monoplaza que utilizar\u00e1 en la temporada 2013 de F\u00f3rmula Uno, el \u201cW04\u201d, con la presencia de sus pilotos, el alem\u00e1n Nico Rosberg y el brit\u00e1nico Lewis Hamilton.<\/p>\n<p>El equipo alem\u00e1n destac\u00f3 el nuevo dise\u00f1o del b\u00f3lido, el cual ofrece \u201cuna mezcla de dise\u00f1o impresionante, excelente din\u00e1mica de conducci\u00f3n y la construcci\u00f3n ligera en consonancia con el AMG Performance Lightweight\u201d.<\/p>\n<p>Reconocen que el \u201cW04\u201d no presenta mayores cambios con respecto al monoplaza del a\u00f1o pasado, utilizando el \u201cconcepto b\u00e1sico, con una evoluci\u00f3n sofisticada\u201d y respetando los reglamentos t\u00e9cnicos.<\/p>\n<p>El director del equipo, el brit\u00e1nico Ross Brawn, dej\u00f3 en claro que el nuevo auto de la casa germana \u201ces un claro paso hacia adelante en sofisticaci\u00f3n\u201d, y que el 2013 marca el inicio de una segunda era para las \u201cFlechas de Plata\u201d y el trabajo en equipo.<\/p>\n<p>\u201cNuestros ingenieros de Brackley y Brixworth han invertido miles de horas de trabajo para asegurarse de que el nuevo coche ofrece un cambio radical en el rendimiento en comparaci\u00f3n con la temporada pasada\u201d, agreg\u00f3.<\/p>\n<p>Tambi\u00e9n dio la bienvenida al brit\u00e1nico Lewis Hamilton, quien se incorpora al equipo a partir de esta temporada, situaci\u00f3n con la que considera tendr\u00e1n un equipo m\u00e1s fuerte con \u00e9l y el alem\u00e1n Nico Rosberg.<\/p>\n<p>&nbsp;<\/p>\n","protected":false},"excerpt":{"rendered":"<p>Madrid, Espa\u00f1a.- La escuder\u00eda Mercedes present\u00f3 ayer en el Circuito de Jerez el monoplaza que utilizar\u00e1 en la temporada 2013 de F\u00f3rmula Uno, el \u201cW04\u201d, con la presencia de sus pilotos, el alem\u00e1n Nico Rosberg y el brit\u00e1nico Lewis Hamilton.<\/p>\n","protected":false},"author":1,"featured_media":0,"comment_status":"open","ping_status":"open","sticky":false,"template":"","format":"standard","meta":{"_monsterinsights_skip_tracking":false,"_monsterinsights_sitenote_active":false,"_monsterinsights_sitenote_note":"","_monsterinsights_sitenote_category":0,"footnotes":""},"categories":[10],"tags":[43680,1708,5536],"class_list":["post-119912","post","type-post","status-publish","format-standard","hentry","category-deportes","tag-deportes","tag-formula-uno","tag-lewis-hamilton"],"_links":{"self":[{"href":"https:\/\/www.diarioimagen.net\/index.php?rest_route=\/wp\/v2\/posts\/119912","targetHints":{"allow":["GET"]}}],"collection":[{"href":"https:\/\/www.diarioimagen.net\/index.php?rest_route=\/wp\/v2\/posts"}],"about":[{"href":"https:\/\/www.diarioimagen.net\/index.php?rest_route=\/wp\/v2\/types\/post"}],"author":[{"embeddable":true,"href":"https:\/\/www.diarioimagen.net\/index.php?rest_route=\/wp\/v2\/users\/1"}],"replies":[{"embeddable":true,"href":"https:\/\/www.diarioimagen.net\/index.php?rest_route=%2Fwp%2Fv2%2Fcomments&post=119912"}],"version-history":[{"count":0,"href":"https:\/\/www.diarioimagen.net\/index.php?rest_route=\/wp\/v2\/posts\/119912\/revisions"}],"wp:attachment":[{"href":"https:\/\/www.diarioimagen.net\/index.php?rest_route=%2Fwp%2Fv2%2Fmedia&parent=119912"}],"wp:term":[{"taxonomy":"category","embeddable":true,"href":"https:\/\/www.diarioimagen.net\/index.php?rest_route=%2Fwp%2Fv2%2Fcategories&post=119912"},{"taxonomy":"post_tag","embeddable":true,"href":"https:\/\/www.diarioimagen.net\/index.php?rest_route=%2Fwp%2Fv2%2Ftags&post=119912"}],"curies":[{"name":"wp","href":"https:\/\/api.w.org\/{rel}","templated":true}]}}