{"id":119915,"date":"2013-02-05T00:01:40","date_gmt":"2013-02-05T06:01:40","guid":{"rendered":"http:\/\/www.diarioimagen.net\/?p=119915"},"modified":"2013-02-06T05:32:19","modified_gmt":"2013-02-06T11:32:19","slug":"filippa-giordano-lista-para-iluminar-valle-de-bravo","status":"publish","type":"post","link":"https:\/\/www.diarioimagen.net\/?p=119915","title":{"rendered":"Filippa Giordano lista para iluminar Valle de Bravo"},"content":{"rendered":"<ul>\n<li><em><strong>Ofrecer\u00e1 un concierto especial el pr\u00f3ximo 9 de marzo y se unir\u00e1 en mayo al elenco del musical Cats en el DF<\/strong><\/em><\/li>\n<\/ul>\n<h6>Sergio Aquino<\/h6>\n<p>&nbsp;<\/p>\n<div id=\"attachment_119987\" style=\"width: 250px\" class=\"wp-caption alignleft\"><a href=\"http:\/\/www.diarioimagen.net\/wp-content\/uploads\/2013\/02\/filippa-giordano-2029.jpg\"><img loading=\"lazy\" decoding=\"async\" aria-describedby=\"caption-attachment-119987\" class=\"size-medium wp-image-119987\" alt=\"Aplazado anteriormente por causas ajenas a la artista, el concierto se llevar\u00e1 a cabo el 9 de marzo y contar\u00e1 con una producci\u00f3n de primer nivel digna de la trayectoria de la estrella italiana.\" src=\"http:\/\/www.diarioimagen.net\/wp-content\/uploads\/2013\/02\/filippa-giordano-2029-240x135.jpg\" width=\"240\" height=\"135\" \/><\/a><p id=\"caption-attachment-119987\" class=\"wp-caption-text\">Aplazado anteriormente por causas ajenas a la artista, el concierto se llevar\u00e1 a cabo el 9 de marzo y contar\u00e1 con una producci\u00f3n de primer nivel digna de la trayectoria de la estrella italiana.<\/p><\/div>\n<p>Italiana de sangre, pero mexicana de coraz\u00f3n, la reconocida soprano Filippa Giordano se muestra ansiosa por llegar por fin a Valle de Bravo para presentar en El Santuario Concert Hall de la entidad un concierto m\u00e1gico dedicado a la belleza natural de nuestro pa\u00eds.<\/p>\n<p>Aplazado anteriormente por causas ajenas a la artista, el evento se llevar\u00e1 a cabo el 9 de marzo y contar\u00e1 con una producci\u00f3n de primer nivel digna de la trayectoria de la estrella italiana.<\/p>\n<p>\u201cVa a ser un concierto muy diferente, \u00edntimo, donde me voy a acercar de manera especial al p\u00fablico presentando mis grandes \u00e9xitos, tanto de \u00f3pera como de boleros mexicanos; voy a tener el mariachi, que no puede faltar, y algunas sorpresas m\u00e1s\u201d, adelant\u00f3 Filippa para <b>Diario Imagen<\/b>.<\/p>\n<p>La recaudaci\u00f3n en taquilla de esta presentaci\u00f3n se destinar\u00e1 para promover el mantenimiento y rehabilitaci\u00f3n del lago de Valle de Bravo; motivo que vuelve a\u00fan m\u00e1s especial esta esperada gala.<\/p>\n<p>\u201cEs muy importante para m\u00ed ser considerada en proyectos ecol\u00f3gicos y humanitarios; me emociona poder luchar por la belleza que hay en M\u00e9xico y que es en verdad la riqueza que nos atrae a los extranjeros. Soy mexicana en alma, en cultura y en coraz\u00f3n, por eso quiero entregar hasta la \u00faltima gota de mi voz y de mi ser a este pa\u00eds\u201d, subray\u00f3 la artista. En los pr\u00f3ximos meses, la italiana trabajar\u00e1 tambi\u00e9n en lo que ser\u00e1 su pr\u00f3xima producci\u00f3n discogr\u00e1fica, en la cual experimentar\u00e1 con nuevos sonidos y emociones para benepl\u00e1cito de sus seguidores, \u201cser\u00e1 un concepto maravillosos que no puedo adelantar, pero que les aseguro les gustar\u00e1 mucho\u201d, dijo.<\/p>\n<p>Del mismo modo, Giordano est\u00e1 contemplada para formar parte del musical <i>Cats<\/i> que pr\u00f3ximamente llegar\u00e1 al Teatro San Rafael de la ciudad de M\u00e9xico. Seg\u00fan coment\u00f3 esta semana el productor Gerardo Quiroz, la soprano interpretar\u00e1 a <i>Grizabella <\/i>durante las funciones de los d\u00edas 10, 11 y 12 de mayo.<\/p>\n<p>&nbsp;<\/p>\n","protected":false},"excerpt":{"rendered":"<p>Italiana de sangre, pero mexicana de coraz\u00f3n, la reconocida soprano Filippa Giordano se muestra ansiosa por llegar por fin a Valle de Bravo para presentar en El Santuario Concert Hall de la entidad un concierto m\u00e1gico dedicado a la belleza natural de nuestro pa\u00eds.<\/p>\n","protected":false},"author":1,"featured_media":0,"comment_status":"open","ping_status":"open","sticky":false,"template":"","format":"standard","meta":{"_monsterinsights_skip_tracking":false,"_monsterinsights_sitenote_active":false,"_monsterinsights_sitenote_note":"","_monsterinsights_sitenote_category":0,"footnotes":""},"categories":[17,12],"tags":[43682,14096,1458],"class_list":["post-119915","post","type-post","status-publish","format-standard","hentry","category-especiales","category-espectaculos","tag-espectaculos","tag-filippa-giordano","tag-valle-de-bravo"],"_links":{"self":[{"href":"https:\/\/www.diarioimagen.net\/index.php?rest_route=\/wp\/v2\/posts\/119915","targetHints":{"allow":["GET"]}}],"collection":[{"href":"https:\/\/www.diarioimagen.net\/index.php?rest_route=\/wp\/v2\/posts"}],"about":[{"href":"https:\/\/www.diarioimagen.net\/index.php?rest_route=\/wp\/v2\/types\/post"}],"author":[{"embeddable":true,"href":"https:\/\/www.diarioimagen.net\/index.php?rest_route=\/wp\/v2\/users\/1"}],"replies":[{"embeddable":true,"href":"https:\/\/www.diarioimagen.net\/index.php?rest_route=%2Fwp%2Fv2%2Fcomments&post=119915"}],"version-history":[{"count":0,"href":"https:\/\/www.diarioimagen.net\/index.php?rest_route=\/wp\/v2\/posts\/119915\/revisions"}],"wp:attachment":[{"href":"https:\/\/www.diarioimagen.net\/index.php?rest_route=%2Fwp%2Fv2%2Fmedia&parent=119915"}],"wp:term":[{"taxonomy":"category","embeddable":true,"href":"https:\/\/www.diarioimagen.net\/index.php?rest_route=%2Fwp%2Fv2%2Fcategories&post=119915"},{"taxonomy":"post_tag","embeddable":true,"href":"https:\/\/www.diarioimagen.net\/index.php?rest_route=%2Fwp%2Fv2%2Ftags&post=119915"}],"curies":[{"name":"wp","href":"https:\/\/api.w.org\/{rel}","templated":true}]}}