{"id":119952,"date":"2013-02-05T00:13:15","date_gmt":"2013-02-05T06:13:15","guid":{"rendered":"http:\/\/www.diarioimagen.net\/?p=119952"},"modified":"2013-02-05T04:18:04","modified_gmt":"2013-02-05T10:18:04","slug":"eruviel-anuncia-acciones-contra-el-cancer-en-edomex","status":"publish","type":"post","link":"https:\/\/www.diarioimagen.net\/?p=119952","title":{"rendered":"Eruviel anuncia acciones contra el c\u00e1ncer en Edomex"},"content":{"rendered":"<h2>Arco Norte<\/h2>\n<h5>Jos\u00e9 Luis Monta\u00f1ez Aguilar<\/h5>\n<p>&nbsp;<\/p>\n<p>El gobernador Eruviel \u00c1vila Villegas conmemor\u00f3 el D\u00eda Mundial de la Lucha Contra el C\u00e1ncer, dando a conocer cinco acciones concretas en el Estado de M\u00e9xico, como son\u00a0una unidad de quimioterapia ambulatoria; la construcci\u00f3n de un hospital general; la gesti\u00f3n de un terreno para edificar un hospital de oncolog\u00eda; la puesta en marcha del dispositivo DigniCap, que evita la p\u00e9rdida de cabello en pacientes que reciben quimioterapia, y el apoyo con canastas alimentarias a varones que padezcan c\u00e1ncer de pr\u00f3stata o genital. Al conmemorar el D\u00eda Mundial de la Lucha Contra el C\u00e1ncer, inform\u00f3 que se construir\u00e1n dos hospitales -uno de ellos compromiso del presidente Enrique Pe\u00f1a Nieto-; el funcionamiento de una unidad de quimioterapia ambulatoria y despensas para hombres que padezcan c\u00e1ncer de pr\u00f3stata y genital. El gobernador puso en funcionamiento, en el Hospital Regional de Alta Especialidad de Zumpango, un dispositivo DigniCap, para evitar la ca\u00edda del cabello en enfermos de c\u00e1ncer e inaugur\u00f3 un espacio educativo para ni\u00f1os hospitalizados.<\/p>\n<p style=\"text-align: center;\"><strong>PLAZA ESTADO DE M\u00c9XICO DEDICADA AL EJ\u00c9RCITO<\/strong><\/p>\n<div id=\"attachment_120005\" style=\"width: 250px\" class=\"wp-caption alignleft\"><a href=\"http:\/\/www.diarioimagen.net\/wp-content\/uploads\/2013\/02\/eruviel-2029.jpg\"><img loading=\"lazy\" decoding=\"async\" aria-describedby=\"caption-attachment-120005\" class=\"size-medium wp-image-120005\" alt=\"Tras realizar un recorrido de m\u00e1s de tres horas, las unidades militares que formar\u00e1n parte de la Plaza Estado de M\u00e9xico, que estar\u00e1 dedicada al Ej\u00e9rcito y Fuerza A\u00e9rea, en Cuautitl\u00e1n Izcalli, se encuentran ya en el lugar donde se construye este espacio.\" src=\"http:\/\/www.diarioimagen.net\/wp-content\/uploads\/2013\/02\/eruviel-2029-240x135.jpg\" width=\"240\" height=\"135\" \/><\/a><p id=\"caption-attachment-120005\" class=\"wp-caption-text\">Tras realizar un recorrido de m\u00e1s de tres horas, las unidades militares que formar\u00e1n parte de la Plaza Estado de M\u00e9xico, que estar\u00e1 dedicada al Ej\u00e9rcito y Fuerza A\u00e9rea, en Cuautitl\u00e1n Izcalli, se encuentran ya en el lugar donde se construye este espacio.<\/p><\/div>\n<p>Los veh\u00edculos que formar\u00e1n parte de la Plaza Estado de M\u00e9xico, que estar\u00e1 dedicada al Ej\u00e9rcito y Fuerza A\u00e9rea en Cuautitl\u00e1n Izcalli, ya se encuentran en el lugar donde se construye este espacio, luego que fueron trasladados desde la base a\u00e9rea, ubicada en Santa Luc\u00eda, municipio de Tec\u00e1mac, hasta la zona de Perinorte, tras realizar un recorrido de m\u00e1s de tres horas. Alrededor de las 7:20 horas de ayer, un convoy conformado por m\u00e1s de diez unidades traslad\u00f3 los 13 veh\u00edculos que fueron donados por el Ej\u00e9rcito y la Fuerza A\u00e9rea mexicanos, que llegaron a su destino final cerca de las 10:30 horas, y que es una de las 125 plazas Estado de M\u00e9xico -una por municipio- que ofreci\u00f3 el gobernador.<\/p>\n<p style=\"text-align: center;\"><strong>GIRA POR ZONA ORIENTE<\/strong><\/p>\n<p>Eruviel \u00c1vila Villegas concluy\u00f3 su gira regional de tres d\u00edas con pernocta en la zona oriente del estado, la primera de una pr\u00e1ctica de gobierno que seguir\u00e1 durante su sexenio, en la que visit\u00f3 Ozumba, Tlalmanalco, Tenango del Aire, Juchitepec, Atlautla, Ayapango y Amecameca, en compa\u00f1\u00eda de los miembros de su gabinete, quienes realizaron m\u00e1s de 70 actividades a favor de los habitantes de la regi\u00f3n de los Volcanes.<\/p>\n<p><em><a href=\"mailto:montanezaguilar@gmail.com\" target=\"_blank\">montanezaguilar@gmail.com<\/a><\/em><\/p>\n","protected":false},"excerpt":{"rendered":"<p><span style=\"color: #005497;\"><strong>Jos\u00e9 Luis Monta\u00f1ez Aguilar<\/strong><\/span><br \/>\n<br \/>\nEl gobernador Eruviel \u00c1vila Villegas conmemor\u00f3 el D\u00eda Mundial de la Lucha Contra el C\u00e1ncer, dando a conocer cinco acciones concretas en el Estado de M\u00e9xico, como son una unidad de quimioterapia ambulatoria; la construcci\u00f3n de un hospital general; la gesti\u00f3n de un terreno para edificar un hospital de oncolog\u00eda; la puesta en marcha del dispositivo DigniCap, que evita la p\u00e9rdida de cabello en pacientes que reciben quimioterapia, y el apoyo con canastas alimentarias a varones que padezcan c\u00e1ncer de pr\u00f3stata o genital.<\/p>\n","protected":false},"author":1,"featured_media":0,"comment_status":"open","ping_status":"open","sticky":false,"template":"","format":"standard","meta":{"_monsterinsights_skip_tracking":false,"_monsterinsights_sitenote_active":false,"_monsterinsights_sitenote_note":"","_monsterinsights_sitenote_category":0,"footnotes":""},"categories":[5],"tags":[13284,1466,43675,43704,25622],"class_list":["post-119952","post","type-post","status-publish","format-standard","hentry","category-estado-de-mexico","tag-arco-norte","tag-cancer","tag-estado-de-mexico","tag-jose-luis-montanez-aguilar","tag-plaza-estado-de-mexico"],"_links":{"self":[{"href":"https:\/\/www.diarioimagen.net\/index.php?rest_route=\/wp\/v2\/posts\/119952","targetHints":{"allow":["GET"]}}],"collection":[{"href":"https:\/\/www.diarioimagen.net\/index.php?rest_route=\/wp\/v2\/posts"}],"about":[{"href":"https:\/\/www.diarioimagen.net\/index.php?rest_route=\/wp\/v2\/types\/post"}],"author":[{"embeddable":true,"href":"https:\/\/www.diarioimagen.net\/index.php?rest_route=\/wp\/v2\/users\/1"}],"replies":[{"embeddable":true,"href":"https:\/\/www.diarioimagen.net\/index.php?rest_route=%2Fwp%2Fv2%2Fcomments&post=119952"}],"version-history":[{"count":0,"href":"https:\/\/www.diarioimagen.net\/index.php?rest_route=\/wp\/v2\/posts\/119952\/revisions"}],"wp:attachment":[{"href":"https:\/\/www.diarioimagen.net\/index.php?rest_route=%2Fwp%2Fv2%2Fmedia&parent=119952"}],"wp:term":[{"taxonomy":"category","embeddable":true,"href":"https:\/\/www.diarioimagen.net\/index.php?rest_route=%2Fwp%2Fv2%2Fcategories&post=119952"},{"taxonomy":"post_tag","embeddable":true,"href":"https:\/\/www.diarioimagen.net\/index.php?rest_route=%2Fwp%2Fv2%2Ftags&post=119952"}],"curies":[{"name":"wp","href":"https:\/\/api.w.org\/{rel}","templated":true}]}}