{"id":120046,"date":"2013-02-06T00:07:16","date_gmt":"2013-02-06T06:07:16","guid":{"rendered":"http:\/\/www.diarioimagen.net\/?p=120046"},"modified":"2013-02-06T06:41:27","modified_gmt":"2013-02-06T12:41:27","slug":"castro-trenti-se-madrugo-a-hank","status":"publish","type":"post","link":"https:\/\/www.diarioimagen.net\/?p=120046","title":{"rendered":"Castro Trenti se <i>madrug\u00f3<\/i> a Hank"},"content":{"rendered":"<h2>Tras la puerta del poder<\/h2>\n<h5>Roberto Vizca\u00edno<\/h5>\n<p>&nbsp;<\/p>\n<ul>\n<li><strong><i>Con su postulaci\u00f3n a la gubernatura de BC, deja tambi\u00e9n atr\u00e1s \u00a0a 2 alcaldes<\/i><\/strong><\/li>\n<li><strong><i>El diputado beltronista nunca ha ganado una elecci\u00f3n, y todo se lo debe a su \u201cm\u00e1nager\u201d<\/i><\/strong><\/li>\n<li><strong><i>Gerardo Laviaga aprovech\u00f3 el acto queretano para defender su estancia en el IFAI<\/i><\/strong><\/li>\n<\/ul>\n<div id=\"attachment_120158\" style=\"width: 250px\" class=\"wp-caption alignleft\"><a href=\"http:\/\/www.diarioimagen.net\/wp-content\/uploads\/2013\/02\/Nada-de-nada-TRIZAS-2030.jpg\"><img loading=\"lazy\" decoding=\"async\" aria-describedby=\"caption-attachment-120158\" class=\"size-medium wp-image-120158\" alt=\"Nada de nada... | Trizas\" src=\"http:\/\/www.diarioimagen.net\/wp-content\/uploads\/2013\/02\/Nada-de-nada-TRIZAS-2030-240x234.jpg\" width=\"240\" height=\"234\" \/><\/a><p id=\"caption-attachment-120158\" class=\"wp-caption-text\">Nada de nada&#8230; | Trizas<\/p><\/div>\n<p>En un <b><i>madruguete<\/i><\/b> medi\u00e1tico, el diputado Fernando Castro Trenti se autopostul\u00f3 ayer como el \u201ccandidato de unidad\u201d del PRI a la gubernatura de Baja California.<\/p>\n<p>El legislador beltronista, se le adelant\u00f3 al CEN del PRI encabezado por el mexiquense C\u00e9sar Camacho y la secretaria general Ivonne Ortega, al hacer p\u00fablica su pr\u00f3xima postulaci\u00f3n en el programa de Joaqu\u00edn L\u00f3pez D\u00f3riga en Radio F\u00f3rmula.<\/p>\n<p>Castro Trenti, quien durante las semanas recientes amenaz\u00f3 con irse como candidato del PAN-PRD y otros si no se le postulaba en el PRI, al parecer recibi\u00f3 finalmente la aprobaci\u00f3n del presidente Enrique Pe\u00f1a Nieto luego de que \u2013dicen-, fue insistentemente propuesto por Manlio Fabio Beltrones y su grupo.<\/p>\n<p>Con esta postulaci\u00f3n, que al parecer va a ser confirmada por el CEN del PRI en algunas horas, Castro Trenti deja finalmente atr\u00e1s a Jorge Hank, a quien las encuestas locales dan como el pri\u00edsta con mayores simpat\u00edas electorales y quien perdi\u00f3 hace 6 a\u00f1os la gubernatura frente al panista Guadalupe Osuna Mill\u00e1n en un proceso accidentado en el que incluso se modific\u00f3 la Constituci\u00f3n estatal para intentar sacarlo de la jugada.<\/p>\n<p>De igual forma deja de lado a los alcaldes Carlos Bustamante Anchondo de Tijuana y Francisco P\u00e9rez Tejada de Tijuana, as\u00ed como al industrial-maquilador Eduardo Mart\u00ednez Palomera quien ha sido dos veces presidente municipal de Mexicali.<\/p>\n<p>Castro Trenti llega a esta postulaci\u00f3n sin haber ganado nunca una elecci\u00f3n. Todos los cargos que ha ocupado han sido gracias a la abierta ayuda del sonorense Manlio Fabio Beltrones. Al parecer esta candidatura tambi\u00e9n se la deber\u00e1 a Beltrones.<\/p>\n<p>De acuerdo a su perfil, Castro Trenti naci\u00f3 el 11 de noviembre de 1955 y es abogado por la UNAM; fue delegado de la Procuradur\u00eda Federal del Consumidor, as\u00ed como de la Secretar\u00eda de Pesca y de la Secretar\u00eda de Medio Ambiente, Recursos Naturales y Pesca en Baja California.<\/p>\n<p>Su primera incursi\u00f3n en un proceso electoral fue en 1991 donde compiti\u00f3 por la diputaci\u00f3n federal del VI distrito s\u00f3lo para resultar derrotado. Luego logr\u00f3 su primera diputaci\u00f3n plurinominal en 2001 al Congreso de Baja California y en 2004 el alcalde de Tijuana, Jorge Hank Rhon, lo nombr\u00f3 secretario de Gobierno del ayuntamiento, cargo que abandon\u00f3 para ser senador pluri.<\/p>\n<p>Castro Trenti fue uno de los coordinadores de la campa\u00f1a a gobernador de Hank.<\/p>\n<p>Hoy es diputado pluri, curul que va a dejar para ser postulado como candidato a gobernador del PRI a B. C.<\/p>\n<p>Analistas y pol\u00edticos advierten que su designaci\u00f3n como candidato re\u00fane todas las condiciones para que el PRI vuelva a perder la gubernatura de Baja California, pues Castro Trenti no tendr\u00e1 los votos de los seguidores de Hank, ni de los otros tres precandidatos mencionados anteriormente.<\/p>\n<p>En este escenario, el PRI que aparentemente ten\u00eda asegurada la recuperaci\u00f3n de la gubernatura de Baja California, entra en un grave proceso de divisi\u00f3n y de rechazo a un candidato impuesto desde el centro del pa\u00eds.<\/p>\n<p>La gubernatura de Baja California fue la primera que perdi\u00f3 el PRI hace ya 23 a\u00f1os frente al PAN, dentro de un proceso que muchos calificaron como el resultado de un acuerdo entre la c\u00fapula blanquiazul liderada entonces por Luis H. \u00c1lvarez y Diego Fern\u00e1ndez de Cevallos, para llevar a Ernesto Ruffo al poder local.<\/p>\n<p>A cambio el PAN legitim\u00f3 a Carlos Salinas en lo que se comenz\u00f3 a se\u00f1alar como \u201clas concertacesiones\u201d.<\/p>\n<p>Luego de las m\u00e1s recientes elecciones locales donde el PRI logr\u00f3 arrebatarle al PAN las 5 alcald\u00edas y la mayor\u00eda en el Congreso estatal, todos daban por hecho que el tricolor recuperar\u00eda la gubernatura.<\/p>\n<p>Hoy parece que todo ese escenario cambi\u00f3.<\/p>\n<p align=\"center\"><b>NO\u2026 PERO S\u00cd<\/b><\/p>\n<p>Dice el dicho que \u201ccae m\u00e1s pronto un hablador que un cojo\u201d. Esta aclaraci\u00f3n cae al pelo a lo dicho ayer por Jes\u00fas Zambrano, presidente del PRD luego de un encuentro con los 9 consejeros del IFE a quienes pidi\u00f3 devolver a la Unidad de Fiscalizaci\u00f3n las cuentas de la campa\u00f1a presidencial de Andr\u00e9s Manuel L\u00f3pez Obrador, presentadas por los partidos de la Coalici\u00f3n del Movimiento Progresista (PRD, PT y Movimiento Ciudadano) a fin de que se revisen y modifiquen a fin de no ser sancionados con 120 millones de pesos.<\/p>\n<p>Como fue anunciado hace una semana, este rebase de gastos a los topes de campa\u00f1a por parte de los partidos que apoyaron a L\u00f3pez Obrador ser\u00e1 analizado y discutido en la sesi\u00f3n del IFE de hoy para ratificar o modificar la sanci\u00f3n.<\/p>\n<p>Las exigencias de Zambrano a los consejeros son un reconocimiento de que tanto el PRD como el PT y el Movimiento Ciudadano hicieron mal las cuentas y s\u00ed rebasaron el tope de campa\u00f1a.<\/p>\n<p>La exigencia del dirigente perredista fue acompa\u00f1ada con la amenaza de no participar en ninguna otra elecci\u00f3n mientras no se revise y modifique la sanci\u00f3n.<\/p>\n<p>De ceder, ser\u00eda la primera vez que el IFE se ajusta a las exigencias de una de las fuerzas pol\u00edticas nacionales lo cual sentar\u00eda un p\u00e9simo presente, ya que en los siguientes conflictos a resolver, cualquier partido podr\u00eda exigir lo mismo.<\/p>\n<p align=\"center\"><b>ACTIVO CABILDERO<\/b><\/p>\n<p>El peque\u00f1o recinto del hist\u00f3rico Teatro de la Rep\u00fablica ubicado en el centro de la capital queretana, fue ayer el escenario de un nuevo encuentro de personajes pol\u00edticos por dem\u00e1s dis\u00edmbolos.<\/p>\n<p>El presidente Enrique Pe\u00f1a Nieto encabez\u00f3 ah\u00ed el 96 aniversario de la promulgaci\u00f3n de la Constituci\u00f3n de 1917.<\/p>\n<p>Las pocas butacas centrales fueron ocupadas en primer lugar por el gabinete legal y ampliado, en el que s\u00f3lo quedaron vac\u00edos los asientos del procurador General de la Rep\u00fablica, Jes\u00fas Murillo Karam y del director general de Pemex, Emilio Lozoya Austin.<\/p>\n<p>El gobernador Jos\u00e9 Calzada, aprovech\u00f3 su calidad de anfitri\u00f3n para colocar a su esposa, la se\u00f1ora Sandr\u00e1 Albarr\u00e1n en la butaca central de la primera fila, en medio de los secretarios de Econom\u00eda, Ildefonso Guajardo y del de Energ\u00eda, Pedro Joaqu\u00edn Coldwell. Ninguno de ellos entabl\u00f3 pl\u00e1tica con ella. Pero a pesar de eso ella estuvo evidentemente feliz por estar ah\u00ed.<\/p>\n<p>Unas filas atr\u00e1s quedaron los l\u00edderes del PRI C\u00e9sar Camacho e Ivonne Ortega, as\u00ed como Jorge Emilio Gonz\u00e1lez, del Verde Ecologista.<\/p>\n<p>Por ah\u00ed estuvieron tambi\u00e9n el coordinador de los senadores del tricolor, el yucateco Emilio Gamboa y el de los perredistas, Miguel Barbosa as\u00ed como el coordinador de los diputados federales del PAN, Alberto Villarreal. No acudieron a la cita ni el coordinador de los diputados del PRI, Manlio Fabio Beltrones ni el de los perredistas, Silvano Aureoles. \u00bfNo los invitaron?<\/p>\n<p>En el pres\u00eddium, detr\u00e1s de la mesa principal donde estuvieron el presidente Enrique Pe\u00f1a Nieto, el presidente de los diputados, Francisco Arroyo Viera y el de los senadores, el panista Ernesto Cordero as\u00ed como el presidente de la Suprema Corte, Juan Silva Meza, el gobernador Calzada y el gobernador de Chihuahua y presidente de la Conago, C\u00e9sar Duarte fueron colocados los gobernadores entre quienes s\u00f3lo faltaron el de Sinaloa, Mario L\u00f3pez y el de Sonora, Guillermo Padr\u00e9s El\u00edas.<\/p>\n<p>Entre todos ellos anduvo como pez en el agua Gerardo Laviaga Rend\u00f3n, presidente del Instituto Federal de Acceso a la Informaci\u00f3n y Protecci\u00f3n de Datos, a quien su compa\u00f1ero, el consejero \u00c1ngel Trinidad acus\u00f3 p\u00fablicamente de ser un perezoso, abierto flojonazo.<\/p>\n<p>Uno de los primeros en llegar, Laviaga no desaprovech\u00f3 la oportunidad de ir de un lugar a otro dentro del teatro para encontrarse con otros invitados como el encargado de la secretar\u00eda de la Funci\u00f3n P\u00fablica, Javier Oliva, a quien le explic\u00f3 algo con gestos elocuentes.<\/p>\n<p>Oliva s\u00f3lo lo escuch\u00f3 y se deshizo pronto de \u00e9l. Luego se fue con el presidente del PRI, C\u00e9sar Camacho, quien tambi\u00e9n lo atendi\u00f3 pero en cuanto pudo dej\u00f3 atr\u00e1s.<\/p>\n<p>En eso estaba, cuando descubri\u00f3 que por el pasillo derecho bajaba Emilio Gamboa acompa\u00f1ado por el perredista Miguel Barbosa. El coordinador de los senadores del tricolor saludaba a algunos que se encontraban a su paso como el gobernador de Campeche, o el presidente de la Comisi\u00f3n Nacional de Derechos Humanos, cuando se top\u00f3 con Laviaga que ya le cerraba el paso.<\/p>\n<p>Gamboa intent\u00f3 eludirlo, pero Laviaga ya le hablaba al o\u00eddo. Le reclamaba algo. Gesticulaba.<\/p>\n<p>Emilio habr\u00eda dicho hace una semana en la Riviera Nayarita que se encargar\u00eda de sacar desde el Senado a Laviaga del IFAI.<\/p>\n<p>Ayer Laviada no pudo retener a Gamboa. El senador se le fue y lo dej\u00f3 hablando s\u00f3lo.<\/p>\n<p>Pero el cuestionado presidente del IFAI no se arredr\u00f3 y sigui\u00f3 con su cabildeo entre los otros muchos personajes que acudieron a la conmemoraci\u00f3n del 96 aniversario de la promulgaci\u00f3n de la Constituci\u00f3n de 1917.<\/p>\n<p><em><a href=\"mailto:rvizcaino@gmail.com\" target=\"_blank\">rvizcaino@gmail.com<\/a><\/em><\/p>\n<p>&nbsp;<\/p>\n","protected":false},"excerpt":{"rendered":"<p><span style=\"color: #005497;\"><strong>Roberto Vizca\u00edno<\/strong><\/span><\/p>\n","protected":false},"author":1,"featured_media":0,"comment_status":"open","ping_status":"open","sticky":false,"template":"","format":"standard","meta":{"_monsterinsights_skip_tracking":false,"_monsterinsights_sitenote_active":false,"_monsterinsights_sitenote_note":"","_monsterinsights_sitenote_category":0,"footnotes":""},"categories":[136],"tags":[1843,43674,362,93,94],"class_list":["post-120046","post","type-post","status-publish","format-standard","hentry","category-roberto-vizcaino-opinion","tag-ife","tag-opinion","tag-pri","tag-roberto-vizcaino","tag-tras-la-puerta-del-poder"],"_links":{"self":[{"href":"https:\/\/www.diarioimagen.net\/index.php?rest_route=\/wp\/v2\/posts\/120046","targetHints":{"allow":["GET"]}}],"collection":[{"href":"https:\/\/www.diarioimagen.net\/index.php?rest_route=\/wp\/v2\/posts"}],"about":[{"href":"https:\/\/www.diarioimagen.net\/index.php?rest_route=\/wp\/v2\/types\/post"}],"author":[{"embeddable":true,"href":"https:\/\/www.diarioimagen.net\/index.php?rest_route=\/wp\/v2\/users\/1"}],"replies":[{"embeddable":true,"href":"https:\/\/www.diarioimagen.net\/index.php?rest_route=%2Fwp%2Fv2%2Fcomments&post=120046"}],"version-history":[{"count":0,"href":"https:\/\/www.diarioimagen.net\/index.php?rest_route=\/wp\/v2\/posts\/120046\/revisions"}],"wp:attachment":[{"href":"https:\/\/www.diarioimagen.net\/index.php?rest_route=%2Fwp%2Fv2%2Fmedia&parent=120046"}],"wp:term":[{"taxonomy":"category","embeddable":true,"href":"https:\/\/www.diarioimagen.net\/index.php?rest_route=%2Fwp%2Fv2%2Fcategories&post=120046"},{"taxonomy":"post_tag","embeddable":true,"href":"https:\/\/www.diarioimagen.net\/index.php?rest_route=%2Fwp%2Fv2%2Ftags&post=120046"}],"curies":[{"name":"wp","href":"https:\/\/api.w.org\/{rel}","templated":true}]}}