{"id":120054,"date":"2013-02-06T00:06:28","date_gmt":"2013-02-06T06:06:28","guid":{"rendered":"http:\/\/www.diarioimagen.net\/?p=120054"},"modified":"2013-02-06T05:35:56","modified_gmt":"2013-02-06T11:35:56","slug":"otro-pri","status":"publish","type":"post","link":"https:\/\/www.diarioimagen.net\/?p=120054","title":{"rendered":"Otro PRI"},"content":{"rendered":"<h2>\u00cdndice pol\u00edtico<\/h2>\n<h5>Francisco Rodr\u00edguez<\/h5>\n<p>&nbsp;<\/p>\n<p>El arribo de C\u00e9sar Camacho Quiroz a la dirigencia\u00a0 del Partido Revolucionario Institucional viene a complementar, con ideolog\u00eda, al pragmatismo del que ha hecho gala el nuevo gobierno federal. Hac\u00eda d\u00e9cadas que la sede tricolor de Insurgentes Norte no ten\u00eda como principal inquilino a un pensador que, por si fuera poco, tambi\u00e9n ha demostrado ser buen administrador y un mejor pol\u00edtico.<\/p>\n<p>Para m\u00ed, un ide\u00f3logo es alguien que posee una visi\u00f3n te\u00f3rica de la sociedad en la que vive, de la historia que comparte con sus compatriotas, y del Estado libremente segregado para resolver conflictos comunes y darle sentido y forma a la convivencia. El ide\u00f3logo, en el mundo democr\u00e1tico, trata por medios pac\u00edficos de acomodar la realidad a sus presupuestos intelectuales e intenta guiar a sus compatriotas en la direcci\u00f3n del pa\u00eds ideal que tiene en la cabeza.<\/p>\n<p>Y as\u00ed he visto a Camacho en los \u00faltimos a\u00f1os. Un pol\u00edtico capaz de escribir, con lenguaje directo y a un tiempo elegante, sobre los grandes temas de coyuntura, pero tambi\u00e9n de aquellos que nos preocupan y ocupan a largo plazo.<\/p>\n<p>Ha habido dirigentes nacionales del PRI que han sido ide\u00f3logos, Jes\u00fas Reyes Heroles y Porfirio Mu\u00f1oz Ledo, \u00a1los m\u00e1s recientes!, y otros que no han pasado de ser meros gerentes ocupados en tramitar y procesar las decisiones que les llegan desde los centros de poder, se\u00f1aladamente de Los Pinos.<\/p>\n<p>El gerente pol\u00edtico se nutre de la experiencia m\u00e1s que de los esquemas te\u00f3ricos. Es un pr\u00e1ctico solucionador de problemas. Ama el sentido com\u00fan por encima de todas las cosas. No posee ni necesita una visi\u00f3n general de la historia ni una mirada profunda sobre los seres humanos.<\/p>\n<p>Tal vez hasta le estorban. No han sido del todo malos para el PRI. Han hecho su tarea, de acuerdo a la superior demanda.<\/p>\n<p>Y es que tal vez la idoneidad del ide\u00f3logo, as\u00ed como la del gerente, depende -dir\u00eda Ortega y Gasset- de la circunstancia. La circunstancia hoy, qui\u00e9n lo pondr\u00eda en duda, requiere revestir de ideolog\u00eda al pragmatismo de los cinco ejes, las 13 decisiones presidenciales y los 95 puntos pactados.<\/p>\n<p align=\"center\"><b>NAUFRAGIO AZUL<\/b><\/p>\n<p>\u00a0Excepci\u00f3n hecha del nuevo procurador general de la Rep\u00fablica, Jes\u00fas Murillo Karam, quien a su arribo a esta dependencia hizo un an\u00e1lisis cr\u00edtico de la lamentable situaci\u00f3n en la que \u00e9sta le era entregada, hasta ahora el gobierno anterior y el PAN se hab\u00edan ido en blanco.<\/p>\n<p>Ning\u00fan otro funcionario hab\u00eda hecho menci\u00f3n a los 12 a\u00f1os de panismo, mismos en los que el pa\u00eds pr\u00e1cticamente naufrag\u00f3, por la p\u00e9sima o, incluso, hasta nula conducci\u00f3n de los asuntos p\u00fablicos. Hasta hace un par de d\u00edas, s\u00ed, porque al asumir como nuevo dirigente nacional del PRI, C\u00e9sar Camacho hizo un breve, pero muy certero diagn\u00f3stico de lo que muchos llaman, acertadamente, \u201cla docena tr\u00e1gica\u201d. \u201c\u2026cortos de miras, los beneficiarios del cambio supusieron que su sola llegada a Los Pinos resolver\u00eda por ensalmo los problemas, dijo Camacho.<\/p>\n<p>La banalizaci\u00f3n del gobierno, primero, y la intransigencia, despu\u00e9s, crearon una administraci\u00f3n m\u00e1s grande y costosa, que no ofreci\u00f3 m\u00e1s ni mejores resultados.<\/p>\n<p>\u201cLas condiciones de vida se deterioraron lastimosamente, nos robaron la tranquilidad, la pol\u00edtica entr\u00f3 en desuso y nuestro prestigio internacional vino a menos.<\/p>\n<p>\u201cSo pretexto de un gobierno dividido, padecimos un gobierno detenido. No supieron, y a veces no quisieron gobernar. Fueron alternancia sin alternativa y el saldo es la decepci\u00f3n.<\/p>\n<p>\u201cSi en ese oc\u00e9ano de improvisaciones el pa\u00eds no naufrag\u00f3, fue por la madurez de la sociedad civil y la solidez de las instituciones.<\/p>\n<p>\u201cNo obstante, en todo este tiempo el PRI fue factor de ponderaci\u00f3n y siempre actu\u00f3 con responsabilidad\u201d. Mucho tiempo, pues, que en el PRI no hab\u00eda un ide\u00f3logo. Que adem\u00e1s fue buen administrador y mejor pol\u00edtico, no un simple gerente de partido.<\/p>\n<p><em><a href=\"http:\/\/www.indicepolitico.com\/\" target=\"_blank\"><em>www.indicepolitico.com<\/em><\/a><br \/>\n<\/em><em><a href=\"mailto:pacorodriguez@journalist.com\" target=\"_blank\">pacorodriguez@journalist.com<\/a><\/em><\/p>\n","protected":false},"excerpt":{"rendered":"<p><span style=\"color: #005497;\"><strong>Francisco Rodr\u00edguez<\/strong><\/span><\/p>\n","protected":false},"author":1,"featured_media":0,"comment_status":"open","ping_status":"open","sticky":false,"template":"","format":"standard","meta":{"_monsterinsights_skip_tracking":false,"_monsterinsights_sitenote_active":false,"_monsterinsights_sitenote_note":"","_monsterinsights_sitenote_category":0,"footnotes":""},"categories":[549],"tags":[43689,550,43674,362],"class_list":["post-120054","post","type-post","status-publish","format-standard","hentry","category-francisco-rodriguez","tag-francisco-rodriguez","tag-indice-politico","tag-opinion","tag-pri"],"_links":{"self":[{"href":"https:\/\/www.diarioimagen.net\/index.php?rest_route=\/wp\/v2\/posts\/120054","targetHints":{"allow":["GET"]}}],"collection":[{"href":"https:\/\/www.diarioimagen.net\/index.php?rest_route=\/wp\/v2\/posts"}],"about":[{"href":"https:\/\/www.diarioimagen.net\/index.php?rest_route=\/wp\/v2\/types\/post"}],"author":[{"embeddable":true,"href":"https:\/\/www.diarioimagen.net\/index.php?rest_route=\/wp\/v2\/users\/1"}],"replies":[{"embeddable":true,"href":"https:\/\/www.diarioimagen.net\/index.php?rest_route=%2Fwp%2Fv2%2Fcomments&post=120054"}],"version-history":[{"count":0,"href":"https:\/\/www.diarioimagen.net\/index.php?rest_route=\/wp\/v2\/posts\/120054\/revisions"}],"wp:attachment":[{"href":"https:\/\/www.diarioimagen.net\/index.php?rest_route=%2Fwp%2Fv2%2Fmedia&parent=120054"}],"wp:term":[{"taxonomy":"category","embeddable":true,"href":"https:\/\/www.diarioimagen.net\/index.php?rest_route=%2Fwp%2Fv2%2Fcategories&post=120054"},{"taxonomy":"post_tag","embeddable":true,"href":"https:\/\/www.diarioimagen.net\/index.php?rest_route=%2Fwp%2Fv2%2Ftags&post=120054"}],"curies":[{"name":"wp","href":"https:\/\/api.w.org\/{rel}","templated":true}]}}