{"id":120064,"date":"2013-02-06T00:03:41","date_gmt":"2013-02-06T06:03:41","guid":{"rendered":"http:\/\/www.diarioimagen.net\/?p=120064"},"modified":"2013-02-07T04:13:56","modified_gmt":"2013-02-07T10:13:56","slug":"el-tsjdf-comparte-experiencias-con-el-tribunal-de-michoacan","status":"publish","type":"post","link":"https:\/\/www.diarioimagen.net\/?p=120064","title":{"rendered":"El TSJDF comparte experiencias con el Tribunal de Michoac\u00e1n"},"content":{"rendered":"<ul>\n<li><em><strong>Dona tecnolog\u00eda de recopilaci\u00f3n estad\u00edstica\u00a0para que fortalezca sistemas de informaci\u00f3n<\/strong><\/em><\/li>\n<\/ul>\n<div id=\"attachment_120143\" style=\"width: 250px\" class=\"wp-caption alignleft\"><a href=\"http:\/\/www.diarioimagen.net\/wp-content\/uploads\/2013\/02\/edgar-2030.jpg\"><img loading=\"lazy\" decoding=\"async\" aria-describedby=\"caption-attachment-120143\" class=\"size-medium wp-image-120143\" alt=\"El Tribunal Superior de Justicia del Distrito Federtal firm\u00f3 un convenio con su hom\u00f3logo de Michoac\u00e1n, para compartir informaci\u00f3n de estad\u00edstica y sistemas.\" src=\"http:\/\/www.diarioimagen.net\/wp-content\/uploads\/2013\/02\/edgar-2030-240x135.jpg\" width=\"240\" height=\"135\" \/><\/a><p id=\"caption-attachment-120143\" class=\"wp-caption-text\">El Tribunal Superior de Justicia del Distrito Federtal firm\u00f3 un convenio con su hom\u00f3logo de Michoac\u00e1n, para compartir informaci\u00f3n de estad\u00edstica y sistemas.<\/p><\/div>\n<p>El Tribunal Superior de Justicia del Distrito Federal (TSJDF) compartir\u00e1 su experiencia y sus herramientas tecnol\u00f3gicas en materia de compilaci\u00f3n de estad\u00edstica con el Supremo Tribunal de Justicia del Estado de Michoac\u00e1n de Ocampo, con lo que el \u00f3rgano jurisdiccional de aquel estado fortalecer\u00e1 sus sistemas de informaci\u00f3n.<\/p>\n<p>En la firma del contrato de donaci\u00f3n del Sistema de Informaci\u00f3n Estad\u00edstica en Materia Penal (SIEMP) y del Sistema de Captura en L\u00ednea de Informaci\u00f3n (Clie), en representaci\u00f3n del presidente del TSJDF, magistrado Edgar El\u00edas Azar, el consejero de la Judicatura del Distrito Federal, Rafael Santa Ana Solano, destac\u00f3 los esfuerzos realizados en el Poder Judicial capitalino en materia del fortalecimiento del \u00e1rea de estad\u00edstica, lo que ha permitido la publicaci\u00f3n de tres anuarios estad\u00edsticos.<\/p>\n<p>Destac\u00f3 que la donaci\u00f3n de las herramientas tecnol\u00f3gicas del TSJDF en materia de compilaci\u00f3n de estad\u00edstica, es un paso en la unificaci\u00f3n de esta informaci\u00f3n entre los tribunales locales del pa\u00eds.<\/p>\n<p>Record\u00f3 que en el Distrito Federal ya hay unificaci\u00f3n en la recopilaci\u00f3n de informaci\u00f3n en el tema penal, en un esfuerzo coordinado con la Procuradur\u00eda General de Justicia del Distrito Federal y la Secretar\u00eda de Seguridad P\u00fablica capitalina.<\/p>\n<p>A su vez, el presidente del Poder Judicial michoacano, Alejandro Gonz\u00e1lez G\u00f3mez, dijo que con esta donaci\u00f3n se enriquecer\u00e1 la informaci\u00f3n estad\u00edstica del \u00f3rgano jurisdiccional, lo que repercutir\u00e1 en mayor transparencia, en beneficio de la sociedad.<\/p>\n<p>Gonz\u00e1lez G\u00f3mez a\u00f1adi\u00f3 que, asimismo, se facilitar\u00e1 el trabajo en cuanto a la toma de decisiones, as\u00ed como para enfrentar el reto que significa la implementaci\u00f3n del nuevo sistema de justicia penal.<\/p>\n<p>La conjunci\u00f3n de esfuerzos entre los poderes judiciales locales, subray\u00f3, es importante y fundamental, porque, al compartir las experiencias y herramientas, se est\u00e1 en mejores condiciones para responder a la ciudadan\u00eda.<\/p>\n<p>A la firma del contrato de donaci\u00f3n, efectuada en la sede del TSJDF, acudieron los consejeros de la Judicatura del Distrito Federal Norma Raquel Lagunes Alarc\u00f3n, Sandra Luz D\u00edaz Ortiz y H\u00e9ctor Samuel Casillas Macedo; asimismo, el oficial mayor de la instituci\u00f3n, Carlos Vargas Mart\u00ednez, y la directora de Estad\u00edstica de la presidencia del TSJDF, Ang\u00e9lica Mondrag\u00f3n P\u00e9rez.<\/p>\n<p>&nbsp;<\/p>\n","protected":false},"excerpt":{"rendered":"<p>El Tribunal Superior de Justicia del Distrito Federal (TSJDF) compartir\u00e1 su experiencia y sus herramientas tecnol\u00f3gicas en materia de compilaci\u00f3n de estad\u00edstica con el Supremo Tribunal de Justicia del Estado de Michoac\u00e1n de Ocampo, con lo que el \u00f3rgano jurisdiccional de aquel estado fortalecer\u00e1 sus sistemas de informaci\u00f3n.<\/p>\n","protected":false},"author":1,"featured_media":0,"comment_status":"open","ping_status":"open","sticky":false,"template":"","format":"standard","meta":{"_monsterinsights_skip_tracking":false,"_monsterinsights_sitenote_active":false,"_monsterinsights_sitenote_note":"","_monsterinsights_sitenote_category":0,"footnotes":""},"categories":[17,7],"tags":[43677,862],"class_list":["post-120064","post","type-post","status-publish","format-standard","hentry","category-especiales","category-seguridad","tag-seguridad","tag-tsjdf"],"_links":{"self":[{"href":"https:\/\/www.diarioimagen.net\/index.php?rest_route=\/wp\/v2\/posts\/120064","targetHints":{"allow":["GET"]}}],"collection":[{"href":"https:\/\/www.diarioimagen.net\/index.php?rest_route=\/wp\/v2\/posts"}],"about":[{"href":"https:\/\/www.diarioimagen.net\/index.php?rest_route=\/wp\/v2\/types\/post"}],"author":[{"embeddable":true,"href":"https:\/\/www.diarioimagen.net\/index.php?rest_route=\/wp\/v2\/users\/1"}],"replies":[{"embeddable":true,"href":"https:\/\/www.diarioimagen.net\/index.php?rest_route=%2Fwp%2Fv2%2Fcomments&post=120064"}],"version-history":[{"count":0,"href":"https:\/\/www.diarioimagen.net\/index.php?rest_route=\/wp\/v2\/posts\/120064\/revisions"}],"wp:attachment":[{"href":"https:\/\/www.diarioimagen.net\/index.php?rest_route=%2Fwp%2Fv2%2Fmedia&parent=120064"}],"wp:term":[{"taxonomy":"category","embeddable":true,"href":"https:\/\/www.diarioimagen.net\/index.php?rest_route=%2Fwp%2Fv2%2Fcategories&post=120064"},{"taxonomy":"post_tag","embeddable":true,"href":"https:\/\/www.diarioimagen.net\/index.php?rest_route=%2Fwp%2Fv2%2Ftags&post=120064"}],"curies":[{"name":"wp","href":"https:\/\/api.w.org\/{rel}","templated":true}]}}