{"id":120095,"date":"2013-02-06T00:13:40","date_gmt":"2013-02-06T06:13:40","guid":{"rendered":"http:\/\/www.diarioimagen.net\/?p=120095"},"modified":"2013-02-06T05:39:35","modified_gmt":"2013-02-06T11:39:35","slug":"edomex-tendra-su-teleferico-urbano-anuncia-eruviel-avila","status":"publish","type":"post","link":"https:\/\/www.diarioimagen.net\/?p=120095","title":{"rendered":"Edomex tendr\u00e1 su telef\u00e9rico urbano, anuncia Eruviel \u00c1vila"},"content":{"rendered":"<h2>Arco Norte<\/h2>\n<h5>Jos\u00e9 Luis Monta\u00f1ez Aguilar<\/h5>\n<p>&nbsp;<\/p>\n<ul>\n<li><em><strong>Mesa pol\u00edtica permanente en la entidad: Rojas D\u00e1vila<\/strong><\/em><\/li>\n<\/ul>\n<div id=\"attachment_120166\" style=\"width: 250px\" class=\"wp-caption alignleft\"><a href=\"http:\/\/www.diarioimagen.net\/wp-content\/uploads\/2013\/02\/eruviel-2030.jpg\"><img loading=\"lazy\" decoding=\"async\" aria-describedby=\"caption-attachment-120166\" class=\"size-medium wp-image-120166\" alt=\"El gobernador Eruviel \u00c1vila Villegas dio a conocer que su administraci\u00f3n inici\u00f3 los estudios de factibilidad para implementar el transporte de cable tipo telef\u00e9rico, denominado Mexicable, que en una primera etapa beneficiar\u00eda a Ecatepec y Naucalpan.\" src=\"http:\/\/www.diarioimagen.net\/wp-content\/uploads\/2013\/02\/eruviel-2030-240x135.jpg\" width=\"240\" height=\"135\" \/><\/a><p id=\"caption-attachment-120166\" class=\"wp-caption-text\">El gobernador Eruviel \u00c1vila Villegas dio a conocer que su administraci\u00f3n inici\u00f3 los estudios de factibilidad para implementar el transporte de cable tipo telef\u00e9rico, denominado Mexicable, que en una primera etapa beneficiar\u00eda a Ecatepec y Naucalpan.<\/p><\/div>\n<p>El gobernador Eruviel \u00c1vila Villegas dio a conocer que su\u00a0administraci\u00f3n inici\u00f3 los estudios de factibilidad para implementar en el Estado de M\u00e9xico el transporte de cable tipo telef\u00e9rico, denominado Mexicable, que busca una movilidad urbana efectiva, segura y viable, que ahorre tiempo en los recorridos, permita el acceso a zonas complicadas por su orograf\u00eda y represente una tecnolog\u00eda limpia que ayude a mejorar y preservar el medio ambiente; en una primera etapa beneficiar\u00eda a Ecatepec y Naucalpan. Este innovador sistema de transporte fortalece infraestructura, productividad, es sustentable, ecol\u00f3gico y seguro, afirm\u00f3. El Mexicable tendr\u00e1 tramos de 5 a 7 kil\u00f3metros y capacidad de 8 a 12 pasajeros por g\u00f3ndola. No es competencia, sino complemento del transporte urbano actual. Es un modelo probado en Brasil, Colombia y Venezuela que permite cruzar ca\u00f1adas y el acceso a zonas elevadas.<\/p>\n<p style=\"text-align: center;\"><strong>DI\u00c1LOGO POL\u00cdTICO CON TODOS\u00a0LOS ACTORES: ROJAS D\u00c1VILA<\/strong><\/p>\n<p>El Estado de M\u00e9xico tiene plena comunicaci\u00f3n, afirm\u00f3 el secretario de Gobierno, Efr\u00e9n Rojas D\u00e1vila, tras se\u00f1alar que la entidad afortunadamente con Eruviel \u00c1vila ha tenido desde el 16 de septiembre del 2011 una mesa pol\u00edtica permanente, no son necesarias estrategias adicionales, yo me reitero a la disposici\u00f3n de todos los actores pol\u00edticos para cuando ellos requieran de alg\u00fan tema a tratar y estaremos prestos a hacerlo. Yo dir\u00eda que el Estado de M\u00e9xico est\u00e1 preparado para mantener las condiciones de paz, el Estado de M\u00e9xico y la autoridad promueve la paz, promueve el ejercicio de respeto entre la ciudadan\u00eda y en ese clima nos vamos a mantener.<\/p>\n<p style=\"text-align: center;\"><strong>GEM AHORRA 700 MILLONES\u00a0DE PESOS CADA A\u00d1O: EMR<\/strong><\/p>\n<p>Durante la ceremonia por los aniversarios CLVI y XCVI de la promulgaci\u00f3n de las constituciones federales de 1857 y 1917, el secretario estatal de Finanzas, Erasto Mart\u00ednez Rojas inform\u00f3 que gracias al\u00a0 decreto de austeridad, implementado por el gobernador Eruviel \u00c1vila Villegas, la administraci\u00f3n estatal generar\u00e1 ahorros y mejorar\u00e1 el empleo del gasto p\u00fablico, logrando ser un gobierno solidario y responsable con los recursos p\u00fablicos, al contar tambi\u00e9n con una planeaci\u00f3n estrat\u00e9gica con visi\u00f3n a largo plazo. Explic\u00f3 que este decreto obliga a hacer m\u00e1s con menos, situaci\u00f3n que exige a los servidores p\u00fablicos multiplicar el esfuerzo cotidiano, ya que as\u00ed se generar\u00e1n ahorros por m\u00e1s de 700 millones de pesos al a\u00f1o.<\/p>\n<p><em><a href=\"mailto:montanezaguilar@gmail.com\" target=\"_blank\">montanezaguilar@gmail.com<\/a><\/em><\/p>\n","protected":false},"excerpt":{"rendered":"<p><span style=\"color: #005497;\"><strong>Jos\u00e9 Luis Monta\u00f1ez Aguilar<\/strong><\/span><br \/>\n<br \/>\nEl gobernador Eruviel \u00c1vila Villegas dio a conocer que su administraci\u00f3n inici\u00f3 los estudios de factibilidad para implementar en el Estado de M\u00e9xico el transporte de cable tipo telef\u00e9rico, denominado Mexicable, que busca una movilidad urbana efectiva, segura y viable, que ahorre tiempo en los recorridos, permita el acceso a zonas complicadas por su orograf\u00eda y represente una tecnolog\u00eda limpia que ayude a mejorar y preservar el medio ambiente; en una primera etapa beneficiar\u00eda a Ecatepec y Naucalpan. <\/p>\n","protected":false},"author":1,"featured_media":0,"comment_status":"open","ping_status":"open","sticky":false,"template":"","format":"standard","meta":{"_monsterinsights_skip_tracking":false,"_monsterinsights_sitenote_active":false,"_monsterinsights_sitenote_note":"","_monsterinsights_sitenote_category":0,"footnotes":""},"categories":[5],"tags":[13284,454,5828,43675,43704,970],"class_list":["post-120095","post","type-post","status-publish","format-standard","hentry","category-estado-de-mexico","tag-arco-norte","tag-ecatepec","tag-eruviel-avila-villegas","tag-estado-de-mexico","tag-jose-luis-montanez-aguilar","tag-naucalpan"],"_links":{"self":[{"href":"https:\/\/www.diarioimagen.net\/index.php?rest_route=\/wp\/v2\/posts\/120095","targetHints":{"allow":["GET"]}}],"collection":[{"href":"https:\/\/www.diarioimagen.net\/index.php?rest_route=\/wp\/v2\/posts"}],"about":[{"href":"https:\/\/www.diarioimagen.net\/index.php?rest_route=\/wp\/v2\/types\/post"}],"author":[{"embeddable":true,"href":"https:\/\/www.diarioimagen.net\/index.php?rest_route=\/wp\/v2\/users\/1"}],"replies":[{"embeddable":true,"href":"https:\/\/www.diarioimagen.net\/index.php?rest_route=%2Fwp%2Fv2%2Fcomments&post=120095"}],"version-history":[{"count":0,"href":"https:\/\/www.diarioimagen.net\/index.php?rest_route=\/wp\/v2\/posts\/120095\/revisions"}],"wp:attachment":[{"href":"https:\/\/www.diarioimagen.net\/index.php?rest_route=%2Fwp%2Fv2%2Fmedia&parent=120095"}],"wp:term":[{"taxonomy":"category","embeddable":true,"href":"https:\/\/www.diarioimagen.net\/index.php?rest_route=%2Fwp%2Fv2%2Fcategories&post=120095"},{"taxonomy":"post_tag","embeddable":true,"href":"https:\/\/www.diarioimagen.net\/index.php?rest_route=%2Fwp%2Fv2%2Ftags&post=120095"}],"curies":[{"name":"wp","href":"https:\/\/api.w.org\/{rel}","templated":true}]}}