{"id":120228,"date":"2013-02-07T00:04:58","date_gmt":"2013-02-07T06:04:58","guid":{"rendered":"http:\/\/www.diarioimagen.net\/?p=120228"},"modified":"2013-02-07T04:16:19","modified_gmt":"2013-02-07T10:16:19","slug":"vigilancia","status":"publish","type":"post","link":"https:\/\/www.diarioimagen.net\/?p=120228","title":{"rendered":"Vigilancia"},"content":{"rendered":"<h2>Punto por punto<\/h2>\n<h5>Augusto Corro<\/h5>\n<p>&nbsp;<\/p>\n<p>Se inici\u00f3 una nueva campa\u00f1a a favor de la seguridad capitalina. La Polic\u00eda Preventiva revisar\u00e1 las unidades del transporte p\u00fablico con el objeto de combatir la delincuencia.<\/p>\n<p>La inspecci\u00f3n policiaca incluir\u00e1 autobuses, microbuses, combis y taxis. Los pasajeros ser\u00e1n cateados.<\/p>\n<p>La revisi\u00f3n se llevar\u00e1 a cabo en varios puntos del Distrito Federal. La medida optada por las autoridades del Distrito Federal es positiva.<\/p>\n<p>Los asaltos, agresiones y muertes a bordo del transporte p\u00fablico se han convertido en acciones cotidianas que padecen los pasajeros.<\/p>\n<p>El titular de la Secretar\u00eda de Seguridad P\u00fablica del Distrito Federal, Jes\u00fas Rodr\u00edguez, dijo que el prop\u00f3sito del operativo es \u201creducir los \u00edndices delictivos, no generar impunidad en la ciudad y por supuesto lograr que autoridades y ciudadanos tengan contacto directo\u201d.<\/p>\n<p>La vigilancia en el transporte p\u00fablico se notar\u00e1 con la captura de maleantes. Estos tendr\u00e1n que ser llevados ante el Ministerio P\u00fablico. \u00bfQu\u00e9 pasar\u00e1 en esta instancia?\u00a0 Aqu\u00ed es donde surge la duda. \u00bfCu\u00e1l ser\u00e1 la actitud de los representantes del MP, cuya honestidad est\u00e1 en entredicho? \u00bfLas autoridades habr\u00e1n contemplado este negrito en el arroz?\u00a0 Porque de nada servir\u00eda el esfuerzo de los uniformados en detener delincuentes si en las oficinas del MP son dejados en libertad.<\/p>\n<p>Independientemente del operativo de la Polic\u00eda del Transporte, es importante una mayor coordinaci\u00f3n de las polic\u00edas, una reorganizaci\u00f3n por zonas y mayor criterio en la colaboraci\u00f3n. Por ejemplo, hacer a un lado esa inflexible idea de que \u201cno es mi territorio y no puedo hacerme cargo del asunto\u201d. Si hay disposici\u00f3n de proteger a la ciudadan\u00eda, lo mejor es implementar un programa integral que incluya medidas preventivas en la sociedad.<\/p>\n<p>Por cierto, ser\u00e1 interesante saber con cu\u00e1ntas patrullas cuenta la polic\u00eda capitalina para brindar seguridad a la poblaci\u00f3n de una de las ciudades m\u00e1s grandes del mundo.\u00a0 Porque no se trata de tapar y destapar agujeros.<\/p>\n<p>A todo esto, los elementos policiacos que participan en la revisi\u00f3n y cateos a veh\u00edculos y ciudadanos, deben manifestar educaci\u00f3n y cortes\u00eda, para que su imagen negativa no se repita, como ocurri\u00f3 en la implantada por la Conago, de triste memoria.<\/p>\n<p align=\"center\"><b>HISTORIA Y TIEMPO<\/b><\/p>\n<p>Es tal la vanidad del ser humano, que dif\u00edcilmente espera que el tiempo se encargue de juzgarlo por sus actos y sus obras.\u00a0 Me refiero a los hombres que realizan tareas p\u00fablicas, como los presidentes, gobernadores, artistas, l\u00edderes, etc.<\/p>\n<p>Una vez que el tiempo se encargue de aprobar o reprobar los actos y las obras de funcionarios, artistas, etc., la sociedad debe actuar, en consecuencia, para honrar o condenar, no antes.<\/p>\n<p>Sin embargo, para calificar a\u00a0 los dictadores, s\u00e1trapas o delincuentes, no es necesario el paso del tiempo. Sus hechos los denuncian como enemigos de la humanidad.<\/p>\n<p>Todo esto viene a cuento, por la actitud del ex gobernador de Chiapas, Juan Sabines. Un funcionario que se apoy\u00f3 en la frivolidad y en la mala administraci\u00f3n durante su gobierno. Sin embargo, no tuvo empacho en mandarse a hacer un busto de su imagen y colocarlo en un lugar p\u00fablico. \u00bfQui\u00e9n fue Sabines para honrarlo p\u00fablicamente a trav\u00e9s de un busto? Como se\u00f1alamos, se trat\u00f3 de un mandatario que dej\u00f3 en quiebra a la entidad y los problemas en el erario chiapaneco son m\u00faltiples. Es posible que Sabines sea llamado a rendir cuentas ante la justicia.<\/p>\n<p>Quiz\u00e1, por esa raz\u00f3n, algunos ciudadanos que conocen el problema que enfrenta la entidad, optaron por derribar de su pedestal la efigie de Sabines.\u00a0 El busto se dio por desaparecido, pero hace unos d\u00edas apareci\u00f3 en una bodega.<\/p>\n<p>La prudencia aconseja que el busto de Sabines debe continuar donde se encuentra, con el \u00fanico fin de que no le recuerden a su progenitora cada vez que lo vean, con su cara de palo, montado en el pedestal de la ignominia.<\/p>\n<p><em><a href=\"mailto:aco2742@hotmail.com\" target=\"_blank\">aco2742@hotmail.com<\/a><\/em><\/p>\n<p>&nbsp;<\/p>\n","protected":false},"excerpt":{"rendered":"<p><span style=\"color: #005497;\"><strong>Augusto Corro<\/strong><\/span><\/p>\n","protected":false},"author":1,"featured_media":0,"comment_status":"open","ping_status":"open","sticky":false,"template":"","format":"standard","meta":{"_monsterinsights_skip_tracking":false,"_monsterinsights_sitenote_active":false,"_monsterinsights_sitenote_note":"","_monsterinsights_sitenote_category":0,"footnotes":""},"categories":[157],"tags":[43686,43674,11515],"class_list":["post-120228","post","type-post","status-publish","format-standard","hentry","category-augusto-corro","tag-augusto-corro","tag-opinion","tag-punto-por-punto"],"_links":{"self":[{"href":"https:\/\/www.diarioimagen.net\/index.php?rest_route=\/wp\/v2\/posts\/120228","targetHints":{"allow":["GET"]}}],"collection":[{"href":"https:\/\/www.diarioimagen.net\/index.php?rest_route=\/wp\/v2\/posts"}],"about":[{"href":"https:\/\/www.diarioimagen.net\/index.php?rest_route=\/wp\/v2\/types\/post"}],"author":[{"embeddable":true,"href":"https:\/\/www.diarioimagen.net\/index.php?rest_route=\/wp\/v2\/users\/1"}],"replies":[{"embeddable":true,"href":"https:\/\/www.diarioimagen.net\/index.php?rest_route=%2Fwp%2Fv2%2Fcomments&post=120228"}],"version-history":[{"count":0,"href":"https:\/\/www.diarioimagen.net\/index.php?rest_route=\/wp\/v2\/posts\/120228\/revisions"}],"wp:attachment":[{"href":"https:\/\/www.diarioimagen.net\/index.php?rest_route=%2Fwp%2Fv2%2Fmedia&parent=120228"}],"wp:term":[{"taxonomy":"category","embeddable":true,"href":"https:\/\/www.diarioimagen.net\/index.php?rest_route=%2Fwp%2Fv2%2Fcategories&post=120228"},{"taxonomy":"post_tag","embeddable":true,"href":"https:\/\/www.diarioimagen.net\/index.php?rest_route=%2Fwp%2Fv2%2Ftags&post=120228"}],"curies":[{"name":"wp","href":"https:\/\/api.w.org\/{rel}","templated":true}]}}