{"id":120250,"date":"2013-02-07T00:13:06","date_gmt":"2013-02-07T06:13:06","guid":{"rendered":"http:\/\/www.diarioimagen.net\/?p=120250"},"modified":"2013-02-07T04:26:42","modified_gmt":"2013-02-07T10:26:42","slug":"reforma-educativa-tarea-de-todos-afirma-eruviel-avila-villegas","status":"publish","type":"post","link":"https:\/\/www.diarioimagen.net\/?p=120250","title":{"rendered":"Reforma educativa, tarea de todos, afirma Eruviel \u00c1vila Villegas"},"content":{"rendered":"<h2>Arco Norte<\/h2>\n<h5>Jos\u00e9 Luis Monta\u00f1ez Aguilar<\/h5>\n<p>&nbsp;<\/p>\n<ul>\n<li><em><strong>D\u00edgale a Pe\u00f1a Nieto que los maestros somos sus amigos: Elba Esther Gordillo<\/strong><\/em><\/li>\n<\/ul>\n<p><a href=\"http:\/\/www.diarioimagen.net\/wp-content\/uploads\/2013\/02\/eruviel-2031.jpg\"><img loading=\"lazy\" decoding=\"async\" class=\"alignleft size-medium wp-image-120347\" style=\"margin-right: 9px; margin-bottom: 9px;\" alt=\"eruviel-2031\" src=\"http:\/\/www.diarioimagen.net\/wp-content\/uploads\/2013\/02\/eruviel-2031-240x135.jpg\" width=\"240\" height=\"135\" \/><\/a>El gobernador Eruviel \u00c1vila Villegas asegur\u00f3 ante representantes del gremio magisterial en Tlalnepantla, que la reforma educativa propuesta por el presidente Enrique Pe\u00f1a Nieto tiene el objetivo de mejorar significativamente la calidad de la educaci\u00f3n del pa\u00eds y contribuir\u00e1 a fortalecer los derechos de los maestros, adem\u00e1s de incentivar y apoyar el desarrollo de su profesi\u00f3n,\u00a0reconociendo sus m\u00e9ritos, formaci\u00f3n y logros, por lo que invit\u00f3 a los gobiernos estatales, municipales, padres de familia, estudiantes y mentores a hacer la parte que a cada quien corresponde para hacerla realidad.<\/p>\n<p style=\"text-align: center;\"><strong>ELBA ESTHER GORDILLO<\/strong><\/p>\n<p>\u201cDoctor Eruviel \u00c1vila, por favor transmita al se\u00f1or Presidente que los maestros de M\u00e9xico somos sus amigos, lo hemos sido siempre y lo seguiremos siendo por el bien de la patria\u201d, expres\u00f3 la lideresa nacional del SNTE, Elba Esther Gordillo Morales, quien asegur\u00f3 que los maestros est\u00e1n con el presidente Enrique Pe\u00f1a, en el esfuerzo de la modernizaci\u00f3n educativa, para profundizar y elevar la calidad de la ense\u00f1anza en el pa\u00eds. No que no tronabas pistolita.<\/p>\n<p style=\"text-align: center;\"><strong>CANJE DE ARMAS EN EDOMEX<\/strong><\/p>\n<p>El secretario de Seguridad Ciudadana, Salvador Neme Sastr\u00e9, anunci\u00f3 el arranque del\u00a0 programa Canje de Armas 2013, que ser\u00e1 implementado en 39 municipios mexiquenses del 11 de febrero al 21 de abril. Cuenta con una inversi\u00f3n de 7.3 millones de pesos y tiene como objetivo cambiar estos artefactos por efectivo o equipo de c\u00f3mputo,\u00a0y con ello disminuir la cantidad de armas en las calles y los \u00edndices delictivos en la entidad.<\/p>\n<p style=\"text-align: center;\"><strong>TOMA PROTESTA A BETINA CH\u00c1VEZ<\/strong><\/p>\n<p>El gobernador Eruviel \u00c1vila tom\u00f3 protesta a Betina Ch\u00e1vez Soriano, como coordinadora de Asuntos Internacionales del gobierno del Estado de M\u00e9xico, quien se desempe\u00f1aba como directora general de Coordinaci\u00f3n Pol\u00edtica en la Secretar\u00eda de Relaciones Exteriores y a quien encomend\u00f3 vincular a la entidad con otras naciones en temas culturales, de comercio y educaci\u00f3n, adem\u00e1s de asesorar en la Comisi\u00f3n de Asuntos Internacionales de la Conferencia Nacional de Gobernadores (Conago), que encabeza el Ejecutivo estatal.<\/p>\n<p><em><a href=\"mailto:montanezaguilar@gmail.com\" target=\"_blank\">montanezaguilar@gmail.com<\/a><\/em><\/p>\n","protected":false},"excerpt":{"rendered":"<p><span style=\"color: #005497;\"><strong>Jos\u00e9 Luis Monta\u00f1ez Aguilar<\/strong><\/span><br \/>\n<br \/>\nEl gobernador Eruviel \u00c1vila Villegas asegur\u00f3 ante representantes del gremio magisterial en Tlalnepantla, que la reforma educativa propuesta por el presidente Enrique Pe\u00f1a Nieto tiene el objetivo de mejorar significativamente la calidad de la educaci\u00f3n del pa\u00eds y contribuir\u00e1 a fortalecer los derechos de los maestros, adem\u00e1s de incentivar y apoyar el desarrollo de su profesi\u00f3n, reconociendo sus m\u00e9ritos, formaci\u00f3n y logros, por lo que invit\u00f3 a los gobiernos estatales, municipales, padres de familia, estudiantes y mentores a hacer la parte que a cada quien corresponde para hacerla realidad.<\/p>\n","protected":false},"author":1,"featured_media":0,"comment_status":"open","ping_status":"open","sticky":false,"template":"","format":"standard","meta":{"_monsterinsights_skip_tracking":false,"_monsterinsights_sitenote_active":false,"_monsterinsights_sitenote_note":"","_monsterinsights_sitenote_category":0,"footnotes":""},"categories":[5],"tags":[13284,2873,5828,43675,43704],"class_list":["post-120250","post","type-post","status-publish","format-standard","hentry","category-estado-de-mexico","tag-arco-norte","tag-elba-esther-gordillo-morales","tag-eruviel-avila-villegas","tag-estado-de-mexico","tag-jose-luis-montanez-aguilar"],"_links":{"self":[{"href":"https:\/\/www.diarioimagen.net\/index.php?rest_route=\/wp\/v2\/posts\/120250","targetHints":{"allow":["GET"]}}],"collection":[{"href":"https:\/\/www.diarioimagen.net\/index.php?rest_route=\/wp\/v2\/posts"}],"about":[{"href":"https:\/\/www.diarioimagen.net\/index.php?rest_route=\/wp\/v2\/types\/post"}],"author":[{"embeddable":true,"href":"https:\/\/www.diarioimagen.net\/index.php?rest_route=\/wp\/v2\/users\/1"}],"replies":[{"embeddable":true,"href":"https:\/\/www.diarioimagen.net\/index.php?rest_route=%2Fwp%2Fv2%2Fcomments&post=120250"}],"version-history":[{"count":0,"href":"https:\/\/www.diarioimagen.net\/index.php?rest_route=\/wp\/v2\/posts\/120250\/revisions"}],"wp:attachment":[{"href":"https:\/\/www.diarioimagen.net\/index.php?rest_route=%2Fwp%2Fv2%2Fmedia&parent=120250"}],"wp:term":[{"taxonomy":"category","embeddable":true,"href":"https:\/\/www.diarioimagen.net\/index.php?rest_route=%2Fwp%2Fv2%2Fcategories&post=120250"},{"taxonomy":"post_tag","embeddable":true,"href":"https:\/\/www.diarioimagen.net\/index.php?rest_route=%2Fwp%2Fv2%2Ftags&post=120250"}],"curies":[{"name":"wp","href":"https:\/\/api.w.org\/{rel}","templated":true}]}}