{"id":120265,"date":"2013-02-07T00:03:35","date_gmt":"2013-02-07T06:03:35","guid":{"rendered":"http:\/\/www.diarioimagen.net\/?p=120265"},"modified":"2013-02-08T04:11:27","modified_gmt":"2013-02-08T10:11:27","slug":"la-reforma-educativa-ya-es-constitucional","status":"publish","type":"post","link":"https:\/\/www.diarioimagen.net\/?p=120265","title":{"rendered":"La reforma educativa ya es constitucional"},"content":{"rendered":"<ul>\n<li><em><b>Fue remitida al Senado de la Rep\u00fablica<\/b><\/em><\/li>\n<\/ul>\n<p>&nbsp;<\/p>\n<div id=\"attachment_120329\" style=\"width: 250px\" class=\"wp-caption alignleft\"><a href=\"http:\/\/www.diarioimagen.net\/wp-content\/uploads\/2013\/02\/diputados-2031.jpg\"><img loading=\"lazy\" decoding=\"async\" aria-describedby=\"caption-attachment-120329\" class=\"size-medium wp-image-120329\" alt=\"Durante el pleno de la C\u00e1mara de Diputados se hizo ayer la declaratoria constitucional de la reforma educativa.\" src=\"http:\/\/www.diarioimagen.net\/wp-content\/uploads\/2013\/02\/diputados-2031-240x135.jpg\" width=\"240\" height=\"135\" \/><\/a><p id=\"caption-attachment-120329\" class=\"wp-caption-text\">Durante el pleno de la C\u00e1mara de Diputados se hizo ayer la declaratoria constitucional de la reforma educativa.<\/p><\/div>\n<p>El pleno de la C\u00e1mara de Diputados realiz\u00f3 la declaratoria de constitucionalidad de la reforma educativa, al ser aprobada por m\u00e1s de 50 por ciento de los congresos locales del pa\u00eds, inform\u00f3 el presidente de la mesa directiva, Francisco Arroyo Vieyra. Precis\u00f3 que 23 congresos aprobaron la reforma constitucional fueron Aguascalientes, Baja California, Baja California Sur, Campeche, Chiapas, Chihuahua, Coahuila, Colima, Durango, Guerrero e Hidalgo.<\/p>\n<p>As\u00ed como las legislaturas de Jalisco, M\u00e9xico, Nayarit, Puebla, Quer\u00e9taro, Quintana Roo, San Luis Potos\u00ed, Sinaloa, Tamaulipas, Veracruz, Yucat\u00e1n y Zacatecas.<\/p>\n<p>La reforma a los art\u00edculos tercero y 73 de la Constituci\u00f3n Pol\u00edtica, ser\u00e1 remitida al Senado de la Rep\u00fablica para los efectos constitucionales correspondientes, se dio la lista de los congresos que la han aprobado esta reforma constitucional. Al fijar su postura, las bancadas de Nueva Alianza y de Movimiento Ciudadano se pronunciaron en contra, mientras que los partidos Revolucionario Institucional (PRI), Acci\u00f3n Nacional (PAN) y de la Revoluci\u00f3n Democr\u00e1tica (PRD) se manifestaron a favor.<\/p>\n","protected":false},"excerpt":{"rendered":"<p>El pleno de la C\u00e1mara de Diputados realiz\u00f3 la declaratoria de constitucionalidad de la reforma educativa, al ser aprobada por m\u00e1s de 50 por ciento de los congresos locales del pa\u00eds, inform\u00f3 el presidente de la mesa directiva, Francisco Arroyo Vieyra. <\/p>\n","protected":false},"author":1,"featured_media":0,"comment_status":"open","ping_status":"open","sticky":false,"template":"","format":"standard","meta":{"_monsterinsights_skip_tracking":false,"_monsterinsights_sitenote_active":false,"_monsterinsights_sitenote_note":"","_monsterinsights_sitenote_category":0,"footnotes":""},"categories":[17,3],"tags":[43673,25687,116],"class_list":["post-120265","post","type-post","status-publish","format-standard","hentry","category-especiales","category-nacional","tag-nacional","tag-reforma-educativa","tag-senado-de-la-republica"],"_links":{"self":[{"href":"https:\/\/www.diarioimagen.net\/index.php?rest_route=\/wp\/v2\/posts\/120265","targetHints":{"allow":["GET"]}}],"collection":[{"href":"https:\/\/www.diarioimagen.net\/index.php?rest_route=\/wp\/v2\/posts"}],"about":[{"href":"https:\/\/www.diarioimagen.net\/index.php?rest_route=\/wp\/v2\/types\/post"}],"author":[{"embeddable":true,"href":"https:\/\/www.diarioimagen.net\/index.php?rest_route=\/wp\/v2\/users\/1"}],"replies":[{"embeddable":true,"href":"https:\/\/www.diarioimagen.net\/index.php?rest_route=%2Fwp%2Fv2%2Fcomments&post=120265"}],"version-history":[{"count":0,"href":"https:\/\/www.diarioimagen.net\/index.php?rest_route=\/wp\/v2\/posts\/120265\/revisions"}],"wp:attachment":[{"href":"https:\/\/www.diarioimagen.net\/index.php?rest_route=%2Fwp%2Fv2%2Fmedia&parent=120265"}],"wp:term":[{"taxonomy":"category","embeddable":true,"href":"https:\/\/www.diarioimagen.net\/index.php?rest_route=%2Fwp%2Fv2%2Fcategories&post=120265"},{"taxonomy":"post_tag","embeddable":true,"href":"https:\/\/www.diarioimagen.net\/index.php?rest_route=%2Fwp%2Fv2%2Ftags&post=120265"}],"curies":[{"name":"wp","href":"https:\/\/api.w.org\/{rel}","templated":true}]}}