{"id":120283,"date":"2013-02-07T00:09:43","date_gmt":"2013-02-07T06:09:43","guid":{"rendered":"http:\/\/www.diarioimagen.net\/?p=120283"},"modified":"2013-02-07T04:34:59","modified_gmt":"2013-02-07T10:34:59","slug":"caen-8-en-primer-dia-de-la-policia-del-transporte","status":"publish","type":"post","link":"https:\/\/www.diarioimagen.net\/?p=120283","title":{"rendered":"Caen 8 en primer d\u00eda de la Polic\u00eda del Transporte"},"content":{"rendered":"<ul>\n<li><em><strong>Revisan autobuses, microbuses y combis<\/strong><\/em><\/li>\n<\/ul>\n<div id=\"attachment_120371\" style=\"width: 250px\" class=\"wp-caption alignleft\"><a href=\"http:\/\/www.diarioimagen.net\/wp-content\/uploads\/2013\/02\/Transporte-2031.jpg\"><img loading=\"lazy\" decoding=\"async\" aria-describedby=\"caption-attachment-120371\" class=\"size-medium wp-image-120371\" alt=\"La Polic\u00eda del Transporte comenz\u00f3 la revisi\u00f3n de microbuses y encontr\u00f3 desde macanas hasta armas que portan los choferes de servicio p\u00fablico.\" src=\"http:\/\/www.diarioimagen.net\/wp-content\/uploads\/2013\/02\/Transporte-2031-240x135.jpg\" width=\"240\" height=\"135\" \/><\/a><p id=\"caption-attachment-120371\" class=\"wp-caption-text\">La Polic\u00eda del Transporte comenz\u00f3 la revisi\u00f3n de microbuses y encontr\u00f3 desde macanas hasta armas que portan los choferes de servicio p\u00fablico.<\/p><\/div>\n<p>Durante el primer d\u00eda de operaci\u00f3n, elementos de la Polic\u00eda del Transporte de la Secretar\u00eda de Seguridad P\u00fablica del Distrito Federal (SSPDF) detuvieron a ocho personas en operativos en las delegaciones Gustavo A. Madero, Iztacalco e Iztapalapa.<\/p>\n<p>En un comunicado, la dependencia inform\u00f3 que la primera acci\u00f3n se registr\u00f3 cuando uniformados realizaban labores de vigilancia en el paradero Deportivo Ocean\u00eda, y all\u00ed le marcaron el alto al conductor de una camioneta del servicio colectivo.<\/p>\n<p>Al revisar a los pasajeros detectaron que H\u00e9ctor Hugo Montes de Oca Guti\u00e9rrez ten\u00eda en su poder una bolsa de pl\u00e1stico que conten\u00eda un cargador para arma de fuego y 75 cartuchos \u00fatiles calibre 7.62 mil\u00edmetros, de uso exclusivo de las fuerza armadas. Al no poder acreditar la posesi\u00f3n de los objetos, esta persona qued\u00f3 a disposici\u00f3n de la Agencia Centro Operativo Estrat\u00e9gico (COE) de la Procuradur\u00eda General de la Rep\u00fablica (PGR) ubicada en la delegaci\u00f3n Gustavo A. Madero, donde se inici\u00f3 la averiguaci\u00f3n previa correspondiente.<\/p>\n<p>En otro caso, tres probables ladrones fueron detenidos en la colonia Agr\u00edcola Oriental, en la delegaci\u00f3n Iztacalco, quienes asaltaron a los pasajeros de un microb\u00fas en la esquina de la calzada Ignacio Zaragoza y Oriente 257.<\/p>\n<p>Los presuntos responsables dijeron llamarse C\u00e9sar Eduardo Garc\u00eda Armenta, Jos\u00e9 Alberto S\u00e1nchez y Erick Galv\u00e1n, quienes fueron presentados ante la Agencia 18 del Ministerio P\u00fablico a petici\u00f3n de los afectados que acudieron a levantar la denuncia correspondiente.<\/p>\n<p>En otro aseguramiento registrado en la misma colonia fueron detenidos \u00c1ngel Alfredo Soriano \u00c1vila y Leyden Ozuna Morales, quienes despojaron de sus pertenencias al pasajero de un microb\u00fas, cerca de la estaci\u00f3n del Metro Canal de San Juan.<\/p>\n<p>En la delegaci\u00f3n Iztapalapa, en similares circunstancias, fueron capturados Jorge Alberto Pacheco Beltr\u00e1n y Ra\u00fal Rosales L\u00f3pez, luego de ser denunciados por robo a bordo de un transporte p\u00fablico que circulaba por calles de la colonia Presidentes de M\u00e9xico.<\/p>\n<p>Estos sujetos quedaron a disposici\u00f3n del Ministerio P\u00fablico de la Coordinaci\u00f3n Territorial de Seguridad P\u00fablica y Procuraci\u00f3n de Justicia IZP-8, donde se definir\u00e1 su situaci\u00f3n jur\u00eddica.<\/p>\n<p>&nbsp;<\/p>\n","protected":false},"excerpt":{"rendered":"<p>Durante el primer d\u00eda de operaci\u00f3n, elementos de la Polic\u00eda del Transporte de la Secretar\u00eda de Seguridad P\u00fablica del Distrito Federal (SSPDF) detuvieron a ocho personas en operativos en las delegaciones Gustavo A. Madero, Iztacalco e Iztapalapa.<\/p>\n","protected":false},"author":1,"featured_media":0,"comment_status":"open","ping_status":"open","sticky":false,"template":"","format":"standard","meta":{"_monsterinsights_skip_tracking":false,"_monsterinsights_sitenote_active":false,"_monsterinsights_sitenote_note":"","_monsterinsights_sitenote_category":0,"footnotes":""},"categories":[6],"tags":[39,2644,4962],"class_list":["post-120283","post","type-post","status-publish","format-standard","hentry","category-cd-de-mexico","tag-distrito-federal","tag-secretaria-de-seguridad-publica","tag-transporte-publico"],"_links":{"self":[{"href":"https:\/\/www.diarioimagen.net\/index.php?rest_route=\/wp\/v2\/posts\/120283","targetHints":{"allow":["GET"]}}],"collection":[{"href":"https:\/\/www.diarioimagen.net\/index.php?rest_route=\/wp\/v2\/posts"}],"about":[{"href":"https:\/\/www.diarioimagen.net\/index.php?rest_route=\/wp\/v2\/types\/post"}],"author":[{"embeddable":true,"href":"https:\/\/www.diarioimagen.net\/index.php?rest_route=\/wp\/v2\/users\/1"}],"replies":[{"embeddable":true,"href":"https:\/\/www.diarioimagen.net\/index.php?rest_route=%2Fwp%2Fv2%2Fcomments&post=120283"}],"version-history":[{"count":0,"href":"https:\/\/www.diarioimagen.net\/index.php?rest_route=\/wp\/v2\/posts\/120283\/revisions"}],"wp:attachment":[{"href":"https:\/\/www.diarioimagen.net\/index.php?rest_route=%2Fwp%2Fv2%2Fmedia&parent=120283"}],"wp:term":[{"taxonomy":"category","embeddable":true,"href":"https:\/\/www.diarioimagen.net\/index.php?rest_route=%2Fwp%2Fv2%2Fcategories&post=120283"},{"taxonomy":"post_tag","embeddable":true,"href":"https:\/\/www.diarioimagen.net\/index.php?rest_route=%2Fwp%2Fv2%2Ftags&post=120283"}],"curies":[{"name":"wp","href":"https:\/\/api.w.org\/{rel}","templated":true}]}}