{"id":120286,"date":"2013-02-07T00:07:22","date_gmt":"2013-02-07T06:07:22","guid":{"rendered":"http:\/\/www.diarioimagen.net\/?p=120286"},"modified":"2013-02-07T04:32:14","modified_gmt":"2013-02-07T10:32:14","slug":"aldf-pide-informe-sobre-parquimetros","status":"publish","type":"post","link":"https:\/\/www.diarioimagen.net\/?p=120286","title":{"rendered":"ALDF pide informe sobre parqu\u00edmetros"},"content":{"rendered":"<ul>\n<li><em><strong>Exige transparencia en su adquisici\u00f3n<\/strong><\/em><\/li>\n<\/ul>\n<div id=\"attachment_120364\" style=\"width: 250px\" class=\"wp-caption alignleft\"><a href=\"http:\/\/www.diarioimagen.net\/wp-content\/uploads\/2013\/02\/ALDF-2031.jpg\"><img loading=\"lazy\" decoding=\"async\" aria-describedby=\"caption-attachment-120364\" class=\"size-medium wp-image-120364 \" alt=\"ww\" src=\"http:\/\/www.diarioimagen.net\/wp-content\/uploads\/2013\/02\/ALDF-2031-240x159.jpg\" width=\"240\" height=\"159\" \/><\/a><p id=\"caption-attachment-120364\" class=\"wp-caption-text\">La Asamblea Legislativa pidi\u00f3 al jefe de gobierno del DF un informe sobre los parqu\u00edmetros.<\/p><\/div>\n<p>La Diputaci\u00f3n Permanente de la Asamblea Legislativa del Distrito Federal (ALDF) exhort\u00f3 a las secretar\u00edas de Transportes y Vialidad y de Desarrollo Urbano y Vivienda a presentar un informe sobre la instalaci\u00f3n de parqu\u00edmetros.<\/p>\n<p>La propuesta, aprobada durante la sesi\u00f3n de ayer, pide a los titulares de las dependencias locales, Rufino Le\u00f3n Tovar y Sim\u00f3n Neumann, respectivamente, que se transparenten los tr\u00e1mites sobre la adquisici\u00f3n, ubicaci\u00f3n, instalaci\u00f3n, ganancias y distribuci\u00f3n de esos aparatos.<\/p>\n<p>La iniciativa que presentaron los diputados Daniel Ordo\u00f1ez, Esthela Dami\u00e1n, Efra\u00edn Morales, Lucila Estela Hern\u00e1ndez y Claudia Guadalupe Cort\u00e9s, solicita pide que se transparente el procedimiento mediante el cual se autoriz\u00f3 la entrega de Permisos Administrativos Temporales Revocables (PATR) a diversas empresas para la operaci\u00f3n de parqu\u00edmetros.<\/p>\n<p>Al respecto, el \u00f3rgano legislativo local pidi\u00f3 a la Oficial\u00eda Mayor, a la Autoridad del Espacio P\u00fablico, la Direcci\u00f3n General del Patrimonio Inmobiliario capitalina, detallar la entrega de esos permisos para uso y aprovechamiento de espacios de estacionamiento en la v\u00eda p\u00fablica.<\/p>\n<p>Entre los datos que se requirieron a las autoridades figura el alcance total del Programa de Control de Estacionamiento en la V\u00eda P\u00fablica, el n\u00famero de per\u00edmetros considerados incorporando los estudios t\u00e9cnicos previos y la cifra de lugares de estacionamiento que involucra cada uno. Asimismo, que se informe sobre la inversi\u00f3n total estimada, las proyecciones de montos de recaudaci\u00f3n y su posterior destino o aplicaci\u00f3n, el n\u00famero y tipo de PATR otorgado, con motivo de la implementaci\u00f3n del Programa de Control de Estacionamiento en la V\u00eda P\u00fablica.<\/p>\n<p>&nbsp;<\/p>\n","protected":false},"excerpt":{"rendered":"<p>La Diputaci\u00f3n Permanente de la Asamblea Legislativa del Distrito Federal (ALDF) exhort\u00f3 a las secretar\u00edas de Transportes y Vialidad y de Desarrollo Urbano y Vivienda a presentar un informe sobre la instalaci\u00f3n de parqu\u00edmetros.<\/p>\n","protected":false},"author":1,"featured_media":0,"comment_status":"open","ping_status":"open","sticky":false,"template":"","format":"standard","meta":{"_monsterinsights_skip_tracking":false,"_monsterinsights_sitenote_active":false,"_monsterinsights_sitenote_note":"","_monsterinsights_sitenote_category":0,"footnotes":""},"categories":[6],"tags":[210,39,14695],"class_list":["post-120286","post","type-post","status-publish","format-standard","hentry","category-cd-de-mexico","tag-aldf","tag-distrito-federal","tag-parquimetros"],"_links":{"self":[{"href":"https:\/\/www.diarioimagen.net\/index.php?rest_route=\/wp\/v2\/posts\/120286","targetHints":{"allow":["GET"]}}],"collection":[{"href":"https:\/\/www.diarioimagen.net\/index.php?rest_route=\/wp\/v2\/posts"}],"about":[{"href":"https:\/\/www.diarioimagen.net\/index.php?rest_route=\/wp\/v2\/types\/post"}],"author":[{"embeddable":true,"href":"https:\/\/www.diarioimagen.net\/index.php?rest_route=\/wp\/v2\/users\/1"}],"replies":[{"embeddable":true,"href":"https:\/\/www.diarioimagen.net\/index.php?rest_route=%2Fwp%2Fv2%2Fcomments&post=120286"}],"version-history":[{"count":0,"href":"https:\/\/www.diarioimagen.net\/index.php?rest_route=\/wp\/v2\/posts\/120286\/revisions"}],"wp:attachment":[{"href":"https:\/\/www.diarioimagen.net\/index.php?rest_route=%2Fwp%2Fv2%2Fmedia&parent=120286"}],"wp:term":[{"taxonomy":"category","embeddable":true,"href":"https:\/\/www.diarioimagen.net\/index.php?rest_route=%2Fwp%2Fv2%2Fcategories&post=120286"},{"taxonomy":"post_tag","embeddable":true,"href":"https:\/\/www.diarioimagen.net\/index.php?rest_route=%2Fwp%2Fv2%2Ftags&post=120286"}],"curies":[{"name":"wp","href":"https:\/\/api.w.org\/{rel}","templated":true}]}}