{"id":120292,"date":"2013-02-07T00:03:23","date_gmt":"2013-02-07T06:03:23","guid":{"rendered":"http:\/\/www.diarioimagen.net\/?p=120292"},"modified":"2013-02-07T04:33:15","modified_gmt":"2013-02-07T10:33:15","slug":"arqueros-mexicanos-inician-temporada-en-las-vegas","status":"publish","type":"post","link":"https:\/\/www.diarioimagen.net\/?p=120292","title":{"rendered":"Arqueros mexicanos inician temporada en Las Vegas"},"content":{"rendered":"<ul>\n<li><em><strong>Inicia ciclo ol\u00edmpico rumbo a Brasil 2016<\/strong><\/em><\/li>\n<\/ul>\n<div id=\"attachment_120367\" style=\"width: 250px\" class=\"wp-caption alignleft\"><a href=\"http:\/\/www.diarioimagen.net\/wp-content\/uploads\/2013\/02\/arqueros-2031.jpg\"><img loading=\"lazy\" decoding=\"async\" aria-describedby=\"caption-attachment-120367\" class=\"size-medium wp-image-120367\" alt=\"Espectacular inicio de entrenamientos tendr\u00e1 en el Campeonato Mundial la selecci\u00f3n mexicana de arco varonil, en Las Vegas.\" src=\"http:\/\/www.diarioimagen.net\/wp-content\/uploads\/2013\/02\/arqueros-2031-240x156.jpg\" width=\"240\" height=\"156\" \/><\/a><p id=\"caption-attachment-120367\" class=\"wp-caption-text\">Espectacular inicio de entrenamientos tendr\u00e1 en el Campeonato Mundial la selecci\u00f3n mexicana de arco varonil, en Las Vegas.<\/p><\/div>\n<p>Los arqueros mexicanos, comandados por Luis V\u00e9lez, participar\u00e1n en el Campeonato Mundial de Tiro con Arco Bajo Techo y en el Festival Mundial, a efectuarse del 8 al 12 de febrero en Las Vegas, Nevada.<\/p>\n<p>De esta manera, los arqueros nacionales arrancan su participaci\u00f3n de esta temporada para iniciar el ciclo ol\u00edmpico rumbo a R\u00edo de Janeiro 2016, y aunque este certamen mundial es el primero del a\u00f1o tiene como objetivo ver el nivel que tienen y sumar puntos para la clasificaci\u00f3n general.<\/p>\n<p>Previo a su salida rumbo a Estados Unidos, el ol\u00edmpico en Beijing 2008 y Londres 2012, Luis Eduardo V\u00e9lez, dijo que esta justa internacional tiene por objetivo analizar el nivel deportivo de \u00e9l, as\u00ed como del resto de sus compa\u00f1eros.<\/p>\n<p>Mencion\u00f3 que luego de esa competici\u00f3n regresar\u00e1n a M\u00e9xico para participar en el Grand Prix mexicano en Playa del Carmen, Quintana Roo, de donde saldr\u00e1 el representativo que acudir\u00e1 al Serial de las Copas del Mundo para sumar puntos e iniciar el ranking ol\u00edmpico.<\/p>\n<p>Por su parte, el vicepresidente de la Federaci\u00f3n Mexicana de Tiro con Arco, Leonardo Pineda, mencion\u00f3 que en Las Vegas se tendr\u00e1n las dos modalidades de arco, recurvo y compuesto, por lo que M\u00e9xico acude con una buena representaci\u00f3n.<\/p>\n<p>&nbsp;<\/p>\n","protected":false},"excerpt":{"rendered":"<p>Los arqueros mexicanos, comandados por Luis V\u00e9lez, participar\u00e1n en el Campeonato Mundial de Tiro con Arco Bajo Techo y en el Festival Mundial, a efectuarse del 8 al 12 de febrero en Las Vegas, Nevada.<\/p>\n","protected":false},"author":1,"featured_media":0,"comment_status":"open","ping_status":"open","sticky":false,"template":"","format":"standard","meta":{"_monsterinsights_skip_tracking":false,"_monsterinsights_sitenote_active":false,"_monsterinsights_sitenote_note":"","_monsterinsights_sitenote_category":0,"footnotes":""},"categories":[10],"tags":[26073,43680],"class_list":["post-120292","post","type-post","status-publish","format-standard","hentry","category-deportes","tag-arqueros","tag-deportes"],"_links":{"self":[{"href":"https:\/\/www.diarioimagen.net\/index.php?rest_route=\/wp\/v2\/posts\/120292","targetHints":{"allow":["GET"]}}],"collection":[{"href":"https:\/\/www.diarioimagen.net\/index.php?rest_route=\/wp\/v2\/posts"}],"about":[{"href":"https:\/\/www.diarioimagen.net\/index.php?rest_route=\/wp\/v2\/types\/post"}],"author":[{"embeddable":true,"href":"https:\/\/www.diarioimagen.net\/index.php?rest_route=\/wp\/v2\/users\/1"}],"replies":[{"embeddable":true,"href":"https:\/\/www.diarioimagen.net\/index.php?rest_route=%2Fwp%2Fv2%2Fcomments&post=120292"}],"version-history":[{"count":0,"href":"https:\/\/www.diarioimagen.net\/index.php?rest_route=\/wp\/v2\/posts\/120292\/revisions"}],"wp:attachment":[{"href":"https:\/\/www.diarioimagen.net\/index.php?rest_route=%2Fwp%2Fv2%2Fmedia&parent=120292"}],"wp:term":[{"taxonomy":"category","embeddable":true,"href":"https:\/\/www.diarioimagen.net\/index.php?rest_route=%2Fwp%2Fv2%2Fcategories&post=120292"},{"taxonomy":"post_tag","embeddable":true,"href":"https:\/\/www.diarioimagen.net\/index.php?rest_route=%2Fwp%2Fv2%2Ftags&post=120292"}],"curies":[{"name":"wp","href":"https:\/\/api.w.org\/{rel}","templated":true}]}}