{"id":120425,"date":"2013-02-08T00:13:54","date_gmt":"2013-02-08T06:13:54","guid":{"rendered":"http:\/\/www.diarioimagen.net\/?p=120425"},"modified":"2013-02-08T05:59:05","modified_gmt":"2013-02-08T11:59:05","slug":"eruviel-entrega-tecnologia-de-punta-a-estudiantes-indigenas","status":"publish","type":"post","link":"https:\/\/www.diarioimagen.net\/?p=120425","title":{"rendered":"Eruviel entrega tecnolog\u00eda de punta a estudiantes ind\u00edgenas"},"content":{"rendered":"<h2>Arco Norte<\/h2>\n<h5>Jos\u00e9 Luis Monta\u00f1ez Aguilar<\/h5>\n<p>&nbsp;<\/p>\n<ul>\n<li><em><strong>Mariposa monarca, en billetes de loter\u00eda<\/strong><\/em><\/li>\n<\/ul>\n<div id=\"attachment_120518\" style=\"width: 250px\" class=\"wp-caption alignleft\"><a href=\"http:\/\/www.diarioimagen.net\/wp-content\/uploads\/2013\/02\/eruviel-20321.jpg\"><img loading=\"lazy\" decoding=\"async\" aria-describedby=\"caption-attachment-120518\" class=\"size-medium wp-image-120518\" alt=\"El gobernador Eruviel \u00c1vila Villegas entreg\u00f3 los primeros 250 equipos electr\u00f3nicos a ni\u00f1os ind\u00edgenas de los municipios de Temoaya, San Felipe del Progreso y San Jos\u00e9 del Rinc\u00f3n, a fin de continuar acercando a los peque\u00f1os mexiquenses a las nuevas tecnolog\u00edas de la informaci\u00f3n y comunicaci\u00f3n.\" src=\"http:\/\/www.diarioimagen.net\/wp-content\/uploads\/2013\/02\/eruviel-20321-240x135.jpg\" width=\"240\" height=\"135\" \/><\/a><p id=\"caption-attachment-120518\" class=\"wp-caption-text\">El gobernador Eruviel \u00c1vila Villegas entreg\u00f3 los primeros 250 equipos electr\u00f3nicos a ni\u00f1os ind\u00edgenas de los municipios de Temoaya, San Felipe del Progreso y San Jos\u00e9 del Rinc\u00f3n, a fin de continuar acercando a los peque\u00f1os mexiquenses a las nuevas tecnolog\u00edas de la informaci\u00f3n y comunicaci\u00f3n.<\/p><\/div>\n<p>El gobernador Eruviel \u00c1vila Villegas entreg\u00f3 las primeras 250 tabletas electr\u00f3nicas a ni\u00f1os ind\u00edgenas de los municipios de Temoaya, San Felipe del Progreso y San Jos\u00e9 del Rinc\u00f3n, con la finalidad de continuar acercando a los peque\u00f1os mexiquenses a las nuevas tecnolog\u00edas de la informaci\u00f3n y comunicaci\u00f3n, y con ello involucrarlos en la utilizaci\u00f3n de herramientas fundamentales para su desarrollo acad\u00e9mico. \u201cQu\u00e9 pretendo con este tipo de\u00a0 programas: generar una sana competencia, que desde ahorita nuestros ni\u00f1os, nuestros j\u00f3venes se ense\u00f1en a ser mejores, los mejores, en su sal\u00f3n, en su escuela, en su municipio, en su estado, porque si son extraordinarios y aprenden a trabajar, estudiar y pensar en grande, el d\u00eda de ma\u00f1ana ser\u00e1n mujeres y hombres grandes\u201d, expres\u00f3.<\/p>\n<p style=\"text-align: center;\"><strong>MARIPOSA MONARCA<\/strong><\/p>\n<p>Con el fin de promover la conservaci\u00f3n de la Reserva de la Biosfera de la Mariposa Monarca, santuario considerado entre las cuatro bellezas naturales reconocidas por la UNESCO como Patrimonio de la Humanidad, la Loter\u00eda Nacional para la Asistencia P\u00fablica le dedic\u00f3 su Sorteo Gordito No. 175, donde el secretario estatal del Medio Ambiente, Cruz Juvenal Roa S\u00e1nchez hizo un llamado para que sociedad y gobierno trabajen de manera conjunta en la preservaci\u00f3n de este santuario. Al evento asistieron los secretarios de Medio Ambiente mexiquense y de Urbanismo y Medio Ambiente de Michoac\u00e1n, Cruz Juvenal Roa S\u00e1nchez y Mauro Ram\u00f3n Ballesteros Figueroa, respectivamente, as\u00ed como la embajadora de la Mariposa Monarca, Lolita Ayala.<\/p>\n<p><em><a href=\"mailto:montanezaguilar@gmail.com\" target=\"_blank\">montanezaguilar@gmail.com<\/a><\/em><\/p>\n","protected":false},"excerpt":{"rendered":"<p><span style=\"color: #005497;\"><strong>Jos\u00e9 Luis Monta\u00f1ez Aguilar<\/strong><\/span><br \/>\n<br \/>\nEl gobernador Eruviel \u00c1vila Villegas entreg\u00f3 las primeras 250 tabletas electr\u00f3nicas a ni\u00f1os ind\u00edgenas de los municipios de Temoaya, San Felipe del Progreso y San Jos\u00e9 del Rinc\u00f3n, con la finalidad de continuar acercando a los peque\u00f1os mexiquenses a las nuevas tecnolog\u00edas de la informaci\u00f3n y comunicaci\u00f3n, y con ello involucrarlos en la utilizaci\u00f3n de herramientas fundamentales para su desarrollo acad\u00e9mico.<\/p>\n","protected":false},"author":1,"featured_media":0,"comment_status":"open","ping_status":"open","sticky":false,"template":"","format":"standard","meta":{"_monsterinsights_skip_tracking":false,"_monsterinsights_sitenote_active":false,"_monsterinsights_sitenote_note":"","_monsterinsights_sitenote_category":0,"footnotes":""},"categories":[5],"tags":[13284,5828,43675,8809,43704,7338],"class_list":["post-120425","post","type-post","status-publish","format-standard","hentry","category-estado-de-mexico","tag-arco-norte","tag-eruviel-avila-villegas","tag-estado-de-mexico","tag-indigenas","tag-jose-luis-montanez-aguilar","tag-mariposa-monarca"],"_links":{"self":[{"href":"https:\/\/www.diarioimagen.net\/index.php?rest_route=\/wp\/v2\/posts\/120425","targetHints":{"allow":["GET"]}}],"collection":[{"href":"https:\/\/www.diarioimagen.net\/index.php?rest_route=\/wp\/v2\/posts"}],"about":[{"href":"https:\/\/www.diarioimagen.net\/index.php?rest_route=\/wp\/v2\/types\/post"}],"author":[{"embeddable":true,"href":"https:\/\/www.diarioimagen.net\/index.php?rest_route=\/wp\/v2\/users\/1"}],"replies":[{"embeddable":true,"href":"https:\/\/www.diarioimagen.net\/index.php?rest_route=%2Fwp%2Fv2%2Fcomments&post=120425"}],"version-history":[{"count":0,"href":"https:\/\/www.diarioimagen.net\/index.php?rest_route=\/wp\/v2\/posts\/120425\/revisions"}],"wp:attachment":[{"href":"https:\/\/www.diarioimagen.net\/index.php?rest_route=%2Fwp%2Fv2%2Fmedia&parent=120425"}],"wp:term":[{"taxonomy":"category","embeddable":true,"href":"https:\/\/www.diarioimagen.net\/index.php?rest_route=%2Fwp%2Fv2%2Fcategories&post=120425"},{"taxonomy":"post_tag","embeddable":true,"href":"https:\/\/www.diarioimagen.net\/index.php?rest_route=%2Fwp%2Fv2%2Ftags&post=120425"}],"curies":[{"name":"wp","href":"https:\/\/api.w.org\/{rel}","templated":true}]}}