{"id":120616,"date":"2013-02-11T00:08:35","date_gmt":"2013-02-11T06:08:35","guid":{"rendered":"http:\/\/www.diarioimagen.net\/?p=120616"},"modified":"2013-02-11T02:22:49","modified_gmt":"2013-02-11T08:22:49","slug":"el-dif-tlalnepantla-firma-convenio-con-laser-vision","status":"publish","type":"post","link":"https:\/\/www.diarioimagen.net\/?p=120616","title":{"rendered":"El DIF-Tlalnepantla firma convenio con Laser Vision"},"content":{"rendered":"<ul>\n<li><em><strong>Jornadas Comunitarias<\/strong><\/em><\/li>\n<\/ul>\n<div id=\"attachment_120692\" style=\"width: 250px\" class=\"wp-caption alignleft\"><a href=\"http:\/\/www.diarioimagen.net\/wp-content\/uploads\/2013\/02\/TLALNEPANTLA-2033.jpg\"><img loading=\"lazy\" decoding=\"async\" aria-describedby=\"caption-attachment-120692\" class=\"size-medium wp-image-120692\" alt=\"El alcalde de Tlalnepantla, Pablo Bas\u00e1\u00f1ez Garc\u00eda, y su esposa, inauguraron las jornadas comunitarias con un convenio para que la empresa Laser Vision realice operaciones de catarata en forma gratuita.\" src=\"http:\/\/www.diarioimagen.net\/wp-content\/uploads\/2013\/02\/TLALNEPANTLA-2033-240x135.jpg\" width=\"240\" height=\"135\" \/><\/a><p id=\"caption-attachment-120692\" class=\"wp-caption-text\">El alcalde de Tlalnepantla, Pablo Bas\u00e1\u00f1ez Garc\u00eda, y su esposa, inauguraron las jornadas comunitarias con un convenio para que la empresa Laser Vision realice operaciones de catarata en forma gratuita.<\/p><\/div>\n<p><strong>Tlalnepantla, Estado de M\u00e9xico.-<\/strong> El DIF local y el gobierno municipal de mano de la presidenta, Ver\u00f3nica Rocha de Bas\u00e1\u00f1ez y el alcalde Pablo Bas\u00e1\u00f1ez Garc\u00eda, acompa\u00f1ados por el director general del DIF Alejandro Ba\u00f1os M\u00e1rquez y Manuel Vejarano Restrepo, representante de Laser Vision, firmaron un convenio con dicha empresa para la realizaci\u00f3n de cirug\u00edas de catarata gratuitas a los adultos mayores del municipio, previo a la inauguraci\u00f3n de las Magnas Jornadas Comunitarias, con el objetivo de acercar a la poblaci\u00f3n servicios de salud.<\/p>\n<p>Todos los adultos mayores que acudan a las jornadas, as\u00ed como al Sistema Municipal DIF podr\u00e1n realizarse un examen de la vista diagn\u00f3stico y de ser necesario, la cirug\u00eda sin costo alguno, anunci\u00f3 Manuel Vejarano Restrepo, representante de Laser Vision.<\/p>\n<p>La Magna Jornada Inaugural dio inici\u00f3 a las 10 de la ma\u00f1ana, desde muy temprano se realiz\u00f3 el examen visual al primer bloque de 30 adultos mayores para la detecci\u00f3n de cataratas, de los cuales cinco resultaron candidatos para cirug\u00eda.<\/p>\n<p>Se ofrecieron m\u00e1s de 350 servicios m\u00e9dicos como consultas de medicina general, asesor\u00edas de nutrici\u00f3n, consultas odontol\u00f3gicas, niveles de glucosa, tipo de sangre, entre otros, as\u00ed como orientaci\u00f3n jur\u00eddica,\u00a0 sexual y reproductiva.<\/p>\n<p>Durante la jornada, la Direcci\u00f3n de Medio Ambiente del municipio acerc\u00f3 a los ni\u00f1os y j\u00f3venes informaci\u00f3n sobre reciclaje a trav\u00e9s de din\u00e1micas y juegos; Tr\u00e1nsito tramit\u00f3 licencias de conducir y el Departamento Nutricional ense\u00f1\u00f3 c\u00f3mo preparar ricas y saludables comidas con soya y amaranto, mientras que las alumnas de los Centros Tlalnepantlenses de Desarrollo Comunitario amenizaron dando presentaciones art\u00edsticas.<\/p>\n","protected":false},"excerpt":{"rendered":"<p>Tlalnepantla, Estado de M\u00e9xico.- El DIF local y el gobierno municipal de mano de la presidenta, Ver\u00f3nica Rocha de Bas\u00e1\u00f1ez y el alcalde Pablo Bas\u00e1\u00f1ez Garc\u00eda, acompa\u00f1ados por el director general del DIF Alejandro Ba\u00f1os M\u00e1rquez y Manuel Vejarano Restrepo, representante de Laser Vision, firmaron un convenio con dicha empresa para la realizaci\u00f3n de cirug\u00edas de catarata gratuitas a los adultos mayores del municipio, previo a la inauguraci\u00f3n de las Magnas Jornadas Comunitarias, con el objetivo de acercar a la poblaci\u00f3n servicios de salud.<\/p>\n","protected":false},"author":1,"featured_media":0,"comment_status":"open","ping_status":"open","sticky":false,"template":"","format":"standard","meta":{"_monsterinsights_skip_tracking":false,"_monsterinsights_sitenote_active":false,"_monsterinsights_sitenote_note":"","_monsterinsights_sitenote_category":0,"footnotes":""},"categories":[5],"tags":[2954,43675,21812,169],"class_list":["post-120616","post","type-post","status-publish","format-standard","hentry","category-estado-de-mexico","tag-dif","tag-estado-de-mexico","tag-pablo-basanez-garcia","tag-tlalnepantla"],"_links":{"self":[{"href":"https:\/\/www.diarioimagen.net\/index.php?rest_route=\/wp\/v2\/posts\/120616","targetHints":{"allow":["GET"]}}],"collection":[{"href":"https:\/\/www.diarioimagen.net\/index.php?rest_route=\/wp\/v2\/posts"}],"about":[{"href":"https:\/\/www.diarioimagen.net\/index.php?rest_route=\/wp\/v2\/types\/post"}],"author":[{"embeddable":true,"href":"https:\/\/www.diarioimagen.net\/index.php?rest_route=\/wp\/v2\/users\/1"}],"replies":[{"embeddable":true,"href":"https:\/\/www.diarioimagen.net\/index.php?rest_route=%2Fwp%2Fv2%2Fcomments&post=120616"}],"version-history":[{"count":0,"href":"https:\/\/www.diarioimagen.net\/index.php?rest_route=\/wp\/v2\/posts\/120616\/revisions"}],"wp:attachment":[{"href":"https:\/\/www.diarioimagen.net\/index.php?rest_route=%2Fwp%2Fv2%2Fmedia&parent=120616"}],"wp:term":[{"taxonomy":"category","embeddable":true,"href":"https:\/\/www.diarioimagen.net\/index.php?rest_route=%2Fwp%2Fv2%2Fcategories&post=120616"},{"taxonomy":"post_tag","embeddable":true,"href":"https:\/\/www.diarioimagen.net\/index.php?rest_route=%2Fwp%2Fv2%2Ftags&post=120616"}],"curies":[{"name":"wp","href":"https:\/\/api.w.org\/{rel}","templated":true}]}}