{"id":120642,"date":"2013-02-11T00:03:48","date_gmt":"2013-02-11T06:03:48","guid":{"rendered":"http:\/\/www.diarioimagen.net\/?p=120642"},"modified":"2013-02-12T03:21:38","modified_gmt":"2013-02-12T09:21:38","slug":"cayo-el-fantasma-jefe-de-escoltas-de-el-chapo","status":"publish","type":"post","link":"https:\/\/www.diarioimagen.net\/?p=120642","title":{"rendered":"Cay\u00f3 \u201cEl Fantasma\u201d, jefe de escoltas de \u201cEl Chapo\u201d"},"content":{"rendered":"<ul>\n<li><em><strong>En Costa Rica, municipio de Culiac\u00e1n<\/strong><\/em><\/li>\n<\/ul>\n<div id=\"attachment_120668\" style=\"width: 250px\" class=\"wp-caption alignleft\"><a href=\"http:\/\/www.diarioimagen.net\/wp-content\/uploads\/2013\/02\/chapo-2033.jpg\"><img loading=\"lazy\" decoding=\"async\" aria-describedby=\"caption-attachment-120668\" class=\"size-medium wp-image-120668\" alt=\"Los escoltas de Joaqu\u00edn Guzm\u00e1n, junto con su jefe, fueron detenidos cerca de Culiac\u00e1n.\" src=\"http:\/\/www.diarioimagen.net\/wp-content\/uploads\/2013\/02\/chapo-2033-240x135.jpg\" width=\"240\" height=\"135\" \/><\/a><p id=\"caption-attachment-120668\" class=\"wp-caption-text\">Los escoltas de Joaqu\u00edn Guzm\u00e1n, junto con su jefe, fueron detenidos cerca de Culiac\u00e1n.<\/p><\/div>\n<p>Elementos del Ej\u00e9rcito y la Marina capturaron en el noroeste del pa\u00eds a Jonathan Salas Avil\u00e9s \u201cEl Fantasma\u201d, quien era el operador y jefe de escoltas de Joaqu\u00edn \u201cEl Chapo\u201d Guzm\u00e1n, l\u00edder del c\u00e1rtel de Sinaloa, informaron ayer fuentes castrenses.<\/p>\n<p>El comandante de la Tercera Regi\u00f3n Militar, Mois\u00e9s Melo Garc\u00eda, dijo a la prensa que en un fuerte operativo de cielo y tierra lanzado el s\u00e1bado por las fuerzas federales en Costa Rica, municipio de Culiac\u00e1n, y cayeron tambi\u00e9n cuatro de los escoltas del l\u00edder criminal.<\/p>\n<p>Al grupo de cinco presuntos delincuentes se les incautaron armas y dinero en efectivo, indic\u00f3 la fuente castrense.<\/p>\n<p>En total, en el golpe al grupo criminal participaron m\u00e1s de ocho veh\u00edculos de la Marina-Armada de M\u00e9xico y tres helic\u00f3pteros.<\/p>\n<p>\u201cEmpez\u00f3 en la madrugada por decirlo as\u00ed y fue ac\u00e1 en el \u00e1rea de Costa Rica. La detenci\u00f3n se llev\u00f3 con precisi\u00f3n lo cual no origin\u00f3 ning\u00fan disparo y ninguna actividad en contra de algunas terceras personas\u201d, apunt\u00f3 el comandante Melo Garc\u00eda.<\/p>\n<p>El delincuente fue trasladado a ciudad de M\u00e9xico donde se encuentra bajo el resguardo de la Procuradur\u00eda General de la Rep\u00fablica (PGR).<\/p>\n<p>El 1 de marzo de 2012 \u201cEl Fantasma\u201d ya hab\u00eda participado en un enfrentamiento con elementos de la Marina Armada de M\u00e9xico, cerca de la comunidad de Oso Viejo, en la sindicatura de Quil\u00e1, municipio de Culiac\u00e1n, que termin\u00f3 con dos de sus escoltas muertos adem\u00e1s de una camioneta blindada incendiada.<\/p>\n<p>&nbsp;<\/p>\n","protected":false},"excerpt":{"rendered":"<p>Elementos del Ej\u00e9rcito y la Marina capturaron en el noroeste del pa\u00eds a Jonathan Salas Avil\u00e9s \u201cEl Fantasma\u201d, quien era el operador y jefe de escoltas de Joaqu\u00edn \u201cEl Chapo\u201d Guzm\u00e1n, l\u00edder del c\u00e1rtel de Sinaloa, informaron ayer fuentes castrenses.<\/p>\n","protected":false},"author":1,"featured_media":0,"comment_status":"open","ping_status":"open","sticky":false,"template":"","format":"standard","meta":{"_monsterinsights_skip_tracking":false,"_monsterinsights_sitenote_active":false,"_monsterinsights_sitenote_note":"","_monsterinsights_sitenote_category":0,"footnotes":""},"categories":[17,3],"tags":[3909,2765,43673],"class_list":["post-120642","post","type-post","status-publish","format-standard","hentry","category-especiales","category-nacional","tag-costa-rica","tag-joaquin-el-chapo-guzman-loera","tag-nacional"],"_links":{"self":[{"href":"https:\/\/www.diarioimagen.net\/index.php?rest_route=\/wp\/v2\/posts\/120642","targetHints":{"allow":["GET"]}}],"collection":[{"href":"https:\/\/www.diarioimagen.net\/index.php?rest_route=\/wp\/v2\/posts"}],"about":[{"href":"https:\/\/www.diarioimagen.net\/index.php?rest_route=\/wp\/v2\/types\/post"}],"author":[{"embeddable":true,"href":"https:\/\/www.diarioimagen.net\/index.php?rest_route=\/wp\/v2\/users\/1"}],"replies":[{"embeddable":true,"href":"https:\/\/www.diarioimagen.net\/index.php?rest_route=%2Fwp%2Fv2%2Fcomments&post=120642"}],"version-history":[{"count":0,"href":"https:\/\/www.diarioimagen.net\/index.php?rest_route=\/wp\/v2\/posts\/120642\/revisions"}],"wp:attachment":[{"href":"https:\/\/www.diarioimagen.net\/index.php?rest_route=%2Fwp%2Fv2%2Fmedia&parent=120642"}],"wp:term":[{"taxonomy":"category","embeddable":true,"href":"https:\/\/www.diarioimagen.net\/index.php?rest_route=%2Fwp%2Fv2%2Fcategories&post=120642"},{"taxonomy":"post_tag","embeddable":true,"href":"https:\/\/www.diarioimagen.net\/index.php?rest_route=%2Fwp%2Fv2%2Ftags&post=120642"}],"curies":[{"name":"wp","href":"https:\/\/api.w.org\/{rel}","templated":true}]}}