{"id":120770,"date":"2013-02-12T00:01:30","date_gmt":"2013-02-12T06:01:30","guid":{"rendered":"http:\/\/www.diarioimagen.net\/?p=120770"},"modified":"2013-02-12T02:41:50","modified_gmt":"2013-02-12T08:41:50","slug":"adio-sua-santita","status":"publish","type":"post","link":"https:\/\/www.diarioimagen.net\/?p=120770","title":{"rendered":"Adio Sua Santit\u00e0"},"content":{"rendered":"<h2>Pol\u00edtica Spot<\/h2>\n<h5>Juan Manuel Maga\u00f1a<\/h5>\n<p>&nbsp;<\/p>\n<p>El que al final ser\u00e1 un corto pontificado de Joseph Ratzinger presenta sesgos novelescos.<\/p>\n<p>Es una historia que pasa por su propia recriminaci\u00f3n personal a Dios por haberle convertido en Papa.<\/p>\n<p>La relativamente corta trama cruza por malos manejos financieros, por su abandono de las v\u00edctimas de pederastia en el mundo, por la advertencia de un complot para asesinarle en este a\u00f1o y por la fuga y exposici\u00f3n de miles de documentos que trasparentaron una realidad vaticana inmersa en la corrupci\u00f3n, la prevaricaci\u00f3n, la mala gesti\u00f3n y la intriga.<\/p>\n<p>Lleg\u00f3 como Benedicto XVI al trono de San Pedro el 19 de abril de 2005 y se ir\u00e1 el pr\u00f3ximo 28 de febrero. Su renuncia como Papa n\u00famero 265 de la historia toma por sorpresa al mundo, pero principalmente a la alta curia. Y es esto lo interesante.\u00a0 \u00bfPor qu\u00e9 con su poder a punto de extinguirse se ha reservado el privilegio de sorprender todav\u00eda?<\/p>\n<p>Lo veremos los pr\u00f3ximos d\u00edas, aunque acaso haya algo que se pueda atisbar en el contexto. Benedicto XVI ha dicho que en la hist\u00f3rica Capilla Sixtina comprendi\u00f3 en 2005, por como iban las votaciones, que ser\u00eda Papa, \u201cque la guillotina caer\u00eda sobre m\u00ed, me qued\u00e9 desconcertado. Cre\u00eda que hab\u00eda realizado ya la obra de toda una vida y que pod\u00eda esperar terminar tranquilamente mis d\u00edas. Con profunda convicci\u00f3n dije al Se\u00f1or: \u00a1no me hagas esto!\u201d.<\/p>\n<p>En una conversaci\u00f3n con Peter Seewald, escritor del libro La Luz del Mundo, el todav\u00eda hoy sumo pont\u00edfice relat\u00f3 que \u201cya en el momento en que fui elegido hab\u00eda podido decirle al Se\u00f1or con sencillez:<\/p>\n<p>-\u00bfQu\u00e9 est\u00e1s haciendo conmigo? Ahora, la responsabilidad la tienes T\u00fa. \u00a1T\u00fa tienes que conducirme! Yo no puedo. Si T\u00fa me has querido a m\u00ed, entonces tambi\u00e9n tienes que ayudarme.<\/p>\n<p align=\"center\"><b>Ratzinger sab\u00eda\u00a0<\/b><b>lo que rehu\u00eda<\/b><\/p>\n<p>Uno de los esc\u00e1ndalos recientes que han dinamitado a la Iglesia cat\u00f3lica ha sido el de los curas pederastas que en 2010 puso en crisis a las iglesias de Irlanda, EU, Alemania, Austria y B\u00e9lgica.<\/p>\n<p>El propio Ratzinger lleg\u00f3 a ser acusado de haber encubierto a sacerdotes pederastas durante su etapa al frente de la Congregaci\u00f3n para la Doctrina de la Fe, mucho antes de ser Papa. En el caso mexicano, Ratzinger se vio obligado a ordenar la limpieza de la congregaci\u00f3n de los Legionarios de Cristo, tras comprobar que su fundador, el cura mexicano Marcial Maciel, fallecido en 2008, abus\u00f3 sexualmente de seminaristas y tuvo hijos con varias mujeres.<\/p>\n<p>A \u00e9ste nom\u00e1s lo retir\u00f3 de la vida p\u00fablica, m\u00e1s no lo castig\u00f3 y por eso qued\u00f3 a deber la justicia a las v\u00edctimas. Ratzinger reconoci\u00f3 que el caso Maciel fue afrontado con \u201clentitud y retraso\u201d, debido a que \u201cestaba muy bien cubierto\u201d. Las posturas de Ratzinger ante al mundo fueron claramente conservadoras. Es un personaje anacr\u00f3nico. Conden\u00f3 el protestantismo, los preservativos, la homosexualidad, el aborto.<\/p>\n<p>En febrero de 2012 se desat\u00f3 el esc\u00e1ndalo <i>Vatileaks<\/i> de filtraciones de documentos confidenciales publicadas en el libro <i>Sua Santita<\/i>, que mostraron la corrupci\u00f3n del Vaticano.\u00a0 El h\u00e9roe de este episodio fue el mayordomo del Papa, Paolo Gabriele, condenado a un a\u00f1o y medio de prisi\u00f3n por robo de documentos en octubre anterior, pero indultado poco antes de Navidad.<\/p>\n<p>Ante la renuncia e Ratzinger, en todo el mundo las v\u00edctimas de pederastia le recuerdan que aun le quedan dos semanas para actuar. Es decir, aun hay espacio para una sorpresa, a menos que, como desde un principio, el que se va lo deje todo \u201centeramente en manos de Dios\u201d.<\/p>\n<p><em><a href=\"mailto: maganapalace@yahoo.com.mx\" target=\"_blank\">maganapalace@yahoo.com.mx<\/a><\/em><\/p>\n","protected":false},"excerpt":{"rendered":"<p><span style=\"color: #005497;\"><strong>Juan Manuel Maga\u00f1a<\/strong><\/span><\/p>\n","protected":false},"author":1,"featured_media":0,"comment_status":"open","ping_status":"open","sticky":false,"template":"","format":"standard","meta":{"_monsterinsights_skip_tracking":false,"_monsterinsights_sitenote_active":false,"_monsterinsights_sitenote_note":"","_monsterinsights_sitenote_category":0,"footnotes":""},"categories":[22905],"tags":[20776,43709,43674,22904],"class_list":["post-120770","post","type-post","status-publish","format-standard","hentry","category-juan-manuel-magana","tag-joseph-ratzinger","tag-juan-manuel-magana","tag-opinion","tag-politica-spot"],"_links":{"self":[{"href":"https:\/\/www.diarioimagen.net\/index.php?rest_route=\/wp\/v2\/posts\/120770","targetHints":{"allow":["GET"]}}],"collection":[{"href":"https:\/\/www.diarioimagen.net\/index.php?rest_route=\/wp\/v2\/posts"}],"about":[{"href":"https:\/\/www.diarioimagen.net\/index.php?rest_route=\/wp\/v2\/types\/post"}],"author":[{"embeddable":true,"href":"https:\/\/www.diarioimagen.net\/index.php?rest_route=\/wp\/v2\/users\/1"}],"replies":[{"embeddable":true,"href":"https:\/\/www.diarioimagen.net\/index.php?rest_route=%2Fwp%2Fv2%2Fcomments&post=120770"}],"version-history":[{"count":0,"href":"https:\/\/www.diarioimagen.net\/index.php?rest_route=\/wp\/v2\/posts\/120770\/revisions"}],"wp:attachment":[{"href":"https:\/\/www.diarioimagen.net\/index.php?rest_route=%2Fwp%2Fv2%2Fmedia&parent=120770"}],"wp:term":[{"taxonomy":"category","embeddable":true,"href":"https:\/\/www.diarioimagen.net\/index.php?rest_route=%2Fwp%2Fv2%2Fcategories&post=120770"},{"taxonomy":"post_tag","embeddable":true,"href":"https:\/\/www.diarioimagen.net\/index.php?rest_route=%2Fwp%2Fv2%2Ftags&post=120770"}],"curies":[{"name":"wp","href":"https:\/\/api.w.org\/{rel}","templated":true}]}}