{"id":120780,"date":"2013-02-12T00:07:45","date_gmt":"2013-02-12T06:07:45","guid":{"rendered":"http:\/\/www.diarioimagen.net\/?p=120780"},"modified":"2013-02-12T02:41:17","modified_gmt":"2013-02-12T08:41:17","slug":"me-van-a-volver-a-candidatear-rivera-carrera","status":"publish","type":"post","link":"https:\/\/www.diarioimagen.net\/?p=120780","title":{"rendered":"\u201cMe van a volver a candidatear&#8230;\u201d: Rivera Carrera"},"content":{"rendered":"<h2>Tras la puerta del poder<\/h2>\n<h5>Roberto Vizca\u00edno<\/h5>\n<p>&nbsp;<\/p>\n<ul>\n<li><strong><i>Emilio Chuayffet sigue con atenci\u00f3n el caso abierto a\u00fan contra Zedillo en EU por lo de Acteal<\/i><\/strong><\/li>\n<li><strong><i>Beltrones dice que si Aguirre Rivero no puede gobernar Guerrero, debe irse<\/i><\/strong><\/li>\n<li><strong><i>El caso de la candidatura del PRI a la gubernatura de BC no est\u00e1 resuelto<\/i><\/strong><\/li>\n<\/ul>\n<div id=\"attachment_120848\" style=\"width: 250px\" class=\"wp-caption alignleft\"><a href=\"http:\/\/www.diarioimagen.net\/wp-content\/uploads\/2013\/02\/las-investigaciones-trizas-2034.jpg\"><img loading=\"lazy\" decoding=\"async\" aria-describedby=\"caption-attachment-120848\" class=\"size-medium wp-image-120848\" alt=\"Las investigaciones... | Trizas\" src=\"http:\/\/www.diarioimagen.net\/wp-content\/uploads\/2013\/02\/las-investigaciones-trizas-2034-240x219.jpg\" width=\"240\" height=\"219\" \/><\/a><p id=\"caption-attachment-120848\" class=\"wp-caption-text\">Las investigaciones&#8230; | Trizas<\/p><\/div>\n<p>Sorprendido como casi todos en el mundo por la renuncia del Papa, el principal cardenal mexicano, Humberto Rivera Carrera confes\u00f3 ayer su incomodidad que este evento le provocar\u00e1 porque dentro de M\u00e9xico se volver\u00e1 a activar ese grupo que autom\u00e1ticamente considera que \u00e9l puede ser \u00a0el \u201csustituto\u201d, cuando hay un mar de distancia para esa posibilidad.<\/p>\n<p>Reunido con duranguenses con quienes hab\u00eda convenido desayunar desde hace m\u00e1s de un mes, el arzobispo de la ciudad de M\u00e9xico subray\u00f3 que la decisi\u00f3n de dimitir tomada por Joseph Ratzinger, de entrada alterar\u00e1 su agenda durante los pr\u00f3ximos dos meses.<\/p>\n<p>Tendr\u00e1 que preparar maletas y todo lo que requiere su estancia en Roma desde fines de este mes de febrero, para participar por segunda vez en la elecci\u00f3n de un Papa.<\/p>\n<p>La anterior ocasi\u00f3n fue cuando en abril de 2005 particip\u00f3 en \u00a0la elecci\u00f3n de Benedicto XVI.<\/p>\n<p>Rivera Carrera viajar\u00e1 esta vez junto con los cardenales Jos\u00e9 Francisco Robles Ortega, arzobispo de Guadalajara y Juan Sandoval \u00cd\u00f1iguez, arzobispo em\u00e9rito para integrarse al Colegio Cardenalicio.<\/p>\n<p>El que ya no participar\u00e1 es el cardenal Javier Lozano Barrag\u00e1n, durante muchos a\u00f1os encargado del Ministerio de Salud del Vaticano y quien renunci\u00f3 hace 2 a\u00f1os a su cardenalato por haber rebasado la edad.<\/p>\n<p align=\"center\"><b>ZEDILLO YSU PESADILLA<\/b><\/p>\n<p>El ex presidente Ernesto Zedillo no termina de deshacerse del juicio abierto en su contra en el estado de Connecticut, por la masacre de Acteal.<\/p>\n<p>Ni siquiera la petici\u00f3n del ex presidente Felipe Calder\u00f3n para que el gobierno de Obama le diera inmunidad lo ha sacado del apuro.<\/p>\n<p>Ahora resulta que su expediente fue transferido del juez Alvin W. Thompson al juez Michael P. Shea, el nuevo magistrado que ser\u00e1 el que decida si se realiza o no la audiencia donde se puedan escuchar los argumentos de su defensa a fin de rebatir los de la parte acusadora.<\/p>\n<p>Roger Kobert, abogado de la parte acusadora, consider\u00f3 normal este traslado de expedientes y al parecer se origina en la necesidad de aliviar la carga de trabajo del juez con m\u00e1s antig\u00fcedad.<\/p>\n<p>\u201cTampoco podr\u00eda decir si esta reasignaci\u00f3n afectar\u00e1 el resultado del caso o qu\u00e9 efecto podr\u00eda tener en los tiempos de cualquier decisi\u00f3n o acci\u00f3n de la corte\u201d, indic\u00f3 el abogado..<\/p>\n<p>Por lo pronto, el expediente sigue abierto y puede dar cualquier giro.<\/p>\n<p>Uno que sigue de cerca todo este movimiento, es sin duda el secretario de Educaci\u00f3n P\u00fablica, Emilio Chuayffet quien como secretario de Gobernaci\u00f3n en el momento de los hechos de Acteal, podr\u00eda resultar se\u00f1alado como copart\u00edcipe de aquellos cr\u00edmenes.<\/p>\n<p>Otra que podr\u00eda haber enviado observadores especiales para seguir el caso, es la dirigente del magisterio, Elba Esther Gerdillo, porque de resultar implicado Chuayffet, entonces tendr\u00eda una muy buena carta a su favor en la contienda que da contra la reforma educativa, en la que el titular de la SEP ha insistido en que los maestros no tienen m\u00e1s que aplicar y hacer lo que se les dice.<\/p>\n<p align=\"center\"><b>GUERRERO,\u00a0<\/b><b>TODO UN CASO<\/b><\/p>\n<p>Al superamigo del presidente Enrique Pe\u00f1a Nieto, al gobernador \u00c1ngel Aguirre Rivero, le llueve fuerte.<\/p>\n<p>No s\u00f3lo tiene encima el apuro de esclarecer con credibilidad el asunto de las 6 espa\u00f1olas violadas en Acapulco, sino que arrastra peligrosamente la formaci\u00f3n de los llamados Grupos Armados de Autodefensa.<\/p>\n<p>Para no pocos, este \u00faltimo asunto podr\u00eda compararse con el surgimiento del EZLN donde el Estado fue rebasado por grupos de ind\u00edgenas armados que le declararon la guerra al Ej\u00e9rcito.<\/p>\n<p><b>El surgimiento en Guerrero de grupos armados<\/b> de autodefensa, formados por pobladores, sin duda significan un rebase de la autoridad del gobierno de Aguirre Rivero, quien antes que tomar una decisi\u00f3n seria, se la ha pasado consinti\u00e9ndolos y felicit\u00e1ndolos por sus acciones.<\/p>\n<p>Al respecto, el coordinador de los diputados federales del PRI, el sonorense Manlio Fabio Beltrones dijo ayer:<\/p>\n<p>\u201c\u2026 vemos con preocupaci\u00f3n el tema Guerrero, en donde las mismas autoridades, en ocasiones, saludan, felicitan a las fuerzas que se han tenido que constituir, de car\u00e1cter ciudadano, para darse una propia seguridad que el gobierno no les est\u00e1 brindando&#8230;<\/p>\n<p>\u201c\u00bfC\u00f3mo llegar y felicitarlos por estar resolviendo los temas que, incapazmente, un gobierno no ha podido hacerse cargo?\u201d, cuestion\u00f3 Beltrones.<\/p>\n<p>El conductor Leonardo Curzio, quien lo entrevistaba dentro de su programa de radio, acot\u00f3: \u201cO sea, muchas gracias por hacer lo que yo no hago\u201d.<\/p>\n<p>A lo que el sonorense agreg\u00f3.<\/p>\n<p>\u201cEs realmente rid\u00edculo. No es que estemos en contra de que la sociedad se organice, pero el Estado en s\u00ed mismo, es como decidi\u00f3 la sociedad organizarse para darse las garant\u00edas suficientes\u201d.<\/p>\n<p>Curzio intervino de nuevo: \u201c\u2026 adem\u00e1s esta funci\u00f3n es indelegable, \u00bfno?\u201d<\/p>\n<p>\u201cAs\u00ed es, ni lo puede tomar la delincuencia, ni tampoco los ciudadanos, eso es una funci\u00f3n del estado, y si no puede el estado o quien est\u00e9 al frente del poder del estado, pues que mejor se retire y le d\u00e9 la oportunidad a otro de hacer ese trabajo para el cual fue pensado el gobierno\u201d, precis\u00f3 el coordinador legislativo.<\/p>\n<p>Simple, decimos nosotros: Aguirre Rivero ha sido expuesto una vez m\u00e1s por la delincuencia y ahora tambi\u00e9n por sus propios ciudadanos, en su incapacidad para gobernar.<\/p>\n<p>Pero va a ser muy dif\u00edcil que reconozca que no puede con el paquete. Pobres guerrerenses.<\/p>\n<p align=\"center\"><b>MORELOS, \u201cUN CALE\u201d<\/b><\/p>\n<p>Entre polic\u00edas y cercanos a las fuerzas de seguridad existe la convicci\u00f3n de que el ataque de polic\u00edas municipales al procurador de Morelos, Rodrigo Dorantes Salgado, agresi\u00f3n en la que murieron 3 de sus guardaespaldas, fue un acto provocado por la delincuencia organizada para darle un \u201ccale\u201d al gobierno del perredista Graco Ram\u00edrez.<\/p>\n<p>Este golpe, afirman, tiene como objetivo ver c\u00f3mo y hasta d\u00f3nde act\u00faa Graco, quien tom\u00f3 la inmediata decisi\u00f3n de pedirle al procurador general de la Rep\u00fablica, al hidalguense Jes\u00fas Murillo Karam, atraer el caso.<\/p>\n<p>Es decir, los malos de esa regi\u00f3n ya vieron que el gobernador perredista no se achica ni cae en la provocaci\u00f3n y por el contrario acude al hermano mayor para blindarse.<\/p>\n<p>Es una advertencia de que lo que quieran con \u00e9l, lo tendr\u00e1n que tratar adem\u00e1s con el gobierno de Pe\u00f1a Nieto.<\/p>\n<p align=\"center\"><b>BC NO EST\u00c1 RESUELTO<\/b><\/p>\n<p>Todos los indicios confirman que el caso de la candidatura pri\u00edsta a la gubernatura de Baja California no es un asunto resuelto.<\/p>\n<p>Los movimientos del empresario del juego e hijo del Profe y ex alcalde de Tijuana, de Jorge Hank Rhon, indican que \u00e9ste no est\u00e1 dispuesto a sumarse d\u00f3cilmente al coro del diputado federal Fernando Castro Trenti, quien cometi\u00f3 el error de desbocarse.<\/p>\n<p>Castro Trenti, atrabancado, se brinc\u00f3 al CEN del PRI que comanda el mexiquense C\u00e9sar Camacho Quiroz y convoc\u00f3 a rueda de prensa para anunciar que \u00e9l y nadie m\u00e1s, ser\u00eda el candidato del tricolor a suceder al panista Guadalupe Osuna Mill\u00e1n y para recuperar la gubernatura para el PRI, luego de 24 a\u00f1os de administraciones blanquiazules.<\/p>\n<p>Camacho Quiroz hab\u00eda logrado negociar con los aspirantes a esa candidatura, que se le pudiera dar una oportunidad a Castro Trenti, pacto que firmaron todos, incluido Hank Rhon, quien comprendi\u00f3 que \u201cdesde arriba\u201d, se le indicaba que esta oportunidad ya no era la suya.<\/p>\n<p>Pero el diputado federal hizo a un lado toda la prudencia, anunci\u00f3 su candidatura y adem\u00e1s arm\u00f3 m\u00edtines\u2026 y eso rompi\u00f3 el pacto.<\/p>\n<p>Castro Trenti debi\u00f3 haber respetado los tiempos: primero registrarse ante la Comisi\u00f3n Electoral, luego esperar a ser calificado por esta como precandidato y finalmente como candidato.<\/p>\n<p>Pero le ganaron las ansias y ahora Hank Rhon, que tiene todo a su favor -dinero suficiente, apoyos ciudadanos y grupo-, ha salido a pelearle el espacio.<\/p>\n<p>Vamos a ver qui\u00e9n se queda con la nominaci\u00f3n y el cargo.<\/p>\n<p><em><a href=\"mailto:rvizcaino@gmail.com\" target=\"_blank\">rvizcaino@gmail.com<\/a><\/em><\/p>\n<p>&nbsp;<\/p>\n","protected":false},"excerpt":{"rendered":"<p><span style=\"color: #005497;\"><strong>Roberto Vizca\u00edno<\/strong><\/span><\/p>\n","protected":false},"author":1,"featured_media":0,"comment_status":"open","ping_status":"open","sticky":false,"template":"","format":"standard","meta":{"_monsterinsights_skip_tracking":false,"_monsterinsights_sitenote_active":false,"_monsterinsights_sitenote_note":"","_monsterinsights_sitenote_category":0,"footnotes":""},"categories":[136],"tags":[3654,43674,93,94],"class_list":["post-120780","post","type-post","status-publish","format-standard","hentry","category-roberto-vizcaino-opinion","tag-benedicto-xvi","tag-opinion","tag-roberto-vizcaino","tag-tras-la-puerta-del-poder"],"_links":{"self":[{"href":"https:\/\/www.diarioimagen.net\/index.php?rest_route=\/wp\/v2\/posts\/120780","targetHints":{"allow":["GET"]}}],"collection":[{"href":"https:\/\/www.diarioimagen.net\/index.php?rest_route=\/wp\/v2\/posts"}],"about":[{"href":"https:\/\/www.diarioimagen.net\/index.php?rest_route=\/wp\/v2\/types\/post"}],"author":[{"embeddable":true,"href":"https:\/\/www.diarioimagen.net\/index.php?rest_route=\/wp\/v2\/users\/1"}],"replies":[{"embeddable":true,"href":"https:\/\/www.diarioimagen.net\/index.php?rest_route=%2Fwp%2Fv2%2Fcomments&post=120780"}],"version-history":[{"count":0,"href":"https:\/\/www.diarioimagen.net\/index.php?rest_route=\/wp\/v2\/posts\/120780\/revisions"}],"wp:attachment":[{"href":"https:\/\/www.diarioimagen.net\/index.php?rest_route=%2Fwp%2Fv2%2Fmedia&parent=120780"}],"wp:term":[{"taxonomy":"category","embeddable":true,"href":"https:\/\/www.diarioimagen.net\/index.php?rest_route=%2Fwp%2Fv2%2Fcategories&post=120780"},{"taxonomy":"post_tag","embeddable":true,"href":"https:\/\/www.diarioimagen.net\/index.php?rest_route=%2Fwp%2Fv2%2Ftags&post=120780"}],"curies":[{"name":"wp","href":"https:\/\/api.w.org\/{rel}","templated":true}]}}