{"id":120785,"date":"2013-02-12T00:13:58","date_gmt":"2013-02-12T06:13:58","guid":{"rendered":"http:\/\/www.diarioimagen.net\/?p=120785"},"modified":"2013-02-12T03:30:00","modified_gmt":"2013-02-12T09:30:00","slug":"habra-carcel-hasta-por-30-anos-a-quienes-porten-arma-prohibida-en-edomex","status":"publish","type":"post","link":"https:\/\/www.diarioimagen.net\/?p=120785","title":{"rendered":"Habr\u00e1 c\u00e1rcel hasta por 30 a\u00f1os a quienes porten arma prohibida en Edomex"},"content":{"rendered":"<h2>Arco Norte<\/h2>\n<h5>Jos\u00e9 Luis Monta\u00f1ez Aguilar<\/h5>\n<p>&nbsp;<\/p>\n<div id=\"attachment_120882\" style=\"width: 250px\" class=\"wp-caption alignleft\"><a href=\"http:\/\/www.diarioimagen.net\/wp-content\/uploads\/2013\/02\/eruviel-2034.jpg\"><img loading=\"lazy\" decoding=\"async\" aria-describedby=\"caption-attachment-120882\" class=\"size-medium wp-image-120882\" alt=\"El gobernador Eruviel \u00c1vila Villegas firm\u00f3 ayer la iniciativa de decreto para reformar la Ley General de Armas de Fuego y Explosivos, con el objetivo de abatir la cultura de la violencia.\" src=\"http:\/\/www.diarioimagen.net\/wp-content\/uploads\/2013\/02\/eruviel-2034-240x135.jpg\" width=\"240\" height=\"135\" \/><\/a><p id=\"caption-attachment-120882\" class=\"wp-caption-text\">El gobernador Eruviel \u00c1vila Villegas firm\u00f3 ayer la iniciativa de decreto para reformar la Ley General de Armas de Fuego y Explosivos, con el objetivo de abatir la cultura de la violencia.<\/p><\/div>\n<p>El gobernador Eruviel \u00c1vila Villegas firm\u00f3 una iniciativa de decreto para reformar la Ley General de Armas de Fuego y Explosivos, a fin de fortalecer el marco jur\u00eddico en esta materia y abatir la cultura de la violencia, en la que se proponen sanciones m\u00e1s severas, que podr\u00edan alcanzar hasta los 30 a\u00f1os de prisi\u00f3n por portaci\u00f3n de armas de uso exclusivo del Ej\u00e9rcito. Inform\u00f3 tambi\u00e9n que para el programa estatal de Canje de Armas 2013, se instalar\u00e1n 39 m\u00f3dulos en la entidad, donde los interesados podr\u00e1n cambiar sus armas por tabletas electr\u00f3nicas, laptops o dinero en efectivo. Para este programa se destinaron 7.3 millones de pesos y dio inicio en los municipios de Toluca, Ecatepec, Nezahualc\u00f3yotl y Naucalpan, y participar\u00e1 personal de la Sedena,\u00a0SSC, Codhem y de la Secretar\u00eda de la Contralor\u00eda estatal.<\/p>\n<p style=\"text-align: center;\"><strong>NEVADO DE TOLUCA<\/strong><\/p>\n<p>El gobierno del Estado de M\u00e9xico, a trav\u00e9s de la Secretar\u00eda de Medio Ambiente, dio a conocer el documento para la modificaci\u00f3n del decreto del volc\u00e1n Xinant\u00e9catl, Nevado de Toluca, con el que se pretende lograr la recategorizaci\u00f3n de esta zona mediante una consulta p\u00fablica que cambie su categor\u00eda actual de Parque Natural por la de \u00c1rea de Protecci\u00f3n de la Flora y de la Fauna. El ex gobernador del estado y coordinador\u00a0 del Programa de Recuperaci\u00f3n y Manejo sustentable del Nevado de Toluca, Ignacio Pichardo Pagaza, explic\u00f3 que es de gran importancia esta nueva asignaci\u00f3n para alcanzar una categor\u00eda jur\u00eddica m\u00e1s avanzada, que responda a las necesidades de la sociedad, ya que con esta etiqueta se pondr\u00eda al ecosistema en concordancia con la Ley General de Equilibrio Ecol\u00f3gico y Protecci\u00f3n del Medio Ambiente (Legepa).<\/p>\n<p><em><a href=\"mailto:montanezaguilar@gmail.com\" target=\"_blank\">montanezaguilar@gmail.com<\/a><\/em><\/p>\n","protected":false},"excerpt":{"rendered":"<p><span style=\"color: #005497;\"><strong>Jos\u00e9 Luis Monta\u00f1ez Aguilar<\/strong><\/span><br \/>\n<br \/>\nEl gobernador Eruviel \u00c1vila Villegas firm\u00f3 una iniciativa de decreto para reformar<\/p>\n","protected":false},"author":1,"featured_media":0,"comment_status":"open","ping_status":"open","sticky":false,"template":"","format":"standard","meta":{"_monsterinsights_skip_tracking":false,"_monsterinsights_sitenote_active":false,"_monsterinsights_sitenote_note":"","_monsterinsights_sitenote_category":0,"footnotes":""},"categories":[5],"tags":[13284,5828,43675,43704],"class_list":["post-120785","post","type-post","status-publish","format-standard","hentry","category-estado-de-mexico","tag-arco-norte","tag-eruviel-avila-villegas","tag-estado-de-mexico","tag-jose-luis-montanez-aguilar"],"_links":{"self":[{"href":"https:\/\/www.diarioimagen.net\/index.php?rest_route=\/wp\/v2\/posts\/120785","targetHints":{"allow":["GET"]}}],"collection":[{"href":"https:\/\/www.diarioimagen.net\/index.php?rest_route=\/wp\/v2\/posts"}],"about":[{"href":"https:\/\/www.diarioimagen.net\/index.php?rest_route=\/wp\/v2\/types\/post"}],"author":[{"embeddable":true,"href":"https:\/\/www.diarioimagen.net\/index.php?rest_route=\/wp\/v2\/users\/1"}],"replies":[{"embeddable":true,"href":"https:\/\/www.diarioimagen.net\/index.php?rest_route=%2Fwp%2Fv2%2Fcomments&post=120785"}],"version-history":[{"count":0,"href":"https:\/\/www.diarioimagen.net\/index.php?rest_route=\/wp\/v2\/posts\/120785\/revisions"}],"wp:attachment":[{"href":"https:\/\/www.diarioimagen.net\/index.php?rest_route=%2Fwp%2Fv2%2Fmedia&parent=120785"}],"wp:term":[{"taxonomy":"category","embeddable":true,"href":"https:\/\/www.diarioimagen.net\/index.php?rest_route=%2Fwp%2Fv2%2Fcategories&post=120785"},{"taxonomy":"post_tag","embeddable":true,"href":"https:\/\/www.diarioimagen.net\/index.php?rest_route=%2Fwp%2Fv2%2Ftags&post=120785"}],"curies":[{"name":"wp","href":"https:\/\/api.w.org\/{rel}","templated":true}]}}