{"id":120791,"date":"2013-02-12T00:04:33","date_gmt":"2013-02-12T06:04:33","guid":{"rendered":"http:\/\/www.diarioimagen.net\/?p=120791"},"modified":"2013-02-13T05:32:05","modified_gmt":"2013-02-13T11:32:05","slug":"enrique-pena-nieto-presenta-la-politica-nacional-de-vivienda","status":"publish","type":"post","link":"https:\/\/www.diarioimagen.net\/?p=120791","title":{"rendered":"Enrique Pe\u00f1a Nieto presenta la Pol\u00edtica Nacional de Vivienda"},"content":{"rendered":"<ul>\n<li><em><strong>Prev\u00e9 dotar de casa propia a por lo menos 9 millones de mexicanos, especialmente a integrantes de las polic\u00edas y fuerzas armadas<\/strong><\/em><\/li>\n<\/ul>\n<h6>Roberto Vizca\u00edno<\/h6>\n<div id=\"attachment_120864\" style=\"width: 250px\" class=\"wp-caption alignleft\"><a href=\"http:\/\/www.diarioimagen.net\/wp-content\/uploads\/2013\/02\/epn-2034.jpg\"><img loading=\"lazy\" decoding=\"async\" aria-describedby=\"caption-attachment-120864\" class=\"size-medium wp-image-120864\" alt=\"El presidente Enrique Pe\u00f1a Nieto arranc\u00f3 su Programa Nacional de Vivienda en Los Pinos, con la creaci\u00f3n de una Comisi\u00f3n Intersecretarial, bajo la coordinaci\u00f3n de la SEDATU.\" src=\"http:\/\/www.diarioimagen.net\/wp-content\/uploads\/2013\/02\/epn-2034-240x135.jpg\" width=\"240\" height=\"135\" \/><\/a><p id=\"caption-attachment-120864\" class=\"wp-caption-text\">El presidente Enrique Pe\u00f1a Nieto arranc\u00f3 su Programa Nacional de Vivienda en Los Pinos, con la creaci\u00f3n de una Comisi\u00f3n Intersecretarial, bajo la coordinaci\u00f3n de la SEDATU.<\/p><\/div>\n<p>El presidente Enrique Pe\u00f1a Nieto present\u00f3 ayer su Pol\u00edtica Nacional de Vivienda, con la cual se inicia un ambicioso programa para dotar de habitaci\u00f3n propia al menos 9 millones de familias &#8211;especialmente de polic\u00edas federales, estales y municipales y de soldados y marinos&#8211;, y a la vez crear un nuevo modelo de construcci\u00f3n enfocado a un desa\u00adrrollo urbano y rural ordenado y sustentable.<\/p>\n<p>Esta pol\u00edtica prev\u00e9 adem\u00e1s iniciar de inmediato un programa de mejoramiento de unidades habitacionales en el pa\u00eds y muy se\u00f1aladamente en la capital de M\u00e9xico, que es donde se localiza el mayor n\u00famero de estas construcciones.<\/p>\n<p>Al dar este paso ayer en la residencia oficial de Los Pinos, el presidente Pe\u00f1a Nieto\u00a0 cumple con uno de sus compromisos de campa\u00f1a y da inicio a la alineaci\u00f3n de tres grandes programas: el de la Cruzada Nacional Contra el Hambre, el Programa Nacional de Vivienda y el Programa de Prevenci\u00f3n del Delito.<\/p>\n<p>Explic\u00f3 que de hoy en adelante la construcci\u00f3n de vivienda buscar\u00e1 generar empleo y derrama econ\u00f3mica a los 400 municipios donde se localizan los mexicanos m\u00e1s pobres, esos que sufren no s\u00f3lo de marginaci\u00f3n, sino de hambre y que suman los 7.4 millones.<\/p>\n<p>\u201cY este Programa Nacional de Vivienda tiene como prop\u00f3sito alinearse a esta pol\u00edtica de auxilio, de atenci\u00f3n inmediata por parte del gobierno de la Rep\u00fablica a los mexicanos que viven en esta condici\u00f3n de hambre.<\/p>\n<p>\u201cDe igual forma, hay que decir que alineado a esta acci\u00f3n, est\u00e1 el Programa de Prevenci\u00f3n del Delito, porque hemos se\u00f1alado que la mejor manera de combatir al crimen organizado, de combatir los delitos que m\u00e1s lastiman la convivencia social, sin duda, es a trav\u00e9s de la prevenci\u00f3n. Y eso significa cambiar el entorno, cambiar las posibilidades de desarrollo individual que hay entre los mexicanos.<\/p>\n<p>\u201cEstos tres programas estar\u00e1n debidamente alineados a las acciones que tengan todas las dependencias gubernamentales. Y este programa, esta Pol\u00edtica de Vivienda Nacional, por supuesto que tambi\u00e9n cabe y entra dentro de esta alineaci\u00f3n, que est\u00e1 focalizada a lograr un mayor desarrollo y condiciones de mayor bienestar a donde m\u00e1s se necesita\u201d, explic\u00f3.<\/p>\n<p>Previamente, el presidente Pe\u00f1a Nieto indic\u00f3 que la coordinaci\u00f3n de esta Pol\u00edtica Nacional de Vivienda estar\u00e1 a cargo del titular de la Secretar\u00eda de Desarrollo Agrario, Territorial y Urbano, la SEDATU, Jorge Carlos Ram\u00edrez Mar\u00edn.<\/p>\n<p>Este funcionario presidir\u00e1 la Comisi\u00f3n Intersecretarial de Vivienda y tendr\u00e1 bajo su coordinaci\u00f3n a la Comisi\u00f3n Nacional de Vivienda, CONAVI; la Comisi\u00f3n para la Regularizaci\u00f3n de la Tenencia de la Tierra, CORETT, y el Fideicomiso Fondo Nacional de Habitaciones Populares, FONHAPO.<\/p>\n<p>Con todas estas instituciones sectorizadas bajo su coordinaci\u00f3n, Ram\u00edrez Mar\u00edn deber\u00e1 adem\u00e1s establecer convenios de coordinaci\u00f3n con Infonavit y las secretar\u00edas de Hacienda y Desa\u00adrrollo Social as\u00ed como con las autoridades de las 60 ciudades m\u00e1s grandes del pa\u00eds.<\/p>\n<p>El prop\u00f3sito de todo esto, indic\u00f3, es contar con estrategias, mecanismos de gesti\u00f3n y criterios unificados en materia de vivienda para transitar hacia un modelo de desarrollo urbano sustentable e inteligente en el cual el gobierno de la Rep\u00fablica har\u00e1 uso del financiamiento de vivienda para orientar el desarrollo territorial y urbano del pa\u00eds.<\/p>\n<p>\u201cLas ciudades, todos los sabemos, han crecido en forma desordenada, sin planeaci\u00f3n integral. Y esto ha provocado la expansi\u00f3n descontrolada de las manchas urbanas, rest\u00e1ndoles competitividad y sustentabilidad.<\/p>\n<p>\u201cPara frenar esta tendencia, los cr\u00e9ditos y subsidios del gobierno de la Rep\u00fablica ser\u00e1n reorientados al fomento del crecimiento urbano ordenado (as\u00ed) el financiamiento p\u00fablico contribuir\u00e1 a elevar la calidad de vida dentro de las ciudades, promoviendo el rescate de espacios urbanos, la redensificaci\u00f3n, as\u00ed como la construcci\u00f3n de viviendas verticales y desarrollos certificados.<\/p>\n<p>\u201cHay que reconocer que, hoy en d\u00eda, somos m\u00e1s y tenemos que organizarnos y ordenar las cosas para que podamos vivir de manera digna y de forma sustentable.<\/p>\n<p>\u201cTenemos que evitar la expansi\u00f3n de estas manchas urbanas, que hacen pr\u00e1cticamente, inviable e insostenible para muchas familias, tener que trasladarse a sus lugares de residencia a grandes distancias, con problemas y carencias de servicios b\u00e1sicos, como el transporte, seguridad y, sobre todo, las muchas horas que dedican para poder ir y regresar a sus lugares de residencia\u201d, explic\u00f3 Pe\u00f1a Nieto.<\/p>\n<p>Tan s\u00f3lo en este a\u00f1o, agreg\u00f3 el Presidente, su gobierno tiene previsto impulsar m\u00e1s de un mill\u00f3n de acciones de lotificaci\u00f3n, construcci\u00f3n, ampliaci\u00f3n y mejora en hogares, tanto en campo como en ciudades.<\/p>\n<p>De todas estas acciones,\u00a0 m\u00e1s de 500 mil corresponder\u00e1n a nuevas construcciones al tiempo que se buscar\u00e1 reforzar el papel de la banca privada en el otorgamiento de cr\u00e9ditos a la vivienda.<\/p>\n<p>\u201cSe incrementar\u00e1n los apoyos para la adquisici\u00f3n de vivienda de las mujeres y hombres que forman parte de las fuerzas armadas del pa\u00eds, y de las agrupaciones policiacas.<\/p>\n<p>\u201cEn este sentido, he girado instrucciones al titular de esta nueva secretaria, la SEDATU, para que en coordinaci\u00f3n con la Secretar\u00eda de Hacienda y Cr\u00e9dito P\u00fablico puedan instrumentar un nuevo mecanismo de seguridad social y, de manera particular, enfocado a la adquisici\u00f3n de nueva vivienda, para que polic\u00edas, tanto federales, estatales y municipales; aquellos buenos elementos, buenos servidores p\u00fablicos que cumplan con su tarea de cuidar y de velar por la seguridad de los mexicanos, puedan tener mecanismos de m\u00e1s f\u00e1cil adquisici\u00f3n de una vivienda para ellos y para sus familias.<\/p>\n<p>\u201cFinalmente, se dise\u00f1ar\u00e1n mecanismos de acceso para empleados estatales y municipales al mercado de cr\u00e9ditos, a fin de que cuenten con mayores posibilidades para adquirir o mejorar su vivienda.<\/p>\n<p>\u201cDe lo que se trata es procurar una vivienda digna para todos los mexicanos. Una vivienda se convierte en un mejor hogar cuando es c\u00f3moda y tiene los servicios b\u00e1sicos, cuando ayuda a elevar la calidad de vida de quienes la habitan.<\/p>\n<p>\u201cPor ello, estamos decididos a impulsar mayores acciones de cr\u00e9ditos y subsidios para el mejoramiento y ampliaci\u00f3n de vivienda, tanto en el medio urbano como en el medio rural.<\/p>\n<p>\u201cEn concreto: se habr\u00e1n de realizar m\u00e1s de 320 mil acciones de mejoramiento a la vivienda. Para el caso espec\u00edfico del campo, se realizar\u00e1n m\u00e1s de 97 mil acciones en materia de vivienda rural.<\/p>\n<p>\u201cEstas acciones de ampliaci\u00f3n y mejoramiento de vivienda ser\u00e1n focalizadas de manera prioritaria en las \u00e1reas estrat\u00e9gicas que prev\u00e9 la Cruzada Nacional Contra el Hambre. A esos 400 municipios que este programa prev\u00e9, donde se encuentra una doble condici\u00f3n lamentable entre los mexicanos, la pobreza extrema y la carencia alimentaria\u201d.<\/p>\n<p>Dijo estar consciente de que, frente a esta nueva pol\u00edtica y sus programas, la industria de la vivienda requiere de hacer ajustes estructurales. De ah\u00ed que su gobierno se haya fijado un plazo de transici\u00f3n de hasta 24 meses, para que todos los involucrados puedan realizar los cambios necesarios ajustados a esta visi\u00f3n y a esta nueva pol\u00edtica.<\/p>\n<p>\u201cTrabajando juntos podremos construir, entre todos, ciudades dignas, viviendas con espacios suficientes y con una infraestructura b\u00e1sica de servicios que permitan elevar la calidad de vida entre los mexicanos. Juntos, podemos lograr este nuevo modelo de desarrollo urbano, consolidando nuestras ciudades; creciendo, especialmente, de manera vertical y construyendo en armon\u00eda con el medio ambiente. \u201cEstoy seguro de que todos, juntos, podemos hacer del derecho a la vivienda digna y decorosa, como lo marca nuestra Constituci\u00f3n, una realidad para todos y cada uno de los mexicanos\u201d, concluy\u00f3.<\/p>\n<p>&nbsp;<\/p>\n","protected":false},"excerpt":{"rendered":"<p><span style=\"color: #005497;\"><strong>Roberto Vizca\u00edno<\/strong><\/span><br \/>\n<br \/>\nEl presidente Enrique Pe\u00f1a Nieto present\u00f3 ayer su Pol\u00edtica Nacional de Vivienda, con la cual se inicia un ambicioso programa para dotar de habitaci\u00f3n propia al menos 9 millones de familias &#8211;especialmente de polic\u00edas federales, estales y municipales y de soldados y marinos&#8211;, y a la vez crear un nuevo modelo de construcci\u00f3n enfocado a un desa\u00adrrollo urbano y rural ordenado y sustentable.<\/p>\n","protected":false},"author":1,"featured_media":0,"comment_status":"open","ping_status":"open","sticky":false,"template":"","format":"standard","meta":{"_monsterinsights_skip_tracking":false,"_monsterinsights_sitenote_active":false,"_monsterinsights_sitenote_note":"","_monsterinsights_sitenote_category":0,"footnotes":""},"categories":[17,3],"tags":[18,43673,26118],"class_list":["post-120791","post","type-post","status-publish","format-standard","hentry","category-especiales","category-nacional","tag-enrique-pena-nieto","tag-nacional","tag-sedatu"],"_links":{"self":[{"href":"https:\/\/www.diarioimagen.net\/index.php?rest_route=\/wp\/v2\/posts\/120791","targetHints":{"allow":["GET"]}}],"collection":[{"href":"https:\/\/www.diarioimagen.net\/index.php?rest_route=\/wp\/v2\/posts"}],"about":[{"href":"https:\/\/www.diarioimagen.net\/index.php?rest_route=\/wp\/v2\/types\/post"}],"author":[{"embeddable":true,"href":"https:\/\/www.diarioimagen.net\/index.php?rest_route=\/wp\/v2\/users\/1"}],"replies":[{"embeddable":true,"href":"https:\/\/www.diarioimagen.net\/index.php?rest_route=%2Fwp%2Fv2%2Fcomments&post=120791"}],"version-history":[{"count":0,"href":"https:\/\/www.diarioimagen.net\/index.php?rest_route=\/wp\/v2\/posts\/120791\/revisions"}],"wp:attachment":[{"href":"https:\/\/www.diarioimagen.net\/index.php?rest_route=%2Fwp%2Fv2%2Fmedia&parent=120791"}],"wp:term":[{"taxonomy":"category","embeddable":true,"href":"https:\/\/www.diarioimagen.net\/index.php?rest_route=%2Fwp%2Fv2%2Fcategories&post=120791"},{"taxonomy":"post_tag","embeddable":true,"href":"https:\/\/www.diarioimagen.net\/index.php?rest_route=%2Fwp%2Fv2%2Ftags&post=120791"}],"curies":[{"name":"wp","href":"https:\/\/api.w.org\/{rel}","templated":true}]}}