{"id":120794,"date":"2013-02-12T00:03:41","date_gmt":"2013-02-12T06:03:41","guid":{"rendered":"http:\/\/www.diarioimagen.net\/?p=120794"},"modified":"2013-02-13T05:31:59","modified_gmt":"2013-02-13T11:31:59","slug":"en-materia-de-seguridad-no-estamos-cruzados-de-brazos","status":"publish","type":"post","link":"https:\/\/www.diarioimagen.net\/?p=120794","title":{"rendered":"En materia de seguridad \u201cno estamos cruzados de brazos\u201d"},"content":{"rendered":"<ul>\n<li><em><strong>El titular de Gobernaci\u00f3n precisa que los resultados no se dan de la noche a la ma\u00f1ana y que hay perfecta coordinaci\u00f3n con los estados del pa\u00eds<\/strong><\/em><\/li>\n<\/ul>\n<div id=\"attachment_120860\" style=\"width: 250px\" class=\"wp-caption alignleft\"><a href=\"http:\/\/www.diarioimagen.net\/wp-content\/uploads\/2013\/02\/osorio-2034.jpg\"><img loading=\"lazy\" decoding=\"async\" aria-describedby=\"caption-attachment-120860\" class=\"size-medium wp-image-120860\" alt=\"El secretario de Gobernaci\u00f3n, Miguel \u00c1ngel Osorio Chong, inform\u00f3 que el presidente Pe\u00f1a Nieto instalar\u00e1 la Comisi\u00f3n Intersecretarial para la Prevenci\u00f3n Social de la Violencia y la Delincuencia.\" src=\"http:\/\/www.diarioimagen.net\/wp-content\/uploads\/2013\/02\/osorio-2034-240x135.jpg\" width=\"240\" height=\"135\" \/><\/a><p id=\"caption-attachment-120860\" class=\"wp-caption-text\">El secretario de Gobernaci\u00f3n, Miguel \u00c1ngel Osorio Chong, inform\u00f3 que el presidente Pe\u00f1a Nieto instalar\u00e1 la Comisi\u00f3n Intersecretarial para la Prevenci\u00f3n Social de la Violencia y la Delincuencia.<\/p><\/div>\n<p>El secretario de Gobernaci\u00f3n, Miguel \u00c1ngel Osorio Chong, afirm\u00f3 que la lucha del gobierno federal en materia de seguridad se basa en objetivos perfectamente delineados y evaluables, mayor coordinaci\u00f3n, estrategia e inteligencia; \u201cno llevamos dos meses cruzados de brazos\u201d.<\/p>\n<p>En conferencia de prensa, el responsable de la pol\u00edtica interior del pa\u00eds precis\u00f3 que al t\u00e9rmino de las cinco reuniones regionales con los estados se tiene ahora plena coordinaci\u00f3n con los gobernadores, por lo que se dijo seguro de que habr\u00e1 resultados, ya que esta administraci\u00f3n cuenta con una estrategia diferente.<\/p>\n<p>\u201cComo encargado les digo: estamos haciendo lo pertinente, lleva tiempo, cuando ustedes ven la cantidad y el n\u00famero de muertos diarios venidos desde muchos a\u00f1os, yo creo que no pueden esperar de la noche a la ma\u00f1ana que pueda resolverse (la inseguridad); es un asunto que tiene profundas ra\u00edces\u201d, expres\u00f3 Osorio Chong.<\/p>\n<p>Inform\u00f3 que el presidente Enrique Pe\u00f1a Nieto echar\u00e1 a andar en Aguascalientes la Comisi\u00f3n Intersecretarial para la Prevenci\u00f3n Social de la Violencia y la Delincuencia, publicada ayer en el <i>Diario Oficial de la Federaci\u00f3n<\/i>, la cual estar\u00e1 a cargo del subsecretario Roberto Campa Cifri\u00e1n.<\/p>\n<p>Mencion\u00f3 que se tiene \u201cpr\u00e1cticamente\u201d completo el mapa respecto a d\u00f3nde se ubican los c\u00e1rteles de la droga en el pa\u00eds, regiones, pugnas por las plazas, qui\u00e9nes son los l\u00edderes y que muchos de ellos no s\u00f3lo se dedican a problemas de la droga, sino que han derivado en el secuestro y la extorsi\u00f3n.<\/p>\n<p>El funcionario federal consider\u00f3, asimismo, que desde el punto de vista de inteligencia es fundamental dar seguimiento financiero al tema de los c\u00e1rteles.<\/p>\n<p>Expuso que llevar\u00e1 un a\u00f1o, en su primera etapa, la creaci\u00f3n de la Gendarmer\u00eda Nacional, a cargo del subsecretario Manuel Mondrag\u00f3n y Kalb, al precisar que los cinco centros regionales con que contar\u00e1 el pa\u00eds se conformar\u00e1n con gente capacitada y bajo controles de confianza.<\/p>\n<p>Respecto a las investigaciones que se siguen en torno a la explosi\u00f3n en el edificio B-2 de Pemex, refiri\u00f3 que las indagaciones efectuadas hasta el momento determinan que no hubo explosi\u00f3n y que en la zona de la conflagraci\u00f3n las paredes est\u00e1n enteras y la loza no se hizo pedazos.<\/p>\n<p>Destac\u00f3 que no puede haber responsables hasta que no se sepan las verdaderas causas de los hechos, cuyas investigaciones ante un hecho tan lamentable han sido muy complejas.<\/p>\n<p>Sobre las polic\u00edas comunitarias, resalt\u00f3 que en el caso de Guerrero, \u00e9stas funcionan desde hace 15 a\u00f1os e incluso 17, y hoy, tras una pl\u00e1tica con sus integrantes, convinieron en conducirse por la v\u00eda de la legalidad.<\/p>\n<p>&nbsp;<\/p>\n","protected":false},"excerpt":{"rendered":"<p>El secretario de Gobernaci\u00f3n, Miguel \u00c1ngel Osorio Chong, afirm\u00f3 que la lucha del gobierno federal en materia de seguridad se basa en objetivos perfectamente delineados y evaluables, mayor coordinaci\u00f3n, estrategia e inteligencia; \u201cno llevamos dos meses cruzados de brazos\u201d.<\/p>\n","protected":false},"author":1,"featured_media":0,"comment_status":"open","ping_status":"open","sticky":false,"template":"","format":"standard","meta":{"_monsterinsights_skip_tracking":false,"_monsterinsights_sitenote_active":false,"_monsterinsights_sitenote_note":"","_monsterinsights_sitenote_category":0,"footnotes":""},"categories":[17,3],"tags":[18,3676,43673,43677],"class_list":["post-120794","post","type-post","status-publish","format-standard","hentry","category-especiales","category-nacional","tag-enrique-pena-nieto","tag-miguel-angel-osorio-chong","tag-nacional","tag-seguridad"],"_links":{"self":[{"href":"https:\/\/www.diarioimagen.net\/index.php?rest_route=\/wp\/v2\/posts\/120794","targetHints":{"allow":["GET"]}}],"collection":[{"href":"https:\/\/www.diarioimagen.net\/index.php?rest_route=\/wp\/v2\/posts"}],"about":[{"href":"https:\/\/www.diarioimagen.net\/index.php?rest_route=\/wp\/v2\/types\/post"}],"author":[{"embeddable":true,"href":"https:\/\/www.diarioimagen.net\/index.php?rest_route=\/wp\/v2\/users\/1"}],"replies":[{"embeddable":true,"href":"https:\/\/www.diarioimagen.net\/index.php?rest_route=%2Fwp%2Fv2%2Fcomments&post=120794"}],"version-history":[{"count":0,"href":"https:\/\/www.diarioimagen.net\/index.php?rest_route=\/wp\/v2\/posts\/120794\/revisions"}],"wp:attachment":[{"href":"https:\/\/www.diarioimagen.net\/index.php?rest_route=%2Fwp%2Fv2%2Fmedia&parent=120794"}],"wp:term":[{"taxonomy":"category","embeddable":true,"href":"https:\/\/www.diarioimagen.net\/index.php?rest_route=%2Fwp%2Fv2%2Fcategories&post=120794"},{"taxonomy":"post_tag","embeddable":true,"href":"https:\/\/www.diarioimagen.net\/index.php?rest_route=%2Fwp%2Fv2%2Ftags&post=120794"}],"curies":[{"name":"wp","href":"https:\/\/api.w.org\/{rel}","templated":true}]}}