{"id":120965,"date":"2013-02-13T00:13:01","date_gmt":"2013-02-13T06:13:01","guid":{"rendered":"http:\/\/www.diarioimagen.net\/?p=120965"},"modified":"2013-02-13T05:37:56","modified_gmt":"2013-02-13T11:37:56","slug":"rector-de-la-unam-jose-narro-robles-felicita-al-gem-por-fomentar-investigacion-cientifica","status":"publish","type":"post","link":"https:\/\/www.diarioimagen.net\/?p=120965","title":{"rendered":"Rector de la UNAM, Jos\u00e9 Narro Robles, felicita al GEM por fomentar investigaci\u00f3n cient\u00edfica"},"content":{"rendered":"<h2>Arco Norte<\/h2>\n<h5>Jos\u00e9 Luis Monta\u00f1ez Aguilar<\/h5>\n<p>&nbsp;<\/p>\n<div id=\"attachment_121062\" style=\"width: 250px\" class=\"wp-caption alignleft\"><a href=\"http:\/\/www.diarioimagen.net\/wp-content\/uploads\/2013\/02\/eruviel-2035.jpg\"><img loading=\"lazy\" decoding=\"async\" aria-describedby=\"caption-attachment-121062\" class=\"size-medium wp-image-121062\" alt=\"En el Sal\u00f3n del Pueblo de Palacio de Gobierno, y acompa\u00f1ado por los rectores de la UNAM, Jos\u00e9 Narro Robles, y de la UAEM, Eduardo Gasca Pliego, el gobernador Eruviel \u00c1vila Villegas entreg\u00f3 el Premio Estatal de Ciencia y Tecnolog\u00eda 2012.\" src=\"http:\/\/www.diarioimagen.net\/wp-content\/uploads\/2013\/02\/eruviel-2035-240x135.jpg\" width=\"240\" height=\"135\" \/><\/a><p id=\"caption-attachment-121062\" class=\"wp-caption-text\">En el Sal\u00f3n del Pueblo de Palacio de Gobierno, y acompa\u00f1ado por los rectores de la UNAM, Jos\u00e9 Narro Robles, y de la UAEM, Eduardo Gasca Pliego, el gobernador Eruviel \u00c1vila Villegas entreg\u00f3 el Premio Estatal de Ciencia y Tecnolog\u00eda 2012.<\/p><\/div>\n<p>El gobernador Eruviel \u00c1vila Villegas entreg\u00f3 el Premio Estatal de Ciencia y Tecnolog\u00eda 2012 a cuatro investigadores y dos empresas,\u00a0quienes recibieron un est\u00edmulo econ\u00f3mico de 180 mil pesos, un diploma y una moneda de oro cada uno, ante quienes garantiz\u00f3 que durante su administraci\u00f3n continuar\u00e1 impulsando a este sector, ya que sus aportaciones son fundamentales para el desarrollo del estado y del pa\u00eds. El rector de la UNAM\u00a0 felicit\u00f3 al gobierno del Estado de M\u00e9xico por fomentar la investigaci\u00f3n cient\u00edfica. \u201cSeguiremos demostrando con hechos nuestro inter\u00e9s por promover el desarrollo cient\u00edfico y tecnol\u00f3gico del Estado de M\u00e9xico, el cual compartimos con el gobierno federal, con la m\u00e1xima casa de estudios en el pa\u00eds, con las diferentes instituciones educativas y del Estado de M\u00e9xico. Sabemos de los buenos ojos con los que los sectores acad\u00e9micos y cient\u00edficos del pa\u00eds han visto las acciones emprendidas por la Presidencia de la Rep\u00fablica; hay un presupuesto que avala las intenciones de hacer que el pa\u00eds haga un esfuerzo por superar los rezagos en estos rubros estrat\u00e9gicos. En el Estado de M\u00e9xico respaldamos esa voluntad para avanzar en el fortalecimiento de la ciencia y la tecnolog\u00eda\u201d, dijo. En el Sal\u00f3n del Pueblo de Palacio de Gobierno, y acompa\u00f1ado por los rectores de la Universidad Nacional Aut\u00f3noma de M\u00e9xico (UNAM), Jos\u00e9 Narro Robles, y de la Universidad Aut\u00f3noma del Estado de M\u00e9xico (UAEM), Eduardo Gasca Pliego, el titular del Ejecutivo estatal afirm\u00f3 que los galardonados han puesto el nombre del estado muy en alto, al consolidar instituciones y centros de investigaci\u00f3n, as\u00ed como por contribuir a la formaci\u00f3n de nuevos profesionales e investigadores, apoyar a la divulgaci\u00f3n y difusi\u00f3n del conocimiento. Los ganadores del Premio Estatal de Ciencia y Tecnolog\u00eda 2012 fueron: Ernesto Moreno Mart\u00ednez, investigador de la UNAM en Ciencias Agropecuarias y Biotecnolog\u00eda; Miriam Rodr\u00edguez Sosa, docente de la Facultad de Estudios Superiores Iztacala de la UNAM, en el \u00e1rea de Ciencias de la Salud; El\u00ed Francisco Aguilera Reyes, cient\u00edfico del Instituto Nacional de Investigaciones Nucleares, reconocido en el \u00e1rea de Ciencias Naturales y Exactas; Federico F\u00e9lix Hahn Schlam, investigador de la Universidad Aut\u00f3noma de Chapingo (UACh), en el \u00e1rea de Ingenier\u00eda y Tecnolog\u00eda, as\u00ed como las empresas Adelmas Internacional, en el \u00e1rea de Organizaci\u00f3n Industrial Peque\u00f1a, y en la categor\u00eda de Organizaci\u00f3n Industrial Mediana, fue galardonada la empresa Inelap.<\/p>\n<p><em><a href=\"mailto:montanezaguilar@gmail.com\" target=\"_blank\">montanezaguilar@gmail.com<\/a><\/em><\/p>\n","protected":false},"excerpt":{"rendered":"<p><span style=\"color: #005497;\"><strong>Jos\u00e9 Luis Monta\u00f1ez Aguilar<\/strong><\/span><br \/>\n<br \/>\nEl gobernador Eruviel \u00c1vila Villegas entreg\u00f3 el Premio Estatal de Ciencia<\/p>\n","protected":false},"author":1,"featured_media":0,"comment_status":"open","ping_status":"open","sticky":false,"template":"","format":"standard","meta":{"_monsterinsights_skip_tracking":false,"_monsterinsights_sitenote_active":false,"_monsterinsights_sitenote_note":"","_monsterinsights_sitenote_category":0,"footnotes":""},"categories":[5],"tags":[13284,5828,11840,43704,1491,570],"class_list":["post-120965","post","type-post","status-publish","format-standard","hentry","category-estado-de-mexico","tag-arco-norte","tag-eruviel-avila-villegas","tag-estao-de-mexico","tag-jose-luis-montanez-aguilar","tag-uaem","tag-unam"],"_links":{"self":[{"href":"https:\/\/www.diarioimagen.net\/index.php?rest_route=\/wp\/v2\/posts\/120965","targetHints":{"allow":["GET"]}}],"collection":[{"href":"https:\/\/www.diarioimagen.net\/index.php?rest_route=\/wp\/v2\/posts"}],"about":[{"href":"https:\/\/www.diarioimagen.net\/index.php?rest_route=\/wp\/v2\/types\/post"}],"author":[{"embeddable":true,"href":"https:\/\/www.diarioimagen.net\/index.php?rest_route=\/wp\/v2\/users\/1"}],"replies":[{"embeddable":true,"href":"https:\/\/www.diarioimagen.net\/index.php?rest_route=%2Fwp%2Fv2%2Fcomments&post=120965"}],"version-history":[{"count":0,"href":"https:\/\/www.diarioimagen.net\/index.php?rest_route=\/wp\/v2\/posts\/120965\/revisions"}],"wp:attachment":[{"href":"https:\/\/www.diarioimagen.net\/index.php?rest_route=%2Fwp%2Fv2%2Fmedia&parent=120965"}],"wp:term":[{"taxonomy":"category","embeddable":true,"href":"https:\/\/www.diarioimagen.net\/index.php?rest_route=%2Fwp%2Fv2%2Fcategories&post=120965"},{"taxonomy":"post_tag","embeddable":true,"href":"https:\/\/www.diarioimagen.net\/index.php?rest_route=%2Fwp%2Fv2%2Ftags&post=120965"}],"curies":[{"name":"wp","href":"https:\/\/api.w.org\/{rel}","templated":true}]}}