{"id":120985,"date":"2013-02-13T00:08:40","date_gmt":"2013-02-13T06:08:40","guid":{"rendered":"http:\/\/www.diarioimagen.net\/?p=120985"},"modified":"2013-02-13T05:38:21","modified_gmt":"2013-02-13T11:38:21","slug":"coacalco-cumplio-ayer-151-anos-de-fundado","status":"publish","type":"post","link":"https:\/\/www.diarioimagen.net\/?p=120985","title":{"rendered":"Coacalco cumpli\u00f3 ayer 151 a\u00f1os de fundado"},"content":{"rendered":"<ul>\n<li><em><strong>El edil encabeza la ceremonia<\/strong><\/em><\/li>\n<\/ul>\n<div id=\"attachment_121065\" style=\"width: 250px\" class=\"wp-caption alignleft\"><a href=\"http:\/\/www.diarioimagen.net\/wp-content\/uploads\/2013\/02\/COACALCO-2035.jpg\"><img loading=\"lazy\" decoding=\"async\" aria-describedby=\"caption-attachment-121065\" class=\"size-medium wp-image-121065\" alt=\"El alcalde de Coacalco, David S\u00e1nchez Isidoro, encabez\u00f3 los festejos por 151 aniversario de la erecci\u00f3n como municipio.\" src=\"http:\/\/www.diarioimagen.net\/wp-content\/uploads\/2013\/02\/COACALCO-2035-240x135.jpg\" width=\"240\" height=\"135\" \/><\/a><p id=\"caption-attachment-121065\" class=\"wp-caption-text\">El alcalde de Coacalco, David S\u00e1nchez Isidoro, encabez\u00f3 los festejos por 151 aniversario de la erecci\u00f3n como municipio.<\/p><\/div>\n<p><strong>Coacalco, Estado de M\u00e9xico.-<\/strong> David S\u00e1nchez Isidoro encabez\u00f3 la ceremonia c\u00edvica por el CLI aniversario de la erecci\u00f3n de este lugar como municipio, donde asegur\u00f3: \u201cla historia es el gran legado de la vida humana,\u00a0 instruye con la experiencia y corrige con el ejemplo. Un pueblo que conoce y reconoce su historia, es un pueblo que la exhibe con orgullo y fortalece su presente,\u00a0 y tiene capacidad de proyectar con visi\u00f3n, claridad y certeza en su futuro\u201d.<\/p>\n<p>Ante la presencia del cuerpo edilicio en funciones, ex presidentes municipales y autoridades locales, y Marco Aurelio Garc\u00eda Luna Herrera, representante del gobernador del Estado de M\u00e9xico, el mun\u00edcipe reconoci\u00f3 la rica historia cultural del municipio que data desde los tiempos prehisp\u00e1nicos, y asegur\u00f3\u00a0 que la figura del municipio el espacio democr\u00e1tico\u00a0 que tienen los ciudadanos para la construcci\u00f3n y desarrollo del bien com\u00fan.<\/p>\n<p>\u201cEl municipio ha sido la instituci\u00f3n sociopol\u00edtica m\u00e1s importante de nuestro pa\u00eds y para los mexicanos, la base y sustento de nuestro sistema de gobierno. Consagrado desde nuestros or\u00edgenes, con fundaci\u00f3n libre e independiente, el municipio y su cabildo como \u00f3rgano colegiado y deliberativo, constituye el espacio m\u00e1s importante y significativo de expresi\u00f3n y participaci\u00f3n ciudadana\u201d apunt\u00f3.<\/p>\n<p>Record\u00f3 el edil que el territorio municipal se extend\u00eda el lago de Xaltocan, y probablemente ya exist\u00edan asentamientos humanos desde el 300 a.C. al encontrarse fragmentos de cer\u00e1mica precl\u00e1sica en una exploraci\u00f3n arqueol\u00f3gica a espaldas de la parroquia de San Francisco.<\/p>\n<p>&nbsp;<\/p>\n","protected":false},"excerpt":{"rendered":"<p>Coacalco, Estado de M\u00e9xico.- David S\u00e1nchez Isidoro encabez\u00f3 la ceremonia c\u00edvica por el CLI aniversario de la<\/p>\n","protected":false},"author":1,"featured_media":0,"comment_status":"open","ping_status":"open","sticky":false,"template":"","format":"standard","meta":{"_monsterinsights_skip_tracking":false,"_monsterinsights_sitenote_active":false,"_monsterinsights_sitenote_note":"","_monsterinsights_sitenote_category":0,"footnotes":""},"categories":[5],"tags":[21999,579,26134,43675],"class_list":["post-120985","post","type-post","status-publish","format-standard","hentry","category-estado-de-mexico","tag-aniversario","tag-coacalco","tag-david-sanchez-isidoro","tag-estado-de-mexico"],"_links":{"self":[{"href":"https:\/\/www.diarioimagen.net\/index.php?rest_route=\/wp\/v2\/posts\/120985","targetHints":{"allow":["GET"]}}],"collection":[{"href":"https:\/\/www.diarioimagen.net\/index.php?rest_route=\/wp\/v2\/posts"}],"about":[{"href":"https:\/\/www.diarioimagen.net\/index.php?rest_route=\/wp\/v2\/types\/post"}],"author":[{"embeddable":true,"href":"https:\/\/www.diarioimagen.net\/index.php?rest_route=\/wp\/v2\/users\/1"}],"replies":[{"embeddable":true,"href":"https:\/\/www.diarioimagen.net\/index.php?rest_route=%2Fwp%2Fv2%2Fcomments&post=120985"}],"version-history":[{"count":0,"href":"https:\/\/www.diarioimagen.net\/index.php?rest_route=\/wp\/v2\/posts\/120985\/revisions"}],"wp:attachment":[{"href":"https:\/\/www.diarioimagen.net\/index.php?rest_route=%2Fwp%2Fv2%2Fmedia&parent=120985"}],"wp:term":[{"taxonomy":"category","embeddable":true,"href":"https:\/\/www.diarioimagen.net\/index.php?rest_route=%2Fwp%2Fv2%2Fcategories&post=120985"},{"taxonomy":"post_tag","embeddable":true,"href":"https:\/\/www.diarioimagen.net\/index.php?rest_route=%2Fwp%2Fv2%2Ftags&post=120985"}],"curies":[{"name":"wp","href":"https:\/\/api.w.org\/{rel}","templated":true}]}}