{"id":121100,"date":"2013-02-14T00:01:50","date_gmt":"2013-02-14T06:01:50","guid":{"rendered":"http:\/\/www.diarioimagen.net\/?p=121100"},"modified":"2013-02-14T02:18:46","modified_gmt":"2013-02-14T08:18:46","slug":"del-21-de-febrero-al-3-de-marzo-se-realizara-el-festival-montreal-en-lumiere","status":"publish","type":"post","link":"https:\/\/www.diarioimagen.net\/?p=121100","title":{"rendered":"Del 21 de febrero al 3 de marzo se realizar\u00e1 el Festival Montr\u00e9al en lumi\u00e8re"},"content":{"rendered":"<h2>De cinco estrellas<\/h2>\n<h5>Victoria Gonz\u00e1lez Prado<\/h5>\n<p>&nbsp;<\/p>\n<ul>\n<li><em><strong>Lima, la tercera ciudad m\u00e1s grande de Am\u00e9rica del Sur, abrir\u00e1\u00a0 un Courtyard<\/strong><\/em><\/li>\n<li><em><strong>Princess Yachts International gan\u00f3 el \u201cMotor Boat of the Year\u201d<\/strong><\/em><\/li>\n<li><em><strong>Eduardo Tricio Haro, nuevo presidente de Grupo Aerom\u00e9xico<\/strong><\/em><\/li>\n<\/ul>\n<div id=\"attachment_121202\" style=\"width: 250px\" class=\"wp-caption alignleft\"><a href=\"http:\/\/www.diarioimagen.net\/wp-content\/uploads\/2013\/02\/turismo-2036.jpg\"><img loading=\"lazy\" decoding=\"async\" aria-describedby=\"caption-attachment-121202\" class=\"size-medium wp-image-121202\" alt=\"Montr\u00e9al en lumi\u00e8re, un festival lleno de sorpresas.\" src=\"http:\/\/www.diarioimagen.net\/wp-content\/uploads\/2013\/02\/turismo-2036-240x135.jpg\" width=\"240\" height=\"135\" \/><\/a><p id=\"caption-attachment-121202\" class=\"wp-caption-text\">Montr\u00e9al en lumi\u00e8re, un festival lleno de sorpresas.<\/p><\/div>\n<p>Del 21 de febrero al 3 de marzo se realizar\u00e1 uno de los festivales m\u00e1s grandes e importantes de invierno en el mundo: <i>Montr\u00e9al en lumi\u00e8re<\/i>, que re\u00fane a 900 mil asistentes con un programa de experiencias \u00fanico en su versi\u00f3n 14 que combina artes esc\u00e9nicas, gastronom\u00eda, actividades familiares al aire libre\u00a0 y una noche completa de descubrimientos originales. Toques de luz sobre gastronom\u00eda, es un deleite, pone en conexi\u00f3n a los mejores cocineros de Montreal con los grandes maestros culinarios de los cinco continentes. Este a\u00f1o los visitantes tendr\u00e1n la oportunidad de alegrar su paladar con aut\u00e9ntica cocina latinoamericana, gracias a la afluencia de 18 chefs visitantes desde\u00a0Argentina, con creaciones inspiradas en productos locales de Quebec, este evento tiene lugar en el <i>Quartier des spectacle,<\/i><b> <\/b>sitio gratuito al aire libre. Para cerrar<b> <\/b><i>\u201cNuit Blanche\u201d<\/i> invita a disfrutar de alrededor de 170 actividades diferentes, danza, exposiciones, juegos de luces en escenarios o en pantallas, m\u00fasica y una sofisticada red de instalaciones el\u00e9ctricas que iluminan la ciudad. De los eventos destacan: espect\u00e1culos de m\u00fasica con DJs y Vjs cada noche en la Plaza de <i>les Festivales; <\/i>\u00b7Proyecci\u00f3n de pel\u00edculas; Kioscos de comida, vino y cerveza; Juegos para ni\u00f1os: Un tobog\u00e1n gigante que cruza toda la Plaza de Artes y una Gran Rueda de la Fortuna. Todos los eventos en exteriores son gratuitos.\u00a0La Noche Blanca: itinerarios culturales en galer\u00edas de artes, museos, centros culturales, tropas de circo y de baile, bares y discotecas. Todo est\u00e1 abierto toda la noche (hasta el transporte p\u00fablico) y cada lugar presenta una actividad cultural especial; Arte subterr\u00e1neo: La ciudad subterr\u00e1nea tambi\u00e9n se anima con instalaciones art\u00edsticas interactivas. Descubrir\u00e1s obras de arte en estaciones de Metro y pasajes subterr\u00e1neos. Eventos gastron\u00f3micos: Adem\u00e1s de disfrutar de la gastronom\u00eda de Montreal en los mejores \u00a0restaurantes (<i>Toqu\u00e9, Europea, Maison Bulud, Les 400 coups, Le Contemporain,<\/i> etc.) est\u00e1 el Festival de los quesos de Quebec en la Plaza de Artes. Es un evento p\u00fablico y gratuito donde puedes probar los mejores quesos de la provincia con vinos\u00a0 locales e internacionales y cervezas, pues se produce mucha cerveza y Montreal est\u00e1 llena de cervecer\u00edas artesanales. Otra cita es en el mercado Jean-Talon, uno de los m\u00e1s bonitos de la ciudad, donde est\u00e1s invitado a probar los productos frescos de la regi\u00f3n del <i>Saguenay Lac St-Jean. <\/i>Los Tours Gastron\u00f3micos por los barrios de Montreal son ideales podr\u00e1s visitar los restaurantes emblem\u00e1ticos y probar recetas t\u00edpicas del Viejo Montreal, la Peque\u00f1a Italia, en la Calle Ste-Catherine y otros. Tambi\u00e9n es posible hacer un Tour de Cervecer\u00edas y probar las mejores cervezas de la ciudad.<\/p>\n<p><i>\u2730\u2730\u2730\u2730\u2730<\/i>\u00a0<b><\/b>El primer hotel en Per\u00fa de la marca <i>Courtyard by Marriott<\/i><b>,<\/b> estar\u00e1 ubicado en Lima, la tercera ciudad m\u00e1s grande de Am\u00e9rica del Sur, se desarrollar\u00e1 en asociaci\u00f3n con Inversiones La Rioja SA, una prestigiada compa\u00f1\u00eda peruana que ya opera el <i>JW Marriott Hotel Lima<\/i> que cuenta con 300 habitaciones y el <i>JW Marriott Cusco<\/i> con 150 habitaciones. El hotel se construir\u00e1 en el cruce de la calle Alcanfores y la calle Schell en la exclusiva colonia Miraflores, conocida por sus comercios, restaurantes, parques llenos de flores y vistas al mar. \u201cNos impresion\u00f3 el concepto y posicionamiento de <i>Courtyard by Marriott<\/i>, y estamos muy orgullosos de poder lanzar esta marca en Lima con <i>Marriott International<\/i>\u201d, dijo <b>Alfonso Brazzini<\/b>, presidente del Consejo de Inversiones La Rioja. \u201cCon los incre\u00edbles resultados que hemos tenido con las dos propiedades de <i>JW Marriott<\/i>, estamos seguros que este hotel ser\u00e1 tambi\u00e9n un \u00e9xito\u201d. <b>Craig S. Smith<\/b>, presidente del Caribe y Am\u00e9rica Latina de <i>Marriott International<\/i> dijo: \u201cEl nuevo <i>Courtyard by Marriott<\/i> en Lima representa nuestra r\u00e1pida expansi\u00f3n en toda Am\u00e9rica Latina. El hotel contar\u00e1 con un dise\u00f1o moderno y funcional, reflejar\u00e1 la cultura vibrante de Per\u00fa y ofrecer\u00e1 todos los servicios \u00a0y calidad de las marcas de <i>Marriott International<\/i>\u201d. Asimismo, <b>Laurent de Kousemaeker<\/b>, director de desarrollo de la cadena en el Caribe y Am\u00e9rica Latina, se\u00f1al\u00f3: \u201cEste nuevo hotel fortalece nuestra presencia en Lima, un mercado estrat\u00e9gico para <i>Marriott International<\/i> en Am\u00e9rica Latina, y estoy seguro que contribuir\u00e1 a nuestro \u00e9xito en el pa\u00eds\u201d. Adem\u00e1s de 150 habitaciones con decoraci\u00f3n moderna y relajante, el hotel contar\u00e1 con el <i>refreshing business lobby<\/i> emblem\u00e1tico de la marca, un espacio moderno para trabajar, socializar y relajarse que ofrecer\u00e1 servicio gratuito de wifi. El <i>refreshing business lobby<\/i> contar\u00e1 tambi\u00e9n con el exclusivo <i>GoBoard\u00ae,<\/i> una pantalla LCD interactiva de 55 pulgadas repleta de informaciones locales: mapas, clima, noticias y titulares deportivos. Los hu\u00e9spedes podr\u00e1n navegar la pantalla t\u00e1ctil para encontrar e imprimir informaci\u00f3n y direcciones de restaurantes y otras atracciones locales. Tambi\u00e9n un restaurante casual, amplias salas de reuniones e instalaciones recreativas, incluyendo una piscina y un gimnasio.<\/p>\n<p><i>\u2730\u2730\u2730\u2730\u2730<\/i>\u00a0<i>Princess Yachts International<\/i> gan\u00f3 nuevamente en la entrega anual de los Premios <i>\u201cIPC Marine Media\u2019s Motor Boat of the Year\u201d. <\/i>El yate, adem\u00e1s de haber recibido las mejores cr\u00edticas de los medios n\u00e1uticos del mundo desde su lanzamiento el a\u00f1o pasado, gan\u00f3 el premio m\u00e1s cotizado; el <i>\u201cMotor Boat of the Year\u201d<\/i> para cruceros deportivos de hasta 45 pies. El premio demuestra como <i>Princess <\/i>sigue al frente en el segmento <i>\u201cCompetitive Performance Motor Yacht\u201d <\/i>con los <i>Princess V52, V62 <\/i>y <i>V45 <\/i>ya que adem\u00e1s del <i>V39<\/i> han obtenido el t\u00edtulo de mejor <i>\u201cSportscruiser\u201d<\/i> en a\u00f1os pasados. Chris Gates, director general de <i>Princess Yachts<\/i> indic\u00f3: \u201cSab\u00edamos, antes de su lanzamiento el a\u00f1o pasado en Londres, que el <i>V39<\/i> iba a ser un modelo muy exitoso para nosotros, un <i>look<\/i> apantallante, un desempe\u00f1o que quita el aliento y un inigualable espacio interior que lo hacen irresistible. El nivel de detalles que tiene y el valor que ofrece por su precio lo hacen un yate muy especial. Nos enorgullece que esta fue tambi\u00e9n la opini\u00f3n de los jueces en una categor\u00eda extremadamente competitiva\u201d. Este no es el primer premio para el <i>V39.<\/i> Este modelo obtuvo el t\u00edtulo de Mejor Yate Motorizado Importado de 30-40 pies en los premios <i>AIM Media Marine Group Editor\u2019s Choice<\/i> el a\u00f1o pasado. El <i>V39 <\/i>es r\u00e1pido, \u00e1gil y espacioso, es para Princess un extraordinario regreso a esta gama con un crucero deportivo compacto sin compromisos. Cuenta con un generoso\u00a0 espacio en la cubierta de popa con un c\u00f3modo sill\u00f3n hasta para seis invitados, mesa de teca, bar con refrigerador y lavamanos. Bajando las escaleras en la cubierta inferior un c\u00f3modo comedor y el <i>galley <\/i>(cocina) completamente equipado. Cuenta con un camarote principal y un segundo camarote con dos camas y un c\u00f3modo sill\u00f3n. El camarote principal est\u00e1 totalmente equipado y gran espacio de almacenaje, ba\u00f1o completo con un acceso secundario al sal\u00f3n para dar servicio a los invitados. Este yate cuenta con un motor de seis cilindros que garantiza un rendimiento suave y puede alcanzar hasta\u00a0 los 39 nudos de velocidad. El <i>V39<\/i> fue uno de los diez iyates que formaron parte del display en el <i>Tullet Prebon London International Boat Show<\/i>, donde tambi\u00e9n se exhibieron los nuevos <i>Princess 52 y 82 Motor Yacht<\/i> los cuales fueron presentados mundialmente.<\/p>\n<p><i>\u2730\u2730\u2730\u2730\u2730<\/i>\u00a0Grupo Aerom\u00e9xico anunci\u00f3\u00a0que un grupo de empresarios mexicanos, encabezados por <b>Eduardo Tricio Haro<\/b> y <b>Valent\u00edn Diez Morodo<\/b>, adquirieron el 20.19% de las acciones de la aerol\u00ednea. El grupo de empresarios est\u00e1 conformado por los mismos accionistas de Aerom\u00e9xico que participaron en la compra de la aerol\u00ednea en 2007 y que desde entonces han invertido en ella. Como resultado de la operaci\u00f3n de compra-venta anunciada, ning\u00fan consejero individual de Aerom\u00e9xico tendr\u00e1 una participaci\u00f3n accionaria superior al 10%, salvo <b>Tricio Haro<\/b>. Banamex, a trav\u00e9s de una sociedad afiliada, conservar\u00e1 el 17.91% del capital de la aerol\u00ednea. Para esta nueva etapa, <b>Eduardo Tricio Haro<\/b> asumir\u00e1 la presidencia del Consejo de Administraci\u00f3n y <b>Valent\u00edn D\u00edez Morodo<\/b> la vicepresidencia. <b>Andr\u00e9s Conesa<\/b> permanecer\u00e1 al frente de la aerol\u00ednea, como su director general. Los miembros de la Comisi\u00f3n Ejecutiva de Aerom\u00e9xico agradecieron a <b>Jos\u00e9 Luis Barraza Gonz\u00e1lez<\/b> su destacado desempe\u00f1o como presidente del Consejo durante m\u00e1s de cinco a\u00f1os. Reconocieron su labor desde el proceso de adquisici\u00f3n de la aerol\u00ednea y la reestructura que permiti\u00f3 el fortalecimiento del balance financiero del Grupo. <b>Eduardo Tricio Haro<\/b> es presidente del Consejo de Administraci\u00f3n de Grupo Lala. Egresado del Instituto Tecnol\u00f3gico y de Estudios Superiores de Monterrey, es miembro de los consejos de administraci\u00f3n de Grupo Financiero Banamex, Grupo Televisa, Mexichem, Grupo Industrial Saltillo, Grupo Porres y la Bolsa Mexicana de Valores. Tambi\u00e9n es vicepresidente del Consejo Mexicano de Hombres de Negocios y participa en diversos esfuerzos filantr\u00f3picos y sociales.<\/p>\n<p><i><em><a href=\"mailto:victoriagprado@gmail.com\" target=\"_blank\">victoriagprado@gmail.com<\/a><\/em><\/i><\/p>\n<p>&nbsp;<\/p>\n","protected":false},"excerpt":{"rendered":"<p>Del 21 de febrero al 3 de marzo se realizar\u00e1 uno de los festivales m\u00e1s grandes e importantes de invierno en el mundo: Montr\u00e9al en lumi\u00e8re, que re\u00fane a 900 mil asistentes con un programa de experiencias \u00fanico en su versi\u00f3n 14 que combina artes esc\u00e9nicas, gastronom\u00eda, actividades familiares al aire libre  y una noche completa de descubrimientos originales.<\/p>\n","protected":false},"author":1,"featured_media":0,"comment_status":"open","ping_status":"open","sticky":false,"template":"","format":"standard","meta":{"_monsterinsights_skip_tracking":false,"_monsterinsights_sitenote_active":false,"_monsterinsights_sitenote_note":"","_monsterinsights_sitenote_category":0,"footnotes":""},"categories":[11],"tags":[107,43681,106],"class_list":["post-121100","post","type-post","status-publish","format-standard","hentry","category-turismo","tag-de-cinco-estrellas","tag-turismo","tag-victoria-gonzalez-prado"],"_links":{"self":[{"href":"https:\/\/www.diarioimagen.net\/index.php?rest_route=\/wp\/v2\/posts\/121100","targetHints":{"allow":["GET"]}}],"collection":[{"href":"https:\/\/www.diarioimagen.net\/index.php?rest_route=\/wp\/v2\/posts"}],"about":[{"href":"https:\/\/www.diarioimagen.net\/index.php?rest_route=\/wp\/v2\/types\/post"}],"author":[{"embeddable":true,"href":"https:\/\/www.diarioimagen.net\/index.php?rest_route=\/wp\/v2\/users\/1"}],"replies":[{"embeddable":true,"href":"https:\/\/www.diarioimagen.net\/index.php?rest_route=%2Fwp%2Fv2%2Fcomments&post=121100"}],"version-history":[{"count":0,"href":"https:\/\/www.diarioimagen.net\/index.php?rest_route=\/wp\/v2\/posts\/121100\/revisions"}],"wp:attachment":[{"href":"https:\/\/www.diarioimagen.net\/index.php?rest_route=%2Fwp%2Fv2%2Fmedia&parent=121100"}],"wp:term":[{"taxonomy":"category","embeddable":true,"href":"https:\/\/www.diarioimagen.net\/index.php?rest_route=%2Fwp%2Fv2%2Fcategories&post=121100"},{"taxonomy":"post_tag","embeddable":true,"href":"https:\/\/www.diarioimagen.net\/index.php?rest_route=%2Fwp%2Fv2%2Ftags&post=121100"}],"curies":[{"name":"wp","href":"https:\/\/api.w.org\/{rel}","templated":true}]}}