{"id":121106,"date":"2013-02-14T00:06:16","date_gmt":"2013-02-14T06:06:16","guid":{"rendered":"http:\/\/www.diarioimagen.net\/?p=121106"},"modified":"2013-02-14T02:19:10","modified_gmt":"2013-02-14T08:19:10","slug":"el-poder-es-como-el-amor","status":"publish","type":"post","link":"https:\/\/www.diarioimagen.net\/?p=121106","title":{"rendered":"\u201cEl poder es como el amor&#8230;\u201d"},"content":{"rendered":"<h2>\u00cdndice pol\u00edtico<\/h2>\n<h5>Francisco Rodr\u00edguez<\/h5>\n<p>&nbsp;<\/p>\n<p>Dec\u00eda don Jos\u00e9 L\u00f3pez Portillo que \u201cel poder es como el amor: no se comparte\u201d. Aunque hoy todo indica que son varios los compartimientos\u2026<\/p>\n<p>Y s\u00ed, en efecto, pol\u00edtica y amor son equiparables. Se parecen demasiado. Est\u00e1n llenas de promesas. De rupturas. Lunas de miel. Celos. Desencantos. Te voy a convertir en la reina de mi vida. Privilegiar\u00e9 una estrategia de seguridad. Te voy a llamar ma\u00f1ana, tarde y noche. El objetivo de mi gobierno ser\u00e1 el que todos vivamos mejor. No es cierto, s\u00f3lo te lo imaginas, estuve en la oficina hasta bien entrada la noche\u2026<\/p>\n<p>Fernando Savater escribi\u00f3 no ha mucho que \u201ccomo la pol\u00edtica, el amor es tambi\u00e9n ardiente y sucio, pero imprescindible para el mantenimiento de la sociedad. El amor no es nada de lo que hay que ser: no es objetivo, ni desinteresado, ni equilibrado, ni renunciativo (en amor nadie dice \u201cpase usted primero\u201d salvo los gilipollas y Humphrey Bogart en \u201cCasablanca\u201d): exactamente igual que el af\u00e1n pol\u00edtico, que comparte esas caracter\u00edsticas apasionadamente viciosas y tambi\u00e9n lo tempestuoso de sus consecuencias\u201d.<\/p>\n<p>Iniciamos los sexenios con una luna de miel tan ef\u00edmera como la de aqu\u00e9l que se endeuda de por vida para pagar un crucero por el Caribe con la (todav\u00eda) amada. R\u00e1pido viene la decepci\u00f3n. No pocas veces mucho antes de los cl\u00e1sicos 100 d\u00edas napole\u00f3nicos revividos por Franklin Delano Roosevelt.<\/p>\n<p>Comienzan muy r\u00e1pido los desencuentros. Justo al mismo tiempo de las promesas -\u201ccompromisos\u201d les dicen ahora- rotas.<\/p>\n<p>Como el amor, en efecto, la pol\u00edtica es el arte de romper promesas. Cuando el poder se convierte en un fin en s\u00ed mismo, en la realizaci\u00f3n de los viejos sue\u00f1os infantiles de omnipotencia, se desdibuja progresivamente su necesaria subordinaci\u00f3n a una \u00e9tica de la responsabilidad.<\/p>\n<p>D\u00eda del Amor. D\u00eda del poder. De la pol\u00edtica, tambi\u00e9n. No se comparten. Se ejercen. La mayor\u00eda de las veces para provecho propio.<\/p>\n<p style=\"text-align: center;\">\u00a0<b>BAJA CALIFORNIA, HOY<\/b><\/p>\n<p>\u00a0Ya se supo. Que Jorge Hank Rhon se puso pesado porque le quieren quitar a la mala a su \u201cgallo\u201d a la alcald\u00eda de Tijuana, el doctor Jorge Astiazar\u00e1n (uno de los 400 amigos de Jorgito), cuya candidatura ya hab\u00eda sido negociada en el CEN. Pero que Fernando Castro Trenti movi\u00f3 sus piezas para sacarlo de la jugada y poner a un incondicional suyo con el pretexto de que el doc es \u201cun flan\u201d para los panistas. Y Tijuana, adem\u00e1s, es la pieza fundamental para ganar la gubernatura.<\/p>\n<p>As\u00ed, en esa lista se apuntaron Mario Escobedo Carignan, quien maniobra desde el Consejo Coordinador Empresarial su promoci\u00f3n pol\u00edtica. Escobedo es suegro del diputado federal Chris L\u00f3pez, tambi\u00e9n made by Manlio y por tanto ficha de Castro Trenti.<\/p>\n<p>Tambi\u00e9n se mueve para Tijuana el dirigente estatal del PRI Ren\u00e9 Mend\u00edvil Acosta, personaje trabajador y disciplinado, quien obedece al inter\u00e9s de Castro Trenti. Si los dos citados se registran al publicarse la convocatoria tricolor, la \u201cfiesta\u201d se pondr\u00e1 muy buena y la desestabilizaci\u00f3n en el PRI lo har\u00e1 cera y pabilo para regocijo blanquiazul.<\/p>\n<p>Los Valencia, Eligio Valencia Alonso y Eligio Valencia Roque, quien contendi\u00f3 por la senadur\u00eda en la elecci\u00f3n de julio pasado, tambi\u00e9n est\u00e1n a la consideraci\u00f3n del precandidato oficial del PRI a la gubernatura bajacaliforniana.<\/p>\n<p>Frente a estos escenarios, en el CEN del PRI se prendieron las se\u00f1ales de alerta y es muy probable que se realicen algunas jugadas emergentes como renegociar de nuevo con Hank; darle la candidatura de Mexicali a Humberto Lepe Lepe, quien no iba para all\u00e1; repartirle el Congreso a los dem\u00e1s aspirantes, y al resto de suspirantes colocarlos en las delegaciones federales. As\u00ed, reinar\u00e1 de nuevo la unidad tricolor, aunque con pinzas. Le seguir\u00e9 informando.<\/p>\n<p><b><i>\u00cdndice Flam\u00edgero:<\/i><\/b> Dec\u00eda la cantante Mona Bell que \u201cla vida es una t\u00f3mbola\u201d. Tal ser\u00eda el caso de Antonio Berumen Preciado, actual director de Administraci\u00f3n del IMSS. Proviene de Agricultura, donde fung\u00eda como oficial mayor, y en las juntas de consejo de las paraestatales y sectorizadas y en los comit\u00e9s de adquisiciones en el sector central, recomendaba invariablemente que comprometieran a la entonces futura administraci\u00f3n pri\u00edsta con compras multianuales. Pero ahora que otro servidor panista lo invit\u00f3 al a\u00f1oso edificio del Paseo de la Reforma, se queja amargamente de que los antecesores le dejaron comprometida la caja. Vueltas que da la vida, pues.<\/p>\n<p><em><a href=\"http:\/\/www.indicepolitico.com\/\" target=\"_blank\"><em>www.indicepolitico.com<\/em><\/a><br \/>\n<\/em><em><a href=\"mailto:pacorodriguez@journalist.com\" target=\"_blank\">pacorodriguez@journalist.com<\/a><\/em><\/p>\n","protected":false},"excerpt":{"rendered":"<p><span style=\"color: #005497;\"><strong>Francisco Rodr\u00edguez<\/strong><\/span><\/p>\n","protected":false},"author":1,"featured_media":0,"comment_status":"open","ping_status":"open","sticky":false,"template":"","format":"standard","meta":{"_monsterinsights_skip_tracking":false,"_monsterinsights_sitenote_active":false,"_monsterinsights_sitenote_note":"","_monsterinsights_sitenote_category":0,"footnotes":""},"categories":[549],"tags":[15864,43689,550,43674,14482],"class_list":["post-121106","post","type-post","status-publish","format-standard","hentry","category-francisco-rodriguez","tag-amor","tag-francisco-rodriguez","tag-indice-politico","tag-opinion","tag-poder"],"_links":{"self":[{"href":"https:\/\/www.diarioimagen.net\/index.php?rest_route=\/wp\/v2\/posts\/121106","targetHints":{"allow":["GET"]}}],"collection":[{"href":"https:\/\/www.diarioimagen.net\/index.php?rest_route=\/wp\/v2\/posts"}],"about":[{"href":"https:\/\/www.diarioimagen.net\/index.php?rest_route=\/wp\/v2\/types\/post"}],"author":[{"embeddable":true,"href":"https:\/\/www.diarioimagen.net\/index.php?rest_route=\/wp\/v2\/users\/1"}],"replies":[{"embeddable":true,"href":"https:\/\/www.diarioimagen.net\/index.php?rest_route=%2Fwp%2Fv2%2Fcomments&post=121106"}],"version-history":[{"count":0,"href":"https:\/\/www.diarioimagen.net\/index.php?rest_route=\/wp\/v2\/posts\/121106\/revisions"}],"wp:attachment":[{"href":"https:\/\/www.diarioimagen.net\/index.php?rest_route=%2Fwp%2Fv2%2Fmedia&parent=121106"}],"wp:term":[{"taxonomy":"category","embeddable":true,"href":"https:\/\/www.diarioimagen.net\/index.php?rest_route=%2Fwp%2Fv2%2Fcategories&post=121106"},{"taxonomy":"post_tag","embeddable":true,"href":"https:\/\/www.diarioimagen.net\/index.php?rest_route=%2Fwp%2Fv2%2Ftags&post=121106"}],"curies":[{"name":"wp","href":"https:\/\/api.w.org\/{rel}","templated":true}]}}