{"id":121121,"date":"2013-02-14T00:03:09","date_gmt":"2013-02-14T06:03:09","guid":{"rendered":"http:\/\/www.diarioimagen.net\/?p=121121"},"modified":"2013-02-15T03:17:24","modified_gmt":"2013-02-15T09:17:24","slug":"beer-factory-lindavista-sin-permisos-y-con-mordidas","status":"publish","type":"post","link":"https:\/\/www.diarioimagen.net\/?p=121121","title":{"rendered":"Beer Factory Lindavista, sin permisos y con mordidas"},"content":{"rendered":"<h2>Detr\u00e1s del Poder<\/h2>\n<h5>Jos\u00e9 Antonio L\u00f3pez Sosa<\/h5>\n<p>&nbsp;<\/p>\n<p>La cadena de cervecer\u00edas-restaurantes Beer Factory, naci\u00f3 en enero de 1997 como la primer microcervecer\u00eda en M\u00e9xico, y su primer establecimiento estuvo en el Centro Comercial Santa Fe y desde entonces su crecimiento ha sido prominente, lo cual se\u00f1ala un negocio sano y rentable. Siguieron las aperturas en Cuicuilco y Mundo E, hasta que en 2008 fue adquirido por Grupo Comercial Mexicana,\u00a0continuando una expansi\u00f3n s\u00f3lida.<\/p>\n<p>En agosto de 2010, es decir, hace 2 a\u00f1os y medio, comenzaron a operar la sucursal Lindavista, que se ubica en Insurgentes Norte 1812, casi esquina con avenida Montevideo, teniendo hasta la fecha un \u00e9xito por el concepto y la localizaci\u00f3n.<\/p>\n<p>Dentro de esta aparente armon\u00eda empresarial obra en nuestro poder informaci\u00f3n que da cuenta de los manejos fuera de la ley que existen en esta zona, per\u00edmetro de la delegaci\u00f3n Gustavo A. Madero.<\/p>\n<p>Beer Factory Lindavista ha operado desde su apertura sin los permisos correspondientes.<\/p>\n<p>De acuerdo al art\u00edculo 9 de la Ley de Establecimientos Mercantiles del Distrito Federal, establece claramente que son atribuciones de las delegaciones (en este caso la Gustavo A. Madero) expedir licencias de funcionamiento, permisos y autorizaciones en los t\u00e9rminos de ley; llevar el registro de las declaraciones de apertura de los establecimientos mercantiles; registrar el aviso de suspensi\u00f3n y cese de actividades de los establecimientos mercantiles e informar a la Tesorer\u00eda del Distrito Federal sobre \u00e9stos, entre otras.<\/p>\n<p>En el oficio DGAM\/DGJG\/DG\/SG\/JUDGEP\/237\/2013 de fecha 24 de enero de 2013, el Lic. Jos\u00e9 Luis L\u00f3pez Morales, jefe de la unidad departamental de giros mercantiles y espect\u00e1culos p\u00fablicos de la delegaci\u00f3n, informa que el establecimiento se encuentra en \u201cproceso de regularizaci\u00f3n\u201d, por tener a su cargo el procedimiento de la solicitud de permiso de impacto zonal.<\/p>\n<p>La pregunta es, \u00bfc\u00f3mo ha funcionado entonces Beer Factory Lindavista durante estos 2 a\u00f1os y medio?, algunas indagatorias que hemos realizado se\u00f1alan que mediante mordidas a gente de la delegaci\u00f3n, ha logrado permanecer abierto este establecimiento desde aquel agosto de 2010.<\/p>\n<p>De pronto, hasta la empresa que pareciera m\u00e1s seria, resulta en entredicho y con la sospecha de corrupci\u00f3n encima. \u00bfEstar\u00e1n los directivos de Grupo Comercial Mexicana\u00a0al tanto de esta situaci\u00f3n?, sea franquicia o propia, esta sede en Lindavista lleva el nombre de un grupo empresarial que presume seriedad, operando el lugar por dos a\u00f1os y medio sin permisos y con una extra\u00f1eza que provoca cualquier suspicacia al respecto.<\/p>\n<p>Aqu\u00ed se requieren dos respuestas inmediatas, por un lado de la jefa delegacional en Gustavo A. Madero, Nora Arias Contreras, y por otra de los directivos de Beer Factory\u00ae Restaurant &amp; Brewery y Grupo Comercial Mexicana para explicar esta rara situaci\u00f3n.<\/p>\n<p>\u00bfCu\u00e1ntos establecimientos mercantiles m\u00e1s en Gustavo A. Madero llevar\u00e1n a\u00f1os en \u201cproceso de regularizaci\u00f3n\u201d?, \u00bfser\u00e1 que cualquier persona en Gustavo A. Madero puede inaugurar y operar un establecimiento sin permiso por largos per\u00edodos?, a ver cu\u00e1l ser\u00e1 la explicaci\u00f3n al respecto.<\/p>\n<p><em><a href=\"mailto:lopez.sosa@mexico.com\" target=\"_blank\">lopez.sosa@mexico.com<\/a><\/em><br \/>\n<em><a href=\"http:\/\/twitter.com\/#%21\/joseantonio1977\" target=\"_blank\">@joseantonio1977<br \/>\n<\/a><\/em><em><a href=\"http:\/\/www.formulaconfidencial.com.mx\/\" target=\"_blank\">www.formulaconfidencial.com.mx<\/a><\/em><\/p>\n<p>&nbsp;<\/p>\n","protected":false},"excerpt":{"rendered":"<p><span style=\"color: #005497;\"><strong>Jos\u00e9 Antonio L\u00f3pez Sosa<\/strong><\/span><\/p>\n","protected":false},"author":1,"featured_media":0,"comment_status":"open","ping_status":"open","sticky":false,"template":"","format":"standard","meta":{"_monsterinsights_skip_tracking":false,"_monsterinsights_sitenote_active":false,"_monsterinsights_sitenote_note":"","_monsterinsights_sitenote_category":0,"footnotes":""},"categories":[637],"tags":[638,43690,43674],"class_list":["post-121121","post","type-post","status-publish","format-standard","hentry","category-jose-antonio-lopez-sosa","tag-detras-del-poder","tag-jose-antonio-lopez-sosa","tag-opinion"],"_links":{"self":[{"href":"https:\/\/www.diarioimagen.net\/index.php?rest_route=\/wp\/v2\/posts\/121121","targetHints":{"allow":["GET"]}}],"collection":[{"href":"https:\/\/www.diarioimagen.net\/index.php?rest_route=\/wp\/v2\/posts"}],"about":[{"href":"https:\/\/www.diarioimagen.net\/index.php?rest_route=\/wp\/v2\/types\/post"}],"author":[{"embeddable":true,"href":"https:\/\/www.diarioimagen.net\/index.php?rest_route=\/wp\/v2\/users\/1"}],"replies":[{"embeddable":true,"href":"https:\/\/www.diarioimagen.net\/index.php?rest_route=%2Fwp%2Fv2%2Fcomments&post=121121"}],"version-history":[{"count":0,"href":"https:\/\/www.diarioimagen.net\/index.php?rest_route=\/wp\/v2\/posts\/121121\/revisions"}],"wp:attachment":[{"href":"https:\/\/www.diarioimagen.net\/index.php?rest_route=%2Fwp%2Fv2%2Fmedia&parent=121121"}],"wp:term":[{"taxonomy":"category","embeddable":true,"href":"https:\/\/www.diarioimagen.net\/index.php?rest_route=%2Fwp%2Fv2%2Fcategories&post=121121"},{"taxonomy":"post_tag","embeddable":true,"href":"https:\/\/www.diarioimagen.net\/index.php?rest_route=%2Fwp%2Fv2%2Ftags&post=121121"}],"curies":[{"name":"wp","href":"https:\/\/api.w.org\/{rel}","templated":true}]}}