{"id":121143,"date":"2013-02-14T00:02:20","date_gmt":"2013-02-14T06:02:20","guid":{"rendered":"http:\/\/www.diarioimagen.net\/?p=121143"},"modified":"2013-02-15T03:22:37","modified_gmt":"2013-02-15T09:22:37","slug":"caen-seis-que-violaron-a-espanolas-en-acapulco","status":"publish","type":"post","link":"https:\/\/www.diarioimagen.net\/?p=121143","title":{"rendered":"Caen seis que violaron a espa\u00f1olas en Acapulco"},"content":{"rendered":"<ul>\n<li><em><strong>Jes\u00fas Murillo Karam, titular de la PGR, informa que los detenidos est\u00e1n confesos del delito<\/strong><\/em><\/li>\n<\/ul>\n<div id=\"attachment_121223\" style=\"width: 250px\" class=\"wp-caption alignleft\"><a href=\"http:\/\/www.diarioimagen.net\/wp-content\/uploads\/2013\/02\/VIOLADAS-2036.jpg\"><img loading=\"lazy\" decoding=\"async\" aria-describedby=\"caption-attachment-121223\" class=\"size-medium wp-image-121223\" alt=\"El procurador general de la Rep\u00fablica, Jes\u00fas Murillo Karam, dio a conocer la captura de los viioladores de las espa\u00f1olas en Barra Vieja, zona conurbada de Acapulco.\" src=\"http:\/\/www.diarioimagen.net\/wp-content\/uploads\/2013\/02\/VIOLADAS-2036-240x135.jpg\" width=\"240\" height=\"135\" \/><\/a><p id=\"caption-attachment-121223\" class=\"wp-caption-text\">El procurador general de la Rep\u00fablica, Jes\u00fas Murillo Karam, dio a conocer la captura de los viioladores de las espa\u00f1olas en Barra Vieja, zona conurbada de Acapulco.<\/p><\/div>\n<p><strong>Acapulco, Guerrero.-<\/strong> Jes\u00fas Murillo Karam, titular de la Procuradur\u00eda General de la Rep\u00fablica, inform\u00f3 ayer que hay seis detenidos que confesaron haber violado a un grupo de turistas espa\u00f1olas en Acapulco.<\/p>\n<p>En conferencia de prensa, ofrecida de manera conjunta con el gobernador de Guerrero, \u00c1ngel Aguirre, Murillo indic\u00f3 que tras las indagatorias realizadas s\u00f3lo falta capturar a una persona m\u00e1s por la agresi\u00f3n a las extranjeras.<\/p>\n<p>Los capturados por el caso de las espa\u00f1olas son Abraham Rodr\u00edguez Flores, de 27 a\u00f1os; Omar Gonz\u00e1lez Gaspar, de 20 a\u00f1os; Miguel \u00c1ngel Torres Tlaxiaco, de 19 a\u00f1os, adem\u00e1s, Reynaldo Sandoval N\u00fa\u00f1ez, de 16 a\u00f1os; Jorge Antonio Elio Carmona, de 20 a\u00f1os y Jos\u00e9 Antonio Casta\u00f1eda, de 30 a\u00f1os.<\/p>\n<p>Se inform\u00f3 que los seis aprehendidos son originarios de distintas localidades del estado, seg\u00fan datos de PGR y la Procuradur\u00eda estatal, y que uno de ellos fue capturado anteayer, mientras que el resto en la madrugada de ayer mi\u00e9rcoles.<\/p>\n<p>Murillo Karam\u00a0 se\u00f1al\u00f3 que aunque el caso de las turistas espa\u00f1olas pr\u00e1cticamente est\u00e1 resuelto, no es el \u00fanico de este tipo que ha ocurrido en el puerto; no obstante, destac\u00f3 que en los \u00faltimos d\u00edas han detenido a 37 personas por diversos delitos y logrado desarticular 4 bandas de plagiarios.<\/p>\n<p>En tanto, el gobernador de Guerrero se\u00f1al\u00f3 que durante la investigaci\u00f3n no se busc\u00f3 a \u201cchivos expiatorios\u201d para resolver r\u00e1pidamente el caso.<\/p>\n<p>Murillo Karam inform\u00f3 que a ra\u00edz de la puesta en marcha del Plan Acapulco se han instrumentado nuevos mecanismos de investigaci\u00f3n policial que ha permitido detener varios presuntos delincuentes en la regi\u00f3n.<\/p>\n<p>\u201cTenemos varios meses trabajando en Acapulco, recordar\u00e1s cuando el Presidente instrument\u00f3 el Plan Acapulco que de alguna manera es una especie de forma de ir probando mecanismos nuevos de investigaci\u00f3n policiaca, en \u00e9ste, en el centro de todo est\u00e1 la coordinaci\u00f3n de todas las Polic\u00edas\u201d, dijo.<\/p>\n<p>El abogado de la naci\u00f3n detall\u00f3 que los violadores eran de la comunidad y que, de acuerdo a sus testimonios, algunos planearon robar por la falta de dinero, encontrando la casa donde se encontraban las turistas por casualidad.<\/p>\n<p>Adelant\u00f3 que una vez que est\u00e9n integrados sus expedientes, se decidir\u00e1 si la federaci\u00f3n o el estado de Guerrero procese a los detenidos.<\/p>\n<p>&nbsp;<\/p>\n","protected":false},"excerpt":{"rendered":"<p>Jes\u00fas Murillo Karam, titular de la Procuradur\u00eda General de la Rep\u00fablica, inform\u00f3 ayer que hay seis detenidos que confesaron haber violado a un grupo de turistas espa\u00f1olas en Acapulco. En conferencia de prensa, ofrecida de manera conjunta con el gobernador de Guerrero, \u00c1ngel Aguirre, Murillo indic\u00f3 que tras las indagatorias realizadas s\u00f3lo falta capturar a una persona m\u00e1s por la agresi\u00f3n a las extranjeras.<\/p>\n","protected":false},"author":1,"featured_media":0,"comment_status":"open","ping_status":"open","sticky":false,"template":"","format":"standard","meta":{"_monsterinsights_skip_tracking":false,"_monsterinsights_sitenote_active":false,"_monsterinsights_sitenote_note":"","_monsterinsights_sitenote_category":0,"footnotes":""},"categories":[17,3],"tags":[5428,43673],"class_list":["post-121143","post","type-post","status-publish","format-standard","hentry","category-especiales","category-nacional","tag-jesus-murillo-karam","tag-nacional"],"_links":{"self":[{"href":"https:\/\/www.diarioimagen.net\/index.php?rest_route=\/wp\/v2\/posts\/121143","targetHints":{"allow":["GET"]}}],"collection":[{"href":"https:\/\/www.diarioimagen.net\/index.php?rest_route=\/wp\/v2\/posts"}],"about":[{"href":"https:\/\/www.diarioimagen.net\/index.php?rest_route=\/wp\/v2\/types\/post"}],"author":[{"embeddable":true,"href":"https:\/\/www.diarioimagen.net\/index.php?rest_route=\/wp\/v2\/users\/1"}],"replies":[{"embeddable":true,"href":"https:\/\/www.diarioimagen.net\/index.php?rest_route=%2Fwp%2Fv2%2Fcomments&post=121143"}],"version-history":[{"count":0,"href":"https:\/\/www.diarioimagen.net\/index.php?rest_route=\/wp\/v2\/posts\/121143\/revisions"}],"wp:attachment":[{"href":"https:\/\/www.diarioimagen.net\/index.php?rest_route=%2Fwp%2Fv2%2Fmedia&parent=121143"}],"wp:term":[{"taxonomy":"category","embeddable":true,"href":"https:\/\/www.diarioimagen.net\/index.php?rest_route=%2Fwp%2Fv2%2Fcategories&post=121143"},{"taxonomy":"post_tag","embeddable":true,"href":"https:\/\/www.diarioimagen.net\/index.php?rest_route=%2Fwp%2Fv2%2Ftags&post=121143"}],"curies":[{"name":"wp","href":"https:\/\/api.w.org\/{rel}","templated":true}]}}