{"id":121149,"date":"2013-02-14T00:13:22","date_gmt":"2013-02-14T06:13:22","guid":{"rendered":"http:\/\/www.diarioimagen.net\/?p=121149"},"modified":"2013-02-14T02:48:28","modified_gmt":"2013-02-14T08:48:28","slug":"centro-cultural-de-la-uaem-exhibe-de-la-idea-al-diseno","status":"publish","type":"post","link":"https:\/\/www.diarioimagen.net\/?p=121149","title":{"rendered":"Centro cultural de la UAEM exhibe \u201cDe la idea al dise\u00f1o\u201d"},"content":{"rendered":"<ul>\n<li><em><strong>Son trabajos de 40 alumnos<\/strong><\/em><\/li>\n<\/ul>\n<div id=\"attachment_121255\" style=\"width: 250px\" class=\"wp-caption alignleft\"><a href=\"http:\/\/www.diarioimagen.net\/wp-content\/uploads\/2013\/02\/UAEM-2036.jpg\"><img loading=\"lazy\" decoding=\"async\" aria-describedby=\"caption-attachment-121255\" class=\"size-medium wp-image-121255\" alt=\"Trabajos de fotograf\u00eda, joyer\u00eda, mobiliario, electrodom\u00e9sticos, textiles, cer\u00e1mica, vidrio, madera y embalajes, fueron presentados por estudiantes.\" src=\"http:\/\/www.diarioimagen.net\/wp-content\/uploads\/2013\/02\/UAEM-2036-240x135.jpg\" width=\"240\" height=\"135\" \/><\/a><p id=\"caption-attachment-121255\" class=\"wp-caption-text\">Trabajos de fotograf\u00eda, joyer\u00eda, mobiliario, electrodom\u00e9sticos, textiles, cer\u00e1mica, vidrio, madera y embalajes, fueron presentados por estudiantes.<\/p><\/div>\n<p><strong>Toluca, Estado de M\u00e9xico.-<\/strong> Hasta el 22 de febrero, el Centro Cultural Universitario \u201cCasa de las Diligencias\u201d presentar\u00e1 la exposici\u00f3n \u201cDe la idea al dise\u00f1o\u201d, que re\u00fane trabajos de fotograf\u00eda, joyer\u00eda, mobiliario, electrodom\u00e9sticos, textiles, cer\u00e1mica, vidrio, madera, envases y embalajes, as\u00ed como del ramo automotriz, autor\u00eda de 40 estudiantes de la carrera de dise\u00f1o industrial, que oferta la Facultad de Arquitectura y Dise\u00f1o de la Universidad Aut\u00f3noma del Estado de M\u00e9xico.<\/p>\n<p>Durante la inauguraci\u00f3n de esta muestra, el director de dicha facultad, Jorge Eduardo Vald\u00e9s Garc\u00e9s, resalt\u00f3 la importancia de mostrar el resultado del quehacer acad\u00e9mico de los estudiantes, con la finalidad de dar a conocer a la sociedad en general lo que se hace, as\u00ed como visualizar la capacidad de los j\u00f3venes en formaci\u00f3n, siempre con el respaldo y bajo la asesor\u00eda de los acad\u00e9micos universitarios.<\/p>\n<p>Consider\u00f3 que este tipo de ejercicios permiten revelar tambi\u00e9n, la parte creativa que hace factible un objeto. \u201cEl Dise\u00f1o es una tarea m\u00e1s all\u00e1 de hacer las formas, ya que finalmente hay factores sociales, culturales, tecnol\u00f3gicos, econ\u00f3micos y financieros que forman parte de \u00e9l, as\u00ed que por mucho, supera un trabajo artesanal\u201d.<\/p>\n<p>Todo lo que nos rodea es dise\u00f1o; por ello, debemos aprovechar esa coyuntura y ofrecer un entorno mejor dise\u00f1ado, para disfrutarlo de mejor manera, apunt\u00f3 el directivo universitario.<\/p>\n<p>La jefa de la licenciatura en dise\u00f1o industrial, Elizabeth Ram\u00edrez P\u00e9rez, coment\u00f3 que el profesional de esta \u00e1rea crea proyectos, a partir de m\u00e9todos, metodolog\u00edas, t\u00e9cnicas y procedimientos para configurar objetos que satisfacen necesidades, que a su vez, son la manifestaci\u00f3n material de usos y costumbres cotidianos del entorno cultural.<\/p>\n<p>\u201cEl dise\u00f1ador industrial planifica, analiza y eval\u00faa los diferentes modos y medios de producci\u00f3n, a trav\u00e9s de los recursos naturales, humanos y materiales, para la viabilidad en la producci\u00f3n de las formas\u201d.<\/p>\n<p>&nbsp;<\/p>\n","protected":false},"excerpt":{"rendered":"<p>Toluca, Estado de M\u00e9xico.- Hasta el 22 de febrero, el Centro Cultural Universitario \u201cCasa de las Diligencias\u201d presentar\u00e1 la exposici\u00f3n \u201cDe la idea al dise\u00f1o\u201d, que re\u00fane trabajos de fotograf\u00eda, joyer\u00eda, mobiliario, electrodom\u00e9sticos, textiles, cer\u00e1mica, vidrio, madera, envases y embalajes, as\u00ed como del ramo automotriz, autor\u00eda de 40 estudiantes de la carrera de dise\u00f1o industrial, que oferta la Facultad de Arquitectura y Dise\u00f1o de la Universidad Aut\u00f3noma del Estado de M\u00e9xico.<\/p>\n","protected":false},"author":1,"featured_media":0,"comment_status":"open","ping_status":"open","sticky":false,"template":"","format":"standard","meta":{"_monsterinsights_skip_tracking":false,"_monsterinsights_sitenote_active":false,"_monsterinsights_sitenote_note":"","_monsterinsights_sitenote_category":0,"footnotes":""},"categories":[5],"tags":[43675,1490],"class_list":["post-121149","post","type-post","status-publish","format-standard","hentry","category-estado-de-mexico","tag-estado-de-mexico","tag-universidad-autonoma-del-estado-de-mexico"],"_links":{"self":[{"href":"https:\/\/www.diarioimagen.net\/index.php?rest_route=\/wp\/v2\/posts\/121149","targetHints":{"allow":["GET"]}}],"collection":[{"href":"https:\/\/www.diarioimagen.net\/index.php?rest_route=\/wp\/v2\/posts"}],"about":[{"href":"https:\/\/www.diarioimagen.net\/index.php?rest_route=\/wp\/v2\/types\/post"}],"author":[{"embeddable":true,"href":"https:\/\/www.diarioimagen.net\/index.php?rest_route=\/wp\/v2\/users\/1"}],"replies":[{"embeddable":true,"href":"https:\/\/www.diarioimagen.net\/index.php?rest_route=%2Fwp%2Fv2%2Fcomments&post=121149"}],"version-history":[{"count":0,"href":"https:\/\/www.diarioimagen.net\/index.php?rest_route=\/wp\/v2\/posts\/121149\/revisions"}],"wp:attachment":[{"href":"https:\/\/www.diarioimagen.net\/index.php?rest_route=%2Fwp%2Fv2%2Fmedia&parent=121149"}],"wp:term":[{"taxonomy":"category","embeddable":true,"href":"https:\/\/www.diarioimagen.net\/index.php?rest_route=%2Fwp%2Fv2%2Fcategories&post=121149"},{"taxonomy":"post_tag","embeddable":true,"href":"https:\/\/www.diarioimagen.net\/index.php?rest_route=%2Fwp%2Fv2%2Ftags&post=121149"}],"curies":[{"name":"wp","href":"https:\/\/api.w.org\/{rel}","templated":true}]}}