{"id":121154,"date":"2013-02-14T00:08:52","date_gmt":"2013-02-14T06:08:52","guid":{"rendered":"http:\/\/www.diarioimagen.net\/?p=121154"},"modified":"2013-02-14T02:49:19","modified_gmt":"2013-02-14T08:49:19","slug":"por-unanimidad-avala-cabildo-presupuesto-2013-de-ecatepec","status":"publish","type":"post","link":"https:\/\/www.diarioimagen.net\/?p=121154","title":{"rendered":"Por unanimidad, avala cabildo presupuesto 2013 de Ecatepec"},"content":{"rendered":"<ul>\n<li><em><strong>Asciende a $3,183 millones 821 mil pesos<\/strong><\/em><\/li>\n<\/ul>\n<div id=\"attachment_121257\" style=\"width: 250px\" class=\"wp-caption alignleft\"><a href=\"http:\/\/www.diarioimagen.net\/wp-content\/uploads\/2013\/02\/ECATEPEC-2036.jpg\"><img loading=\"lazy\" decoding=\"async\" aria-describedby=\"caption-attachment-121257\" class=\"size-medium wp-image-121257\" alt=\"El cabildo de Ecatepec de Morelos aprob\u00f3 el presupuesto para este a\u00f1o en el municipio.\" src=\"http:\/\/www.diarioimagen.net\/wp-content\/uploads\/2013\/02\/ECATEPEC-2036-240x135.jpg\" width=\"240\" height=\"135\" \/><\/a><p id=\"caption-attachment-121257\" class=\"wp-caption-text\">El cabildo de Ecatepec de Morelos aprob\u00f3 el presupuesto para este a\u00f1o en el municipio.<\/p><\/div>\n<p><strong>Ecatepec, Estado de M\u00e9xico.-<\/strong> Los integrantes del cabildo de Ecatepec, que se conforma por tres s\u00edndicos y 19 regidores, aprobaron por unanimidad el presupuesto para el ejercicio 2013,\u00a0por un monto de 3 mil 183 millones 821 mil 370 pesos.<\/p>\n<p>Al respecto el presidente municipal, Pablo Bedolla L\u00f3pez opin\u00f3 que \u201ces un buen s\u00edntoma porque Ecatepec requiere la unidad y el trabajo de todos\u201d. Dio a conocer que el presupuesto fue discutido ampliamente, en un marco de respeto y libre cr\u00edtica constructiva, \u00a0por los representantes de todos los partidos pol\u00edticos: PAN, PRI, \u00a0PRD, PT, Panal y Verde Ecologista.<\/p>\n<p>El presidente municipal destac\u00f3 que la integraci\u00f3n de dicho documento se apeg\u00f3 en todo momento a los lineamientos legales existentes \u00a0en la materia, \u201clo enviamos con anticipaci\u00f3n para que tuviera las observaciones, \u00a0las evaluaciones y los comentarios de todos los ediles. Tomamos muy en cuenta las opiniones de todas las fracciones partidistas\u201d.<\/p>\n<p>Adem\u00e1s, mostr\u00f3 su reconocimiento porque los s\u00edndicos y regidores han puesto un gran empe\u00f1o, \u201ctodos estamos dando nuestro mayor esfuerzo para tener un mejor Ecatepec, siguiendo el ejemplo del gobernador Eruviel \u00c1vila Villegas\u201d, expres\u00f3 al concluir la sexta sesi\u00f3n ordinaria de cabildo.<\/p>\n<p>En su intervenci\u00f3n, la d\u00e9cima quinta regidora, Susana Yazm\u00edn Trujillo Ram\u00edrez, del Partido del Trabajo, expres\u00f3 que \u201cla gobernabilidad debe de seguir, \u00a0aportar ideas y sugerencias a la construcci\u00f3n de instrumentos b\u00e1sicos para gobernar, como lo es el presupuesto en cuesti\u00f3n; es una de las tareas b\u00e1sicas para lo que \u00a0 estamos para los regidores\u201d.<\/p>\n<p>&nbsp;<\/p>\n","protected":false},"excerpt":{"rendered":"<p>Ecatepec, Estado de M\u00e9xico.- Los integrantes del cabildo de Ecatepec, que se conforma por tres s\u00edndicos y 19 regidores, aprobaron por unanimidad el presupuesto para el ejercicio 2013, por un monto de 3 mil 183 millones 821 mil 370 pesos.<\/p>\n","protected":false},"author":1,"featured_media":0,"comment_status":"open","ping_status":"open","sticky":false,"template":"","format":"standard","meta":{"_monsterinsights_skip_tracking":false,"_monsterinsights_sitenote_active":false,"_monsterinsights_sitenote_note":"","_monsterinsights_sitenote_category":0,"footnotes":""},"categories":[5],"tags":[23030,454,43675,6053],"class_list":["post-121154","post","type-post","status-publish","format-standard","hentry","category-estado-de-mexico","tag-cabildo","tag-ecatepec","tag-estado-de-mexico","tag-presupuesto"],"_links":{"self":[{"href":"https:\/\/www.diarioimagen.net\/index.php?rest_route=\/wp\/v2\/posts\/121154","targetHints":{"allow":["GET"]}}],"collection":[{"href":"https:\/\/www.diarioimagen.net\/index.php?rest_route=\/wp\/v2\/posts"}],"about":[{"href":"https:\/\/www.diarioimagen.net\/index.php?rest_route=\/wp\/v2\/types\/post"}],"author":[{"embeddable":true,"href":"https:\/\/www.diarioimagen.net\/index.php?rest_route=\/wp\/v2\/users\/1"}],"replies":[{"embeddable":true,"href":"https:\/\/www.diarioimagen.net\/index.php?rest_route=%2Fwp%2Fv2%2Fcomments&post=121154"}],"version-history":[{"count":0,"href":"https:\/\/www.diarioimagen.net\/index.php?rest_route=\/wp\/v2\/posts\/121154\/revisions"}],"wp:attachment":[{"href":"https:\/\/www.diarioimagen.net\/index.php?rest_route=%2Fwp%2Fv2%2Fmedia&parent=121154"}],"wp:term":[{"taxonomy":"category","embeddable":true,"href":"https:\/\/www.diarioimagen.net\/index.php?rest_route=%2Fwp%2Fv2%2Fcategories&post=121154"},{"taxonomy":"post_tag","embeddable":true,"href":"https:\/\/www.diarioimagen.net\/index.php?rest_route=%2Fwp%2Fv2%2Ftags&post=121154"}],"curies":[{"name":"wp","href":"https:\/\/api.w.org\/{rel}","templated":true}]}}