{"id":121160,"date":"2013-02-14T00:06:38","date_gmt":"2013-02-14T06:06:38","guid":{"rendered":"http:\/\/www.diarioimagen.net\/?p=121160"},"modified":"2013-02-14T02:52:38","modified_gmt":"2013-02-14T08:52:38","slug":"con-foros-regionales-difundiran-beneficios-de-reforma-educativa","status":"publish","type":"post","link":"https:\/\/www.diarioimagen.net\/?p=121160","title":{"rendered":"Con foros regionales difundir\u00e1n beneficios de reforma educativa"},"content":{"rendered":"<ul>\n<li><em><strong>El fin es que la gente conozca su contenido y alcance, afirman en la Comisi\u00f3n de Educaci\u00f3n P\u00fablica<\/strong><\/em><\/li>\n<\/ul>\n<div id=\"attachment_121263\" style=\"width: 250px\" class=\"wp-caption alignleft\"><a href=\"http:\/\/www.diarioimagen.net\/wp-content\/uploads\/2013\/02\/diputados-2036.jpg\"><img loading=\"lazy\" decoding=\"async\" aria-describedby=\"caption-attachment-121263\" class=\"size-medium wp-image-121263\" alt=\"Los beneficios de la reforma educativa ser\u00e1n difundidos y defendidos por los propios diputados que acordaron ayer desplegar foros regionales de divulgaci\u00f3n.\" src=\"http:\/\/www.diarioimagen.net\/wp-content\/uploads\/2013\/02\/diputados-2036-240x135.jpg\" width=\"240\" height=\"135\" \/><\/a><p id=\"caption-attachment-121263\" class=\"wp-caption-text\">Los beneficios de la reforma educativa ser\u00e1n difundidos y defendidos por los propios diputados que acordaron ayer desplegar foros regionales de divulgaci\u00f3n.<\/p><\/div>\n<p>Los diputados de la Comisi\u00f3n de Educaci\u00f3n P\u00fablica y Servicios Educativos aprobaron que a partir de marzo se efect\u00faen foros regionales para difundir los beneficios de la reforma educativa, a fin de que la gente conozca su contenido y alcance.<\/p>\n<p>El presidente de esta instancia legislativa, Jorge Federico Gonz\u00e1lez de la Vega Membrillo, indic\u00f3 que se trabaja en la candelarizaci\u00f3n de estos foros que se pretenden llevar durante dos meses, a partir de la primera semana de marzo.<\/p>\n<p>\u201cEstos foros es un compromiso que asume la comisi\u00f3n de Educaci\u00f3n y Servicios Educativos para difundir y, en su caso, aclarar lo que significa la reforma constitucional a los Art\u00edculos 3 y Articulo 73\u201d, explic\u00f3 el perredista.<\/p>\n<p>Gonz\u00e1lez de la Vega Membrillo precis\u00f3 que se va a establecer un criterio para impulsarlos por lo menos en las entidades de mayor concentraci\u00f3n de poblaci\u00f3n y donde lo han solicitado.<\/p>\n<p>Se\u00f1al\u00f3 que tambi\u00e9n esta comisi\u00f3n plante\u00f3 buscar una reuni\u00f3n con el titular de la Secretar\u00eda de Educaci\u00f3n P\u00fablica (SEP), Emilio Chuayffet, con quien ya se hicieron los primeros contactos y se analizan los temas que abordar\u00e1n en el encuentro, todav\u00eda sin fecha.<\/p>\n<p>El diputado del PRD inform\u00f3 que tambi\u00e9n se acord\u00f3 en el seno de la comisi\u00f3n que se realizar\u00e1 un taller que tomar\u00e1n los integrantes de esta instancia para capacitarse y participar en estos foros regionales.<\/p>\n<p>Los legisladores tambi\u00e9n aprobaron solicitar un informe a la Mesa Pol\u00edtica del Pacto por M\u00e9xico donde den a conocer detalladamente su visi\u00f3n con respecto a la reforma educativa.<\/p>\n<p>En las precisiones que se solicitar\u00e1n a la Mesa Pol\u00edtica del Pacto por M\u00e9xico est\u00e1 la de que la reforma educativa no es algo que naci\u00f3 de la expontaneidad, sino que tiene antecedentes expresados por distintos sectores, entre ellos los maestros y las fuerzas pol\u00edticas.<\/p>\n<p>&nbsp;<\/p>\n","protected":false},"excerpt":{"rendered":"<p>Los diputados de la Comisi\u00f3n de Educaci\u00f3n P\u00fablica y Servicios Educativos aprobaron que a partir de marzo se efect\u00faen foros regionales para difundir los beneficios de la reforma educativa, a fin de que la gente conozca su contenido y alcance.<\/p>\n","protected":false},"author":1,"featured_media":0,"comment_status":"open","ping_status":"open","sticky":false,"template":"","format":"standard","meta":{"_monsterinsights_skip_tracking":false,"_monsterinsights_sitenote_active":false,"_monsterinsights_sitenote_note":"","_monsterinsights_sitenote_category":0,"footnotes":""},"categories":[3],"tags":[43673,25687,1058],"class_list":["post-121160","post","type-post","status-publish","format-standard","hentry","category-nacional","tag-nacional","tag-reforma-educativa","tag-secretaria-de-educacion-publica"],"_links":{"self":[{"href":"https:\/\/www.diarioimagen.net\/index.php?rest_route=\/wp\/v2\/posts\/121160","targetHints":{"allow":["GET"]}}],"collection":[{"href":"https:\/\/www.diarioimagen.net\/index.php?rest_route=\/wp\/v2\/posts"}],"about":[{"href":"https:\/\/www.diarioimagen.net\/index.php?rest_route=\/wp\/v2\/types\/post"}],"author":[{"embeddable":true,"href":"https:\/\/www.diarioimagen.net\/index.php?rest_route=\/wp\/v2\/users\/1"}],"replies":[{"embeddable":true,"href":"https:\/\/www.diarioimagen.net\/index.php?rest_route=%2Fwp%2Fv2%2Fcomments&post=121160"}],"version-history":[{"count":0,"href":"https:\/\/www.diarioimagen.net\/index.php?rest_route=\/wp\/v2\/posts\/121160\/revisions"}],"wp:attachment":[{"href":"https:\/\/www.diarioimagen.net\/index.php?rest_route=%2Fwp%2Fv2%2Fmedia&parent=121160"}],"wp:term":[{"taxonomy":"category","embeddable":true,"href":"https:\/\/www.diarioimagen.net\/index.php?rest_route=%2Fwp%2Fv2%2Fcategories&post=121160"},{"taxonomy":"post_tag","embeddable":true,"href":"https:\/\/www.diarioimagen.net\/index.php?rest_route=%2Fwp%2Fv2%2Ftags&post=121160"}],"curies":[{"name":"wp","href":"https:\/\/api.w.org\/{rel}","templated":true}]}}