{"id":121286,"date":"2013-02-15T00:05:37","date_gmt":"2013-02-15T06:05:37","guid":{"rendered":"http:\/\/www.diarioimagen.net\/?p=121286"},"modified":"2013-02-15T03:12:29","modified_gmt":"2013-02-15T09:12:29","slug":"garcia-ramirez","status":"publish","type":"post","link":"https:\/\/www.diarioimagen.net\/?p=121286","title":{"rendered":"Garc\u00eda Ram\u00edrez"},"content":{"rendered":"<h2>De frente y de perfil<\/h2>\n<h5>Ram\u00f3n Zurita Sahag\u00fan<\/h5>\n<p>&nbsp;<\/p>\n<p>Durante largos a\u00f1os, Sergio Garc\u00eda Ram\u00edrez fue considerado como uno de los pol\u00edticos pri\u00edstas m\u00e1s serios y congruentes con dicha pr\u00e1ctica, que aunados a sus conocimientos jur\u00eddicos lo ubicaron como necesarios en las administraciones sexenales del tricolor.<\/p>\n<p>Realiz\u00f3 una exitosa carrera p\u00fablica en los \u00e1mbitos nacional e internacional, la que parece culminar con su renuncia como consejero del IFE. Los reconocimientos conseguidos como jurista contrastan con algunos claroscuros presentados a lo largo de d\u00e9cadas del servicio p\u00fablico.<\/p>\n<p>Alejado de las conspiraciones de pasillo, de los rumores y filtraciones, Garc\u00eda Ram\u00edrez enfrent\u00f3 algunos sinsabores, el m\u00e1s importante de ellos, sin participaci\u00f3n alguna por su parte, pero que a punto estuvo de frustrar su carrera en el servicio p\u00fablico.<\/p>\n<p>El entonces procurador general de la Rep\u00fablica fue el participante indirecto de aquel episodio en que el PRI estuvo a punto de sucumbir, por la efervescencia y el desborde de los \u00e1nimos en la sucesi\u00f3n presidencial de 1987.<\/p>\n<p>Fue aquel domingo en que un pronunciamiento de Alfredo del Mazo Gonz\u00e1lez a favor de la candidatura de Sergio Garc\u00eda Ram\u00edrez, hizo que la maquinaria pri\u00edsta se pusiera a trabajar a marchas forzadas, para evitar que el partido se fragmentara.<\/p>\n<p>La casa de Garc\u00eda Ram\u00edrez se llen\u00f3 de pol\u00edticos oportunistas que expresaban sus parabienes por la supuesta candidatura del entonces titular de la PGR, mientras que el presidente del CEN del PRI, Jorge de la Vega Dom\u00ednguez, pronunciaba las palabras m\u00e1gicas a favor de Carlos Salinas de Gortari.<\/p>\n<p>Despu\u00e9s de ese episodio, Garc\u00eda Ram\u00edrez baj\u00f3 la intensidad de su presencia en la gesti\u00f3n p\u00fablica, se refugi\u00f3 en la academia y recibi\u00f3 un fuerte golpe con la publicaci\u00f3n de un libro, escrito por su ex esposa (Mar\u00eda G\u00f3mez Rivera) en el que se cuentan algunas historias que no fueron desmentidas.<\/p>\n<p>Refugiado en el Instituto de Investigaciones Jur\u00eddicas, Garc\u00eda Ram\u00edrez fungi\u00f3 como juez de la Corte Interamericana de Derechos Humanos de la OEA y varios a\u00f1os despu\u00e9s como consejero del Instituto Federal Electoral.<\/p>\n<p>Su actuaci\u00f3n dentro del IFE no parece haber sido todo lo satisfactoria que fueron sus anteriores participaciones p\u00fablicas y prefiri\u00f3 renunciar a este cargo, antes de terminar con el per\u00edodo para el que fue electo.<\/p>\n<p>Garc\u00eda Ram\u00edrez parece terminar de esa forma con una carrera pol\u00edtica prol\u00edfica que lo llev\u00f3 a desempe\u00f1arse desde joven (32 a\u00f1os) como procurador de Justicia del Distrito Federal, pasando por subsecretar\u00edas en Gobernaci\u00f3n y Energ\u00eda; secretario del Trabajo, procurador general de la Rep\u00fablica y terminar como consejero del IFE.<\/p>\n<p>Ahora corresponder\u00e1 a la C\u00e1mara de Diputados designar a su sucesor, lo m\u00e1s pronto posible, para evitar que el n\u00famero par en que qued\u00f3 el Consejo General del IFE produzca empate en las votaciones.<\/p>\n<p>Por si alguien est\u00e1 interesado en llegar al IFE en sustituci\u00f3n de Sergio Garc\u00eda Ram\u00edrez, pues que se prepare, ya que la propuesta plantea recibir las solicitudes de registro (ante la Comisi\u00f3n de Gobernaci\u00f3n -que preside Alejandro Moreno C\u00e1rdenas- de la C\u00e1mara de Diputados) el 4 y 5 de marzo pr\u00f3ximo. Para el 13 de marzo, se contempla, deber\u00e1 presentar la lista de quienes cumplieron los requisitos; 19 y 20 de marzo tocar\u00eda entrevistar a los candidatos y antes del 1 de abril la Comisi\u00f3n de Gobernaci\u00f3n deber\u00e1 aprobar el dictamen de la lista de quienes cumplieron con la experiencia, formaci\u00f3n electoral y perfil acad\u00e9mico solicitados.<\/p>\n<p>El dictamen se entregar\u00e1 a la Junta de Coordinaci\u00f3n Pol\u00edtica, para que ah\u00ed los partidos pol\u00edticos aprueben el nombre del candidato a consejero electoral, para que sea discutido en el pleno de la C\u00e1mara, quien debe ser electo por las dos terceras partes de los diputados presentes.<\/p>\n<p>Y aunque los tiempos est\u00e1n fijados con mucha claridad, se recuerda como los diputados dejaron cojo al IFE durante m\u00e1s de un a\u00f1o, ante la indefinici\u00f3n por seleccionar a los elementos adecuados para el cargo. Dentro de la \u00faltima propuesta sali\u00f3 aprobado el nombre del ahora renunciante Sergio Garc\u00eda Ram\u00edrez. Como siempre que se abre una vacante dentro del IFE, el nombre m\u00e1s repetido es el de Jorge Alcocer, a quien se le presentar\u00eda una oportunidad \u00fanica, incluso para ocupar la presidencia del organismo a finales de a\u00f1o.<\/p>\n<p align=\"center\"><b>\u00a0VAN POR GRANIERISTAS<\/b><\/p>\n<p>\u00a0El mi\u00e9rcoles pasado, los ex senadores Jes\u00fas Murillo Karam y Arturo N\u00fa\u00f1ez Jim\u00e9nez sostuvieron una larga conversaci\u00f3n, con temas de gran trascendencia.<\/p>\n<p>Lo anterior no ser\u00eda destacable de no ser el primero procurador general de la Rep\u00fablica y el segundo gobernador del estado de Tabasco y el tema de la conversaci\u00f3n vers\u00f3 sobre una serie de irregularidades atribuibles a la anterior administraci\u00f3n, la del pri\u00edsta Andr\u00e9s Rafael Granier Melo.<\/p>\n<p>En Tabasco existe una gran indignaci\u00f3n por el abuso cometido contra el erario p\u00fablico por parte del gobierno granierista.<\/p>\n<p>De acuerdo con la documentaci\u00f3n recabada, las primeras acciones apuntan hacia las secretar\u00edas de Finanzas y la de Salud, donde se detectaron abusos al por mayor.<\/p>\n<p align=\"center\"><b>\u00a0GERARDO ISLAS<\/b><\/p>\n<p>\u00a0Una de las candidaturas m\u00e1s atrayentes \u00a0al Congreso de Puebla es la de Gerardo Islas, el joven presidente estatal de Nueva Alianza.<\/p>\n<p>Con amplias posibilidades de ocupar un lugar preponderante en la lista plurinominal, Islas prefiri\u00f3 sudar la camiseta e ir como candidato uninominal por el distrito XIV, ubicado en la capital del estado, por lo que tendr\u00e1 que convencer a un veleidoso electorado.<\/p>\n<p>Sin embargo, a favor de Islas operan el que cuenta con una atractiva oferta electoral, basada en acciones de compromiso a cumplir, uno por meses, durante los cuatro a\u00f1os y ocho meses que dura la pr\u00f3xima legislatura.<\/p>\n<p>El dirigente del Panal es una de las propuestas que vendr\u00e1n en la coalici\u00f3n entre PAN-PRD-Panal.<\/p>\n<p><em><a href=\"mailto:ramonzurita44@hotmail.com\" target=\"_blank\"><em>ramonzurita44@hotmail.com<br \/>\n<\/em><\/a><\/em><em><a href=\"mailto:zurita_sahagun@hotmail.com\" target=\"_blank\">zurita_sahagun@hotmail.com<\/a><\/em><\/p>\n","protected":false},"excerpt":{"rendered":"<p><span style=\"color: #005497;\"><strong>Ram\u00f3n Zurita Sahag\u00fan<\/strong><\/span><\/p>\n","protected":false},"author":1,"featured_media":0,"comment_status":"open","ping_status":"open","sticky":false,"template":"","format":"standard","meta":{"_monsterinsights_skip_tracking":false,"_monsterinsights_sitenote_active":false,"_monsterinsights_sitenote_note":"","_monsterinsights_sitenote_category":0,"footnotes":""},"categories":[234],"tags":[304,1843,43674,43687],"class_list":["post-121286","post","type-post","status-publish","format-standard","hentry","category-ramon-zurita-sahagun","tag-de-frente-y-de-perfil","tag-ife","tag-opinion","tag-ramon-zurita-sahagun"],"_links":{"self":[{"href":"https:\/\/www.diarioimagen.net\/index.php?rest_route=\/wp\/v2\/posts\/121286","targetHints":{"allow":["GET"]}}],"collection":[{"href":"https:\/\/www.diarioimagen.net\/index.php?rest_route=\/wp\/v2\/posts"}],"about":[{"href":"https:\/\/www.diarioimagen.net\/index.php?rest_route=\/wp\/v2\/types\/post"}],"author":[{"embeddable":true,"href":"https:\/\/www.diarioimagen.net\/index.php?rest_route=\/wp\/v2\/users\/1"}],"replies":[{"embeddable":true,"href":"https:\/\/www.diarioimagen.net\/index.php?rest_route=%2Fwp%2Fv2%2Fcomments&post=121286"}],"version-history":[{"count":0,"href":"https:\/\/www.diarioimagen.net\/index.php?rest_route=\/wp\/v2\/posts\/121286\/revisions"}],"wp:attachment":[{"href":"https:\/\/www.diarioimagen.net\/index.php?rest_route=%2Fwp%2Fv2%2Fmedia&parent=121286"}],"wp:term":[{"taxonomy":"category","embeddable":true,"href":"https:\/\/www.diarioimagen.net\/index.php?rest_route=%2Fwp%2Fv2%2Fcategories&post=121286"},{"taxonomy":"post_tag","embeddable":true,"href":"https:\/\/www.diarioimagen.net\/index.php?rest_route=%2Fwp%2Fv2%2Ftags&post=121286"}],"curies":[{"name":"wp","href":"https:\/\/api.w.org\/{rel}","templated":true}]}}