{"id":121289,"date":"2013-02-15T00:04:02","date_gmt":"2013-02-15T06:04:02","guid":{"rendered":"http:\/\/www.diarioimagen.net\/?p=121289"},"modified":"2013-02-15T03:12:36","modified_gmt":"2013-02-15T09:12:36","slug":"violencia-3","status":"publish","type":"post","link":"https:\/\/www.diarioimagen.net\/?p=121289","title":{"rendered":"Violencia"},"content":{"rendered":"<h2>Punto por punto<\/h2>\n<h5>Augusto Corro<\/h5>\n<p>&nbsp;<\/p>\n<p>La violencia contra las mujeres se ha convertido en un problema social de compleja soluci\u00f3n.\u00a0\u00a0 Seg\u00fan declaraciones de las propias autoridades, en los \u00faltimos a\u00f1os se duplic\u00f3 la agresi\u00f3n contra las mujeres hasta 400%, en el noroeste del pa\u00eds.<\/p>\n<p>De acuerdo con un an\u00e1lisis realizado por el Centro Regional de Investigaciones Multidisciplinarias de la UNAM y la Comisi\u00f3n Nacional para Prevenir y Erradicar la Violencia contra las Mujeres\u00a0 (Conavim), se logr\u00f3 saber que:<\/p>\n<p>Las mexicanas son las principales v\u00edctimas de homicidios cada vez m\u00e1s crueles.\u00a0 La muerte de mujeres por arma de fuego y explosivos aument\u00f3 de 2.8% a 23.8% entre 2001 y 2010; en tanto, los fallecimientos por golpes, sin armas ni violaci\u00f3n aumentaron de 8.2% a 18.7% en el mismo periodo.\u00a0 Igual ocurre con los cr\u00edmenes por ahorcamiento, estrangulaci\u00f3n y ahogamiento que ascendieron de 9% a 12.5% en el mismo periodos.<\/p>\n<p>Hay indicios de un incremento de causas de homicidio m\u00e1s crueles y m\u00e1s dolorosos, en detrimento de las m\u00e1s pasivas o accidentales que antes eran las mayoritarias.<\/p>\n<p>De lo anterior se desprende que la sociedad en general, junto con las autoridades, deben buscar formulas que ayuden a disminuir la violencia contra la mujeres. Quiz\u00e1 leyes m\u00e1s severas contra los agresores podr\u00edan ser unas\u00a0 de las medidas pr\u00e1cticas para enfrentar ese tipo de delincuencia.<\/p>\n<p>Repetimos que la ley tiene que castigar, sin miramientos, a quienes agreden a las mujeres.<\/p>\n<p>El \u00faltimo caso registrado en los diarios, fue la captura de Javier \u201cN\u201d, de 29 a\u00f1os, quien ten\u00eda a su v\u00edctima semidesnuda, atada de pies y manos en el interior de una camioneta. Esto ocurri\u00f3 el mi\u00e9rcoles pasado, en la madrugada, en la calle Oriente 171 de la colonia Granjas Modernas, GAM.<\/p>\n<p>La joven hab\u00eda sido sometida a golpes con una guanteleta de acero, de las conocidas como b\u00f3xer, que le tiraron varios dientes. Adem\u00e1s ten\u00eda la cara llena de\u00a0 golpes.<\/p>\n<p>Sin duda, fue una acci\u00f3n positiva de la polic\u00eda preventiva.\u00a0 Ser\u00eda interesante saber cu\u00e1l fue el destino del violador serial Javier \u201cN\u201d, como lo calificaron.<\/p>\n<p align=\"center\"><b>LOS AVIADORES <\/b><\/p>\n<p>Sue\u00f1o de muchos mexicanos es ser diputado o senador. Vivir del presupuesto sin hacer nada es una de las metas.\u00a0 Si no se alcanza esa perfecci\u00f3n, la de ser legislador, por lo menos s\u00ed vivir de alguna \u201caviadur\u00eda\u201d en el Congreso de la Uni\u00f3n o donde se pueda.<\/p>\n<p>Los aviadores integran aquella elite de gente que est\u00e1 en las n\u00f3minas oficiales con un sueldo sin realizar actividad alguna.<\/p>\n<p>Claro esos \u201cempleados\u201d no son exclusivos de la C\u00e1mara de Diputados, tambi\u00e9n los hay en otras dependencias oficiales.\u00a0 Generalmente\u00a0 en el Congreso se trata de individuos recomendados por alg\u00fan senador o diputado, en la plenitud de las influencias, obvio.<\/p>\n<p>Total que\u00a0 cobrar sin el menor esfuerzo mental o\u00a0 f\u00edsico del presupuesto es una tradici\u00f3n en la burocracia.\u00a0 Tratamos el asunto porque la Comisi\u00f3n de Vigilancia de la Auditor\u00eda Superior de la Federaci\u00f3n de la C\u00e1mara de Diputados \u201csolicit\u00f3 un informe sobre la plantilla laboral\u201d en San L\u00e1zaro, para precisar el n\u00famero exacto de trabajadores y verificar si alguno de ellos percibe alguna remuneraci\u00f3n sin laborar. Al respecto, el diputado Ricardo Monreal dijo:<\/p>\n<p>\u201cMuchos hablan de 6 mil trabajadores; no s\u00e9 a ciencia cierta, pero los martes y los jueves veo plet\u00f3ricos los pasillos, los comedores y las oficinas, y los otros d\u00edas las veo desiertas; por eso no queremos especular; pero lo que s\u00ed es conveniente es reforzar a la gente que trabaja, pero a la gente que no trabaja y percibe un salario de la C\u00e1mara de Diputados, no\u201d.<\/p>\n<p>Se buscar\u00e1 saber el n\u00famero exacto de trabajadores y de aviadores. No ser\u00e1 dif\u00edcil esa tarea. Lo complejo ser\u00e1 eliminar el influyentismo que propicia esa irregularidad en el presupuesto destinado al pago de salarios.\u00a0 En San L\u00e1zaro se encuentran registrados 500 diputados que tienen a su servicio choferes, ayudantes y asesores hasta para tuitear.<\/p>\n<p>Un reajuste de aviadores no cambiar\u00e1 las actividades de la C\u00e1mara, menos la vida del pa\u00eds. Vamos a suponer que a los falsos empleados los echan de ese sitio, sus padrinos tienen la influencia suficiente para colocarlos en otro lugar, para eso son diputados o senadores.<\/p>\n<p><em><b>Feliz fin de semana.<\/b><\/em><\/p>\n<p><em><a href=\"mailto:aco2742@hotmail.com\" target=\"_blank\">aco2742@hotmail.com<\/a><\/em><\/p>\n","protected":false},"excerpt":{"rendered":"<p><span style=\"color: #005497;\"><strong>Augusto Corro<\/strong><\/span><\/p>\n","protected":false},"author":1,"featured_media":0,"comment_status":"open","ping_status":"open","sticky":false,"template":"","format":"standard","meta":{"_monsterinsights_skip_tracking":false,"_monsterinsights_sitenote_active":false,"_monsterinsights_sitenote_note":"","_monsterinsights_sitenote_category":0,"footnotes":""},"categories":[157],"tags":[43686,43674,11515,5066],"class_list":["post-121289","post","type-post","status-publish","format-standard","hentry","category-augusto-corro","tag-augusto-corro","tag-opinion","tag-punto-por-punto","tag-violencia"],"_links":{"self":[{"href":"https:\/\/www.diarioimagen.net\/index.php?rest_route=\/wp\/v2\/posts\/121289","targetHints":{"allow":["GET"]}}],"collection":[{"href":"https:\/\/www.diarioimagen.net\/index.php?rest_route=\/wp\/v2\/posts"}],"about":[{"href":"https:\/\/www.diarioimagen.net\/index.php?rest_route=\/wp\/v2\/types\/post"}],"author":[{"embeddable":true,"href":"https:\/\/www.diarioimagen.net\/index.php?rest_route=\/wp\/v2\/users\/1"}],"replies":[{"embeddable":true,"href":"https:\/\/www.diarioimagen.net\/index.php?rest_route=%2Fwp%2Fv2%2Fcomments&post=121289"}],"version-history":[{"count":0,"href":"https:\/\/www.diarioimagen.net\/index.php?rest_route=\/wp\/v2\/posts\/121289\/revisions"}],"wp:attachment":[{"href":"https:\/\/www.diarioimagen.net\/index.php?rest_route=%2Fwp%2Fv2%2Fmedia&parent=121289"}],"wp:term":[{"taxonomy":"category","embeddable":true,"href":"https:\/\/www.diarioimagen.net\/index.php?rest_route=%2Fwp%2Fv2%2Fcategories&post=121289"},{"taxonomy":"post_tag","embeddable":true,"href":"https:\/\/www.diarioimagen.net\/index.php?rest_route=%2Fwp%2Fv2%2Ftags&post=121289"}],"curies":[{"name":"wp","href":"https:\/\/api.w.org\/{rel}","templated":true}]}}