{"id":121298,"date":"2013-02-15T00:01:13","date_gmt":"2013-02-15T06:01:13","guid":{"rendered":"http:\/\/www.diarioimagen.net\/?p=121298"},"modified":"2013-02-15T03:12:51","modified_gmt":"2013-02-15T09:12:51","slug":"campa-y-el-extensionista","status":"publish","type":"post","link":"https:\/\/www.diarioimagen.net\/?p=121298","title":{"rendered":"Campa y el extensionista"},"content":{"rendered":"<h2>Pol\u00edtica Spot<\/h2>\n<h5>Juan Manuel Maga\u00f1a<\/h5>\n<p>&nbsp;<\/p>\n<p>Ahora que se busca la paz del pa\u00eds, ya no mediante la guerra al estilo Calder\u00f3n, se dice que el gran dilema de las autoridades es c\u00f3mo entrar a una colonia, aldea o barrio donde la drogadicci\u00f3n constituye el gran problema. Qu\u00e9 interesante.<\/p>\n<p>El asunto nos remite al punto de origen del narcotr\u00e1fico en M\u00e9xico, cuando los caciques en el poder, la polic\u00eda y los militares entregaron a los aldeanos las semillas de amapola o mariguana y convirtieron a las comunidades en espacios cerrados de los que el Estado -el aparato- se retir\u00f3.<\/p>\n<p>Con el tiempo, militares y comandantes policiacos hasta se volvieron capos, formaron c\u00e1rteles y dominaron territorios en muchos de los cuales los maestros, los m\u00e9dicos, los polic\u00edas y los delegados de agencias estatales locales o federales simplemente se esfumaron. As\u00ed pasaron m\u00e1s de tres, cuatro d\u00e9cadas, con sus \u00faltimos dos sexenios en que el enorme problema hizo erupci\u00f3n. La pregunta es, \u00bfy c\u00f3mo le van a hacer para regresar el Estado a todos esos sitios?<\/p>\n<p>La guerra de Calder\u00f3n no logr\u00f3 uno solo de los objetivos con que la justificaron. No se recuper\u00f3 territorio del que se apoderaron los narcos. En vez de achicar fue ampliado el mercado interno de drogas. Los c\u00e1rteles no fueron disminuidos, sino fortalecidos con renovado y asombroso armamento.\u00a0 Por a\u00f1adidura, la recuperaci\u00f3n de las polic\u00edas fue un estrepitoso fracaso, en especial la de Genaro Garc\u00eda Luna. Y el desgaste del Ej\u00e9rcito fue tan brutal que ya deambula, en voz de su general, de capa ca\u00edda. O sea: es la derrota misma, heredada por Calder\u00f3n a la Patria, el nuevo punto de partida para intentar enfrentar el problema.<\/p>\n<p>\u00bfEntonces, c\u00f3mo le van a hacer?<\/p>\n<p>Seg\u00fan el subsecretario de Prevenci\u00f3n y Participaci\u00f3n Ciudadana de la Secretar\u00eda de Gobernaci\u00f3n (SG), Roberto Campa Cifri\u00e1n, se va a aplicar una \u2018\u2018acupuntura sociourbana\u2019\u2019 en el pa\u00eds, mediante la cual el gobierno \u201cintervendr\u00e1\u201d en las comunidades m\u00e1s violentas con una pol\u00edtica de obras y servicios basada en la cooperaci\u00f3n y solidaridad de sus habitantes.<\/p>\n<p>El funcionario ha dicho en estos d\u00edas que los puntos a atender en una primera fase son aquellos donde ocurre el 40 por ciento de los delitos a nivel nacional. Es decir, 48 municipios, dos delegaciones del Distrito Federal (Iztapalapa y Gustavo A. Madero) y siete regiones metropolitanas. Es ah\u00ed, precis\u00f3, donde se presenta con mayor crudeza el binomio: falta de oportunidades y desigualdad.<\/p>\n<p>No s\u00e9 si por deformaci\u00f3n el funcionario emplea un vocabulario pri\u00edsta: \u201csolidaridad\u201d, \u201coportunidades\u201d, y hasta se vol\u00f3 la barda con lo de \u201cacupuntura sociourbana\u201d. Pero eso es lo de menos. El problema es que Campa no suena cre\u00edble.<\/p>\n<p>De seguro \u00e9l mismo sabe que ah\u00ed donde se quiere meter este gobierno es en lugares donde hay casas de seguridad bien pertrechadas de los narcos, que son vigiladas por los pandilleros del lugar contratados como halcones o sicarios o narcomenudistas. Lugares, en fin, tan inh\u00f3spitos como lleg\u00f3 a ser la abandonada Ciudad Ju\u00e1rez. Me pregunto qu\u00e9 van a hacer los modernos extensionistas enviados por el gobierno cuando a la primera les nieguen los \u201cbuenos d\u00edas\u201d.<\/p>\n<p>Claro que a lo mejor la cosa se puede aflojar un poco con aquello de lo que Campa dice que se gastar\u00e1 en el programa de prevenci\u00f3n: 2 mil 500 millones de pesos del Presupuesto de Egresos de la Federaci\u00f3n; 900 millones por subsidios federales a municipios y una bolsa de todos los programas gubernamentales en el pa\u00eds de m\u00e1s de 115 mil millones de pesos.<\/p>\n<p><em><a href=\"mailto: maganapalace@yahoo.com.mx\" target=\"_blank\">maganapalace@yahoo.com.mx<\/a><\/em><\/p>\n","protected":false},"excerpt":{"rendered":"<p><span style=\"color: #005497;\"><strong>Juan Manuel Maga\u00f1a<\/strong><\/span><\/p>\n","protected":false},"author":1,"featured_media":0,"comment_status":"open","ping_status":"open","sticky":false,"template":"","format":"standard","meta":{"_monsterinsights_skip_tracking":false,"_monsterinsights_sitenote_active":false,"_monsterinsights_sitenote_note":"","_monsterinsights_sitenote_category":0,"footnotes":""},"categories":[22905],"tags":[43709,43674,22904],"class_list":["post-121298","post","type-post","status-publish","format-standard","hentry","category-juan-manuel-magana","tag-juan-manuel-magana","tag-opinion","tag-politica-spot"],"_links":{"self":[{"href":"https:\/\/www.diarioimagen.net\/index.php?rest_route=\/wp\/v2\/posts\/121298","targetHints":{"allow":["GET"]}}],"collection":[{"href":"https:\/\/www.diarioimagen.net\/index.php?rest_route=\/wp\/v2\/posts"}],"about":[{"href":"https:\/\/www.diarioimagen.net\/index.php?rest_route=\/wp\/v2\/types\/post"}],"author":[{"embeddable":true,"href":"https:\/\/www.diarioimagen.net\/index.php?rest_route=\/wp\/v2\/users\/1"}],"replies":[{"embeddable":true,"href":"https:\/\/www.diarioimagen.net\/index.php?rest_route=%2Fwp%2Fv2%2Fcomments&post=121298"}],"version-history":[{"count":0,"href":"https:\/\/www.diarioimagen.net\/index.php?rest_route=\/wp\/v2\/posts\/121298\/revisions"}],"wp:attachment":[{"href":"https:\/\/www.diarioimagen.net\/index.php?rest_route=%2Fwp%2Fv2%2Fmedia&parent=121298"}],"wp:term":[{"taxonomy":"category","embeddable":true,"href":"https:\/\/www.diarioimagen.net\/index.php?rest_route=%2Fwp%2Fv2%2Fcategories&post=121298"},{"taxonomy":"post_tag","embeddable":true,"href":"https:\/\/www.diarioimagen.net\/index.php?rest_route=%2Fwp%2Fv2%2Ftags&post=121298"}],"curies":[{"name":"wp","href":"https:\/\/api.w.org\/{rel}","templated":true}]}}