{"id":121318,"date":"2013-02-15T00:04:21","date_gmt":"2013-02-15T06:04:21","guid":{"rendered":"http:\/\/www.diarioimagen.net\/?p=121318"},"modified":"2013-02-18T06:28:40","modified_gmt":"2013-02-18T12:28:40","slug":"pena-nieto-detalla-su-politica-exterior","status":"publish","type":"post","link":"https:\/\/www.diarioimagen.net\/?p=121318","title":{"rendered":"Pe\u00f1a Nieto detalla su pol\u00edtica exterior"},"content":{"rendered":"<ul>\n<li><em><strong>Al reunirse con el cuerpo diplom\u00e1tico acreditado en M\u00e9xico, se\u00f1al\u00f3 que nuestro pa\u00eds enfrentar\u00e1 los desaf\u00edos internos y externos con mayor apertura<\/strong><\/em><\/li>\n<\/ul>\n<h6>Roberto Vizca\u00edno<\/h6>\n<div id=\"attachment_121380\" style=\"width: 250px\" class=\"wp-caption alignleft\"><a href=\"http:\/\/www.diarioimagen.net\/wp-content\/uploads\/2013\/02\/epn-2037.jpg\"><img loading=\"lazy\" decoding=\"async\" aria-describedby=\"caption-attachment-121380\" class=\"size-medium wp-image-121380\" alt=\"El presidente Enrique Pe\u00f1a Nieto se reuni\u00f3 ayer con todos los embajadores con los que tiene relaciones M\u00e9xico y los representantes de los organismos multilaterales.\" src=\"http:\/\/www.diarioimagen.net\/wp-content\/uploads\/2013\/02\/epn-2037-240x135.jpg\" width=\"240\" height=\"135\" \/><\/a><p id=\"caption-attachment-121380\" class=\"wp-caption-text\">El presidente Enrique Pe\u00f1a Nieto se reuni\u00f3 ayer con todos los embajadores con los que tiene relaciones M\u00e9xico y los representantes de los organismos multilaterales.<\/p><\/div>\n<p>Terminada la era de la Guerra Fr\u00eda, inmersos en un mundo multipolar, dijo ayer el presidente Enrique Pe\u00f1a Nieto, M\u00e9xico buscar\u00e1 enfrentar los desaf\u00edos internos y externos a trav\u00e9s de una mayor apertura, basado en cuatro pilares: a trav\u00e9s del fortalecimiento de su presencia en el nivel internacional; con la ampliaci\u00f3n de la cooperaci\u00f3n entre naciones; promoviendo los valores de M\u00e9xico y velando por el inter\u00e9s de la naci\u00f3n en el exterior.<\/p>\n<p>\u201cAh\u00ed donde haya un mexicano en problemas en el exterior, ah\u00ed estaremos nosotros como gobierno\u201d, precis\u00f3 ante el cuerpo diplom\u00e1tico acreditado en nuestro pa\u00eds, unos 150 embajadores y sus esposa; representantes de organismos internacionales como la ONU, OEA, Uni\u00f3n Europea y otros, con quienes convivi\u00f3 y comi\u00f3 en el Sal\u00f3n de la Tesorer\u00eda\u201d de Palacio Nacional.<\/p>\n<p>Previamente, a partir del mediod\u00eda, el presidente Pe\u00f1a Nieto recibi\u00f3 las cartas credenciales de 11 nuevos embajadores: de Elisabeth Beton-Delegue, nueva embajadora de Francia; de Eduard Malayan, nuevo representante de Rusia; de Marcos Domic Ruiz, embajador de Bolivia; de Chirachai Punkrasin, nuevo embajador del Reino de Tailandia; \u00a0de Timothy Spencer George, embajador de Australia; de Dimitrios Anninos, de la Rep\u00fablica Hel\u00e9nica; de Meret Bayramovich, embajador de Turkmenist\u00e1n; de Gilbert Galanxhi, embajador de Albania; de Josip Paro, de Croacia; de Seydou Bouda de Burkina Faso y las cartas credenciales del delegado especial de Palestina, Munjed Saleh.<\/p>\n<p>Luego de acreditarse, cada uno de ellos expres\u00f3 el inter\u00e9s de su respectivo pa\u00eds y gobierno por tener la visita del presidente Pe\u00f1a Nieto y por estrechar las relaciones comerciales, culturales y tur\u00edsticas con M\u00e9xico.<\/p>\n<p>Acompa\u00f1ado por el secretario de Relaciones Exteriores, Jos\u00e9 Antonio Meade Kuribre\u00f1a, el presidente Enrique Pe\u00f1a Nieto dialog\u00f3 con todos y cada uno de los 11 representantes diplom\u00e1ticos en el sal\u00f3n de Embajadores de Palacio Nacional.<\/p>\n<p>La nueva embajadora de Francia, Elisabeth Beton-Delegue, revel\u00f3 que en el corto plazo el presidente Francois Hollande realizar\u00e1 una visita a M\u00e9xico.<\/p>\n<p>Luego de este encuentro el mandatario mexicano recibi\u00f3 el saludo de 130 Embajadores y representantes de organismos internacionales que conforman el Cuerpo Diplom\u00e1tico acreditado en M\u00e9xico en el Patio de Honor.<\/p>\n<p>Durante la comida, el primer mandatario estuvo acompa\u00f1ado por el presidente de la Suprema Corte, ministro Juan Silva Meza; por el presidente del Senado, Ernesto Cordero; por el titular de Relaciones Exteriores, Jos\u00e9 Antonio Meade; \u00a0por el nuncio Apost\u00f3lico, Christophe Pierre (quien adem\u00e1s es el decano del Cuerpo Diplom\u00e1tico en M\u00e9xico); el secretario de Gobernaci\u00f3n, Miguel \u00c1ngel Osorio; el de Hacienda, Luis Videgaray; el de la Defensa, general Salvador Cienfuegos; el de Marina, almirante Vidal Sober\u00f3n y el canciller de Canad\u00e1, John Baird.<\/p>\n<p>Al concluir la comida, el nuncio Christophe Pierre habl\u00f3 a nombre del Cuerpo Diplom\u00e1tico y, de entrada, expres\u00f3 el p\u00e9same de todos los embajadores al gobierno de M\u00e9xico y al pueblo mismo, por la tragedia de la explosi\u00f3n en Pemex.<\/p>\n<p>Luego advirti\u00f3 que los diplom\u00e1ticos observan un viento de cambio en nuestro pa\u00eds que no s\u00f3lo apunta a una recuperaci\u00f3n econ\u00f3mica importante, sino a un avance en contra de la delincuencia y la impunidad y por la consolidaci\u00f3n de la democracia en nuestro pa\u00eds.<\/p>\n<p>Reconoci\u00f3 que los pronunciamientos, compromisos y proyectos de la nueva administraci\u00f3n encabezada por Pe\u00f1a Nieto, han abierto las expectativas internacionales y han\u00a0 llamado la atenci\u00f3n de otros muchos gobiernos.<\/p>\n<p>Sobre todo el nuncio destac\u00f3 las enormes perspectivas que abre la firma del Pacto por M\u00e9xico que crea un optimismo que trasciende lo electoral, dijo.<\/p>\n<p align=\"center\"><b>M\u00c9XICO VIVE EL CAMBIO<\/b><\/p>\n<p>En su oportunidad, el presidente Pe\u00f1a Nieto advirti\u00f3 a los embajadores que M\u00e9xico vive el cambio.<\/p>\n<p>Al nuncio le pidi\u00f3 transmitir al Papa un mensaje de reconocimiento y solidaridad ante su decisi\u00f3n de dimitir.<\/p>\n<p>A los dem\u00e1s les pidi\u00f3 llevar un mensaje de solidaridad y de cooperaci\u00f3n a sus gobiernos y pa\u00edses.<\/p>\n<p>Record\u00f3 que ayer se cumpl\u00eda un aniversario de la firma del Tratado de Tlatelolco, impulsado por el presidente Adolfo L\u00f3pez Mateos a trav\u00e9s del canciller Alfonso Garc\u00eda Robles, quien luego obtendr\u00eda el Premio Nobel de la Paz en 1962 debido a ese proceso.<\/p>\n<p>Entonces prevalec\u00eda la Guerra Fr\u00eda y el mundo vivi\u00f3 la angustia de la crisis de los misiles, que estuvo a punto de derivar en una confrontaci\u00f3n nuclear.<\/p>\n<p>Hoy, dijo, el mundo vive la multipolaridad y los retos son otros: el terrorismo, el hambre, las crisis financieras.<\/p>\n<p>Es en este escenario en el que su gobierno pretende impulsar y fortalecer una presencia internacional de M\u00e9xico a trav\u00e9s de la aplicaci\u00f3n de una agenda para cada regi\u00f3n.<\/p>\n<p>Con Estados Unidos y Canad\u00e1 buscar\u00e1 fortalecer una relaci\u00f3n de socios principales y, para comenzar, intentar\u00e1 coadyuvar en la aprobaci\u00f3n de una reforma migratoria en Estados Unidos. Con Am\u00e9rica Latina aplicar\u00e1 una pol\u00edtica de acercamiento y solidaridad para impulsar un desarrollo regional basado en equilibrios y en el aprovechamiento de circunstancias similares.<\/p>\n<p>En Europa buscar\u00e1 aprovechar la enorme fuente de oportunidades que representa su unidad pol\u00edtica.<\/p>\n<p>En Asia y Medio Oriente intentar\u00e1 un acercamiento para fortalecer zonas comercio y de inversiones que detonen nuevos proyectos en M\u00e9xico.<\/p>\n<p>Bajo este esquema, les pidi\u00f3 a los embajadores llevar mensajes de colaboraci\u00f3n y de amistad a sus gobiernos y les prometi\u00f3 que esta ser\u00eda apenas la primera de muchas reuniones que espera tener con ellos a lo largo de su sexenio para estrechar relaciones con cada uno de sus pa\u00edses.<\/p>\n<p>&nbsp;<\/p>\n","protected":false},"excerpt":{"rendered":"<p><span style=\"color: #005497;\"><strong>Roberto Vizca\u00edno<\/strong><\/span><br \/>\n<br \/>\nTerminada la era de la Guerra Fr\u00eda, inmersos en un mundo multipolar, dijo ayer el presidente Enrique Pe\u00f1a Nieto, M\u00e9xico buscar\u00e1 enfrentar los desaf\u00edos internos y externos a trav\u00e9s de una mayor apertura, basado en cuatro pilares: a trav\u00e9s del fortalecimiento de su presencia en el nivel internacional; con la ampliaci\u00f3n de la cooperaci\u00f3n entre naciones; promoviendo los valores de M\u00e9xico y velando por el inter\u00e9s de la naci\u00f3n en el exterior.<\/p>\n","protected":false},"author":1,"featured_media":0,"comment_status":"open","ping_status":"open","sticky":false,"template":"","format":"standard","meta":{"_monsterinsights_skip_tracking":false,"_monsterinsights_sitenote_active":false,"_monsterinsights_sitenote_note":"","_monsterinsights_sitenote_category":0,"footnotes":""},"categories":[17,3],"tags":[22415,18,43673],"class_list":["post-121318","post","type-post","status-publish","format-standard","hentry","category-especiales","category-nacional","tag-embajadores","tag-enrique-pena-nieto","tag-nacional"],"_links":{"self":[{"href":"https:\/\/www.diarioimagen.net\/index.php?rest_route=\/wp\/v2\/posts\/121318","targetHints":{"allow":["GET"]}}],"collection":[{"href":"https:\/\/www.diarioimagen.net\/index.php?rest_route=\/wp\/v2\/posts"}],"about":[{"href":"https:\/\/www.diarioimagen.net\/index.php?rest_route=\/wp\/v2\/types\/post"}],"author":[{"embeddable":true,"href":"https:\/\/www.diarioimagen.net\/index.php?rest_route=\/wp\/v2\/users\/1"}],"replies":[{"embeddable":true,"href":"https:\/\/www.diarioimagen.net\/index.php?rest_route=%2Fwp%2Fv2%2Fcomments&post=121318"}],"version-history":[{"count":0,"href":"https:\/\/www.diarioimagen.net\/index.php?rest_route=\/wp\/v2\/posts\/121318\/revisions"}],"wp:attachment":[{"href":"https:\/\/www.diarioimagen.net\/index.php?rest_route=%2Fwp%2Fv2%2Fmedia&parent=121318"}],"wp:term":[{"taxonomy":"category","embeddable":true,"href":"https:\/\/www.diarioimagen.net\/index.php?rest_route=%2Fwp%2Fv2%2Fcategories&post=121318"},{"taxonomy":"post_tag","embeddable":true,"href":"https:\/\/www.diarioimagen.net\/index.php?rest_route=%2Fwp%2Fv2%2Ftags&post=121318"}],"curies":[{"name":"wp","href":"https:\/\/api.w.org\/{rel}","templated":true}]}}