{"id":121327,"date":"2013-02-15T00:08:20","date_gmt":"2013-02-15T06:08:20","guid":{"rendered":"http:\/\/www.diarioimagen.net\/?p=121327"},"modified":"2013-02-15T05:02:44","modified_gmt":"2013-02-15T11:02:44","slug":"uaem-da-bienvenida-a-43-estudiantes-franceses","status":"publish","type":"post","link":"https:\/\/www.diarioimagen.net\/?p=121327","title":{"rendered":"UAEM da bienvenida a 43 estudiantes franceses"},"content":{"rendered":"<ul>\n<li><em><strong>Los acompa\u00f1an cuatro profesores<\/strong><\/em><\/li>\n<\/ul>\n<div id=\"attachment_121430\" style=\"width: 250px\" class=\"wp-caption alignleft\"><a href=\"http:\/\/www.diarioimagen.net\/wp-content\/uploads\/2013\/02\/UAEM-2037.jpg\"><img loading=\"lazy\" decoding=\"async\" aria-describedby=\"caption-attachment-121430\" class=\"size-medium wp-image-121430\" alt=\"La Universidad Aut\u00f3noma del Estado de M\u00e9xico dio la bienvenida a la delegaci\u00f3n conformada por 43 estudiantes y cuatro profesores, procedentes del Liceo Colbert de Lorient, Francia.\" src=\"http:\/\/www.diarioimagen.net\/wp-content\/uploads\/2013\/02\/UAEM-2037-240x135.jpg\" width=\"240\" height=\"135\" \/><\/a><p id=\"caption-attachment-121430\" class=\"wp-caption-text\">La Universidad Aut\u00f3noma del Estado de M\u00e9xico dio la bienvenida a la delegaci\u00f3n conformada por 43 estudiantes y cuatro profesores, procedentes del Liceo Colbert de Lorient, Francia.<\/p><\/div>\n<p><strong>Toluca, Estado de M\u00e9xico.-<\/strong> La Universidad Aut\u00f3noma del Estado de M\u00e9xico dio la bienvenida a la delegaci\u00f3n conformada por 43 estudiantes y cuatro profesores, procedentes del Liceo Colbert de Lorient, Francia, que realizar\u00e1n diversas actividades acad\u00e9micas, culturales y sociales en instalaciones del plantel \u201cLic. Adolfo L\u00f3pez Mateos\u201d de la Escuela Preparatoria.<\/p>\n<p>Al encabezar la ceremonia de bienvenida, en representaci\u00f3n del rector Eduardo Gasca Pliego, el secretario de Docencia de la instituci\u00f3n, Felipe Gonz\u00e1lez Solano, acompa\u00f1ado por la presidenta municipal de Toluca, Martha Hilda Gonz\u00e1lez Calder\u00f3n, refiri\u00f3 que durante la administraci\u00f3n 2009-2013 se impulsaron las actividades de cooperaci\u00f3n y movilidad acad\u00e9mica, en beneficio de un total de mil 70 estudiantes.<\/p>\n<p>El servidor universitario se\u00f1al\u00f3 que para la UAEM, establecer, conservar e incrementar acuerdos de colaboraci\u00f3n acad\u00e9mica y de investigaci\u00f3n con instituciones educativas del pa\u00eds y otros lugares del mundo, representa una valiosa oportunidad para fortalecer la formaci\u00f3n integral de los estudiantes, ya que de esta manera se promueve la adquisici\u00f3n de grandes experiencias, el dominio de nuevos conocimientos y competencias, as\u00ed como su incorporaci\u00f3n a contextos educativos distintos.<\/p>\n<p>Ante los directores de las facultades de Lenguas, Odontolog\u00eda y Ciencias Pol\u00edticas y Sociales, as\u00ed como el Centro de Ense\u00f1anza de Lenguas de la UAEM, Gonz\u00e1lez Solano asever\u00f3 que mediante el Programa de Movilidad Acad\u00e9mica Nacional e Internacional, la UAEM demuestra que la colaboraci\u00f3n es un instrumento que otorga a los estudiantes un car\u00e1cter global al aprendizaje, en concordancia con las tendencias regionales y mundiales del conocimiento.<\/p>\n<p>Por su parte, Martha Hilda Gonz\u00e1lez Calder\u00f3n calific\u00f3 el intercambio estudiantil entre dicho plantel, mejor conocido como Prepa 1, y el Liceo Colbert como \u201cel m\u00e1s exitoso con que cuenta la ciudad y quiz\u00e1, el Estado de M\u00e9xico\u201d.<\/p>\n","protected":false},"excerpt":{"rendered":"<p>Toluca, Estado de M\u00e9xico.- La Universidad Aut\u00f3noma del Estado de M\u00e9xico dio la bienvenida a la delegaci\u00f3n conformada<\/p>\n","protected":false},"author":1,"featured_media":0,"comment_status":"open","ping_status":"open","sticky":false,"template":"","format":"standard","meta":{"_monsterinsights_skip_tracking":false,"_monsterinsights_sitenote_active":false,"_monsterinsights_sitenote_note":"","_monsterinsights_sitenote_category":0,"footnotes":""},"categories":[5],"tags":[1492,43675,2115,1490],"class_list":["post-121327","post","type-post","status-publish","format-standard","hentry","category-estado-de-mexico","tag-eduardo-gasca-pliego","tag-estado-de-mexico","tag-francia","tag-universidad-autonoma-del-estado-de-mexico"],"_links":{"self":[{"href":"https:\/\/www.diarioimagen.net\/index.php?rest_route=\/wp\/v2\/posts\/121327","targetHints":{"allow":["GET"]}}],"collection":[{"href":"https:\/\/www.diarioimagen.net\/index.php?rest_route=\/wp\/v2\/posts"}],"about":[{"href":"https:\/\/www.diarioimagen.net\/index.php?rest_route=\/wp\/v2\/types\/post"}],"author":[{"embeddable":true,"href":"https:\/\/www.diarioimagen.net\/index.php?rest_route=\/wp\/v2\/users\/1"}],"replies":[{"embeddable":true,"href":"https:\/\/www.diarioimagen.net\/index.php?rest_route=%2Fwp%2Fv2%2Fcomments&post=121327"}],"version-history":[{"count":0,"href":"https:\/\/www.diarioimagen.net\/index.php?rest_route=\/wp\/v2\/posts\/121327\/revisions"}],"wp:attachment":[{"href":"https:\/\/www.diarioimagen.net\/index.php?rest_route=%2Fwp%2Fv2%2Fmedia&parent=121327"}],"wp:term":[{"taxonomy":"category","embeddable":true,"href":"https:\/\/www.diarioimagen.net\/index.php?rest_route=%2Fwp%2Fv2%2Fcategories&post=121327"},{"taxonomy":"post_tag","embeddable":true,"href":"https:\/\/www.diarioimagen.net\/index.php?rest_route=%2Fwp%2Fv2%2Ftags&post=121327"}],"curies":[{"name":"wp","href":"https:\/\/api.w.org\/{rel}","templated":true}]}}