{"id":121330,"date":"2013-02-15T00:07:15","date_gmt":"2013-02-15T06:07:15","guid":{"rendered":"http:\/\/www.diarioimagen.net\/?p=121330"},"modified":"2013-02-15T04:59:25","modified_gmt":"2013-02-15T10:59:25","slug":"sociedad-parte-fundamental-en-la-lucha-contra-el-hambre","status":"publish","type":"post","link":"https:\/\/www.diarioimagen.net\/?p=121330","title":{"rendered":"Sociedad, parte fundamental en la lucha contra el hambre"},"content":{"rendered":"<ul>\n<li><em><strong>La titular de la Sedesol se\u00f1ala que la pol\u00edtica asistencialista est\u00e1 agotada, por lo que es necesario desarrollar el potencial productivo de la gente<\/strong><\/em><\/li>\n<\/ul>\n<div id=\"attachment_121433\" style=\"width: 250px\" class=\"wp-caption alignleft\"><a href=\"http:\/\/www.diarioimagen.net\/wp-content\/uploads\/2013\/02\/rosario-2037.jpg\"><img loading=\"lazy\" decoding=\"async\" aria-describedby=\"caption-attachment-121433\" class=\"size-medium wp-image-121433\" alt=\"La secretaria de Desarrollo Social, Rosario Robles Berlanga, habl\u00f3 sobre la necesidad de crecer como pa\u00eds.\" src=\"http:\/\/www.diarioimagen.net\/wp-content\/uploads\/2013\/02\/rosario-2037-240x135.jpg\" width=\"240\" height=\"135\" \/><\/a><p id=\"caption-attachment-121433\" class=\"wp-caption-text\">La secretaria de Desarrollo Social, Rosario Robles Berlanga, habl\u00f3 sobre la necesidad de crecer como pa\u00eds.<\/p><\/div>\n<p>La secretaria de Desarrollo Social, Rosario Robles, advirti\u00f3 que por s\u00ed sola la Cruzada Nacional Contra el Hambre no resolver\u00e1 el problema de la pobreza en M\u00e9xico, ya que para su \u00e9xito se necesita la vinculaci\u00f3n productiva de la sociedad.<\/p>\n<p>En entrevista, Robles Berlanga indic\u00f3 que el modelo asistencialista ha llegado a un agotamiento, por lo cual se necesita que la gente desarrolle su capacidad productiva.<\/p>\n<p>\u201cNo pensemos que la Cruzada Nacional Contra el Hambre va a resolver el problema de la pobreza en este pa\u00eds, el presidente (Enrique) Pe\u00f1a Nieto en ese sentido ha sido muy claro: tenemos que crecer, que ser m\u00e1s productivos, tenemos que generar empleos y distribuir mejor la riqueza. Esos van a ser nuestros principales mecanismos e instrumentos\u201d.<\/p>\n<p>La titular de la Secretar\u00eda de Desarrollo Social (Sedesol) se\u00f1al\u00f3 que para que la poblaci\u00f3n genere sus propios ingresos y no s\u00f3lo reciba los beneficios que le da el gobierno es necesario impulsar microcr\u00e9ditos, proyectos productivos, cooperativas y el empleo temporal.<\/p>\n<p>\u201cNecesitamos que la gente est\u00e9 organizada y est\u00e9 produciendo y no solamente recibiendo, porque hemos llegado a un agotamiento de ese modelo en donde yo te doy un recurso -que a final de cuentas no resuelve el problema de la pobreza, s\u00f3lo la contiene-. Puede ser un elemento importante para que la gente no sea todav\u00eda m\u00e1s pobre, pero no resuelve el problema\u201d, insisti\u00f3.<\/p>\n<p>\u201cLa \u00fanica manera de resolver la pobreza es que la gente desarrolle su capacidad productiva, y desarrollarla adem\u00e1s genera autonom\u00eda y dignidad. No hay mayor autonom\u00eda que no depender del gobierno, no hay mayor dignidad que producir mi propio ingreso\u201d, abund\u00f3.<\/p>\n<p>La ex jefa de gobierno del Distrito Federal explic\u00f3 que para que tuviera \u00e9xito el programa Hambre Cero, aplicado en 2003 por el entonces presidente de Brasil, Luiz Inacio Lula da Silva, se necesitaron de ciertas condiciones paralelas.<\/p>\n<p>La funcionaria record\u00f3 que Brasil tuvo que ir corrigiendo en el camino y que \u201cno solamente fue producto de la estrategia Hambre Cero, fue producto de un desarrollo econ\u00f3mico, de un crecimiento econ\u00f3mico\u201d.<\/p>\n","protected":false},"excerpt":{"rendered":"<p>La secretaria de Desarrollo Social, Rosario Robles, advirti\u00f3 que por s\u00ed sola la Cruzada Nacional Contra el Hambre no resolver\u00e1 el problema de la pobreza en M\u00e9xico, ya que para su \u00e9xito se necesita la vinculaci\u00f3n productiva de la sociedad.<\/p>\n","protected":false},"author":1,"featured_media":0,"comment_status":"open","ping_status":"open","sticky":false,"template":"","format":"standard","meta":{"_monsterinsights_skip_tracking":false,"_monsterinsights_sitenote_active":false,"_monsterinsights_sitenote_note":"","_monsterinsights_sitenote_category":0,"footnotes":""},"categories":[3],"tags":[25880,43673,1998],"class_list":["post-121330","post","type-post","status-publish","format-standard","hentry","category-nacional","tag-cruzada-nacional-contra-el-hambre","tag-nacional","tag-sedesol"],"_links":{"self":[{"href":"https:\/\/www.diarioimagen.net\/index.php?rest_route=\/wp\/v2\/posts\/121330","targetHints":{"allow":["GET"]}}],"collection":[{"href":"https:\/\/www.diarioimagen.net\/index.php?rest_route=\/wp\/v2\/posts"}],"about":[{"href":"https:\/\/www.diarioimagen.net\/index.php?rest_route=\/wp\/v2\/types\/post"}],"author":[{"embeddable":true,"href":"https:\/\/www.diarioimagen.net\/index.php?rest_route=\/wp\/v2\/users\/1"}],"replies":[{"embeddable":true,"href":"https:\/\/www.diarioimagen.net\/index.php?rest_route=%2Fwp%2Fv2%2Fcomments&post=121330"}],"version-history":[{"count":0,"href":"https:\/\/www.diarioimagen.net\/index.php?rest_route=\/wp\/v2\/posts\/121330\/revisions"}],"wp:attachment":[{"href":"https:\/\/www.diarioimagen.net\/index.php?rest_route=%2Fwp%2Fv2%2Fmedia&parent=121330"}],"wp:term":[{"taxonomy":"category","embeddable":true,"href":"https:\/\/www.diarioimagen.net\/index.php?rest_route=%2Fwp%2Fv2%2Fcategories&post=121330"},{"taxonomy":"post_tag","embeddable":true,"href":"https:\/\/www.diarioimagen.net\/index.php?rest_route=%2Fwp%2Fv2%2Ftags&post=121330"}],"curies":[{"name":"wp","href":"https:\/\/api.w.org\/{rel}","templated":true}]}}