{"id":121460,"date":"2013-02-18T00:06:58","date_gmt":"2013-02-18T06:06:58","guid":{"rendered":"http:\/\/www.diarioimagen.net\/?p=121460"},"modified":"2013-02-18T04:25:47","modified_gmt":"2013-02-18T10:25:47","slug":"signo-ideologico-de-la-guerrilla","status":"publish","type":"post","link":"https:\/\/www.diarioimagen.net\/?p=121460","title":{"rendered":"\u00bfSigno ideol\u00f3gico de la guerrilla?"},"content":{"rendered":"<h2>\u00cdndice pol\u00edtico<\/h2>\n<h5>Francisco Rodr\u00edguez<\/h5>\n<p>&nbsp;<\/p>\n<p>A partir de una amplia entrevista al general Genaro Fausto Lozano Espinoza, comandante de la Novena Regi\u00f3n Militar -\u201ccasi se puede decir\u201d que en Guerrero hay una cultura de la violencia, que el cultivo de amapola y mariguana en ese estado son un fen\u00f3meno cultural y que la historia de la guerrilla tiene sus ra\u00edces en el resentimiento social producto del rezago en que se encuentra la entidad, dijo-, publicada el viernes 15, hace tres d\u00edas, el investigador Jorge Lofredo comparte con usted y con este escribidor apuntes o \u201cpensamientos en voz alta\u201d sobre el car\u00e1cter ideol\u00f3gico de la guerrilla mexicana.<\/p>\n<p>Aceptemos por un momento que frente a un gobierno reci\u00e9n asumido los elementos discursivos ceden paso a los simb\u00f3licos: \u201cConvengamos que la idea del combate al hambre es una idea, aunque todav\u00eda idea, por lo menos seductora e innegable a ser aplicada.<\/p>\n<p>\u201cConvengamos tambi\u00e9n que la lucha contra el crimen organizado no es exclusiva de respuesta militar, sino que debe alcanzar la aplicaci\u00f3n de medidas culturales, sociales, etc\u00e9tera.<\/p>\n<p>\u201cY convengamos adem\u00e1s que \u2018lo tricolor\u2019 es un elemento cultural que funciona en diversos niveles de adhesi\u00f3n y que adem\u00e1s supera lo meramente electoral (aunque no lo pol\u00edtico, pero eso ser\u00eda tema de otra disgregaci\u00f3n).<\/p>\n<p>\u201cY aceptemos, por \u00faltimo, que el nuevo comandante militar de Guerrero, entidad madre de guerrillas de las \u00faltimas d\u00e9cadas (admiradas por su bravura y reprimidas por su insolencia a levantarse contra caudillos, tiranos, dictadores y toda otra cala\u00f1a de autoritarismos e injusticias inimaginables), aspire como as\u00ed se menciona a entender las causas de la inconformidad, pero tambi\u00e9n ponga en pr\u00e1ctica otra forma de pol\u00edtica que no recurra al aniquilamiento de lo que lo cuestiona.<\/p>\n<p>\u201cFrente a todas estas cuestiones, \u00bfc\u00f3mo visualiza la guerrilla la coyuntura local, regional y nacional?, \u00bfsu\u00a0marxismo alcanza para explicar la realidad?, \u00bfvari\u00f3, o variar\u00e1, esta visi\u00f3n o adaptar\u00e1 su estrategia a estos otros nuevos tiempos?<\/p>\n<p>\u201cDejemos de lado, por un momento, la insidiosa y pretendida vinculaci\u00f3n de grupos guerrilleros con los movimientos de autodefensa que se registran en Guerrero y Oaxaca (reitero: cuna y madre de la actual generaci\u00f3n de guerrilleros) que mezclan sin profundizar guerrillas, movimientos ciudadanos, autodefensa, paramilitarismo, o cualquier otro fen\u00f3meno social -la mayor\u00eda de los casos ocurre porque los comentaristas que sostienen la existencia de esos \u00bfv\u00ednculos? reportan a corporaciones que necesitan ponerlos de relevancia para justificar represiones,\u00a0demonizaciones\u00a0varias o bien porque no alcanzan a considerar las consecuencias de la ausencia estatal fuera de los centros urbanos o bien por simple ignorancia-.<\/p>\n<p style=\"text-align: center;\">\u00a0<b>VUELTA AL NACIONALISMO REVOLUCIONARIO<\/b><\/p>\n<p>\u201cTodo esto nos lleva a pensar una cuesti\u00f3n que no es menor. La guerrilla: \u00bfuna vuelta al nacionalismo revolucionario?<\/p>\n<p>\u201c\u00bfY esto por qu\u00e9 suceder\u00eda?:<\/p>\n<p>\u201c1) por orfandad de referencias reales por la implosi\u00f3n de la ex URSS y de los socialismos realmente existentes, tanto que las d\u00e9cadas que han pasado avejentaron los posicionamientos pol\u00edticos de los grupos de izquierda y tambi\u00e9n de los clandestinos;<\/p>\n<p>\u201c2) a continuaci\u00f3n de lo anterior, pero sin abdicar del marxismo-leninismo ortodoxo, esta nueva generaci\u00f3n de guerrilleros ha transcurrido, y transcurre, la mayor parte de su tiempo en combate contra el neoliberalismo, lo que los lleva a reivindicar al pueblo, la patria y la soberan\u00eda antes que la revoluci\u00f3n, pero sin renunciar a ella;<\/p>\n<p>\u201c3) sin hacer mayor hincapi\u00e9 en los actuales liderazgos latinoamericanos, no puede obviarse alguna lectura sobre los procesos que se vienen dando en Am\u00e9rica Latina, con mayor \u00e9nfasis en los procesos sociales antes que sobre sus l\u00edderes (antes que idolatr\u00eda, necesitan encontrar l\u00edderes propios; por lo tanto, antes que \u00a1Viva Ch\u00e1vez! corear\u00e1n \u00a1Viva el pueblo venezolano! -el respeto a Ch\u00e1vez parte de la decisi\u00f3n soberana del pueblo venezolano, etc\u00e9tera-), que hoy alcanzan correspondencia electoral, y<\/p>\n<p>\u201c4) la imposibilidad de llevar adelante en forma exclusiva un proyecto pol\u00edtico y social revolucionario que obliga a la necesidad de pensar y buscar establecer alianzas (ca\u00edda de liderazgos excluyentes, verdades reveladas y vanguardias infalibles) con sectores revolucionarios, con otros sectores populares y tambi\u00e9n con distintas fuerzas sociales\u201d.<\/p>\n<p>Ah\u00ed est\u00e1n los planteamientos de Lofredo, cofundador del Centro de Documentaci\u00f3n de los Movimientos Armados (cedema.org). Ahora nos corresponde a nosotros darles seguimiento.<\/p>\n<p><em><b>\u00cdndice Flam\u00edgero<\/b>:<\/em> \u201cAl preguntarle si tiene ubicados a los grupos guerrilleros, el comandante Lozano Espinoza insisti\u00f3 en que \u2018no le llamar\u00eda guerrilla, yo le llamo gente con la cual el Estado tiene una deuda hist\u00f3rica\u2019, y dijo que como el problema de la guerrilla tiene muchos a\u00f1os en la entidad, \u2018tenemos varios puntos perfectamente ubicados, caracterizados, pues a lo largo de tantos a\u00f1os en este tema hay mucha informaci\u00f3n y mucha experiencia\u2019. Agreg\u00f3 que lo que esos grupos buscan son soluciones justas, porque \u2018ellos tienen muy claro que la v\u00eda de la subversi\u00f3n, de subvertir el orden, la ley, no ha sido un camino adecuado, ha sido est\u00e9ril a lo largo de los a\u00f1os. Es la v\u00eda de la conciliaci\u00f3n, la v\u00eda del acuerdo, el consenso, de la participaci\u00f3n, la que resuelve\u2019.<\/p>\n<p><em><a href=\"http:\/\/www.indicepolitico.com\/\" target=\"_blank\"><em>www.indicepolitico.com<\/em><\/a><br \/>\n<\/em><em><a href=\"mailto:pacorodriguez@journalist.com\" target=\"_blank\">pacorodriguez@journalist.com<\/a><\/em><\/p>\n","protected":false},"excerpt":{"rendered":"<p><span style=\"color: #005497;\"><strong>Francisco Rodr\u00edguez<\/strong><\/span><\/p>\n","protected":false},"author":1,"featured_media":0,"comment_status":"open","ping_status":"open","sticky":false,"template":"","format":"standard","meta":{"_monsterinsights_skip_tracking":false,"_monsterinsights_sitenote_active":false,"_monsterinsights_sitenote_note":"","_monsterinsights_sitenote_category":0,"footnotes":""},"categories":[549],"tags":[43689,3244,550,43674],"class_list":["post-121460","post","type-post","status-publish","format-standard","hentry","category-francisco-rodriguez","tag-francisco-rodriguez","tag-guerrero","tag-indice-politico","tag-opinion"],"_links":{"self":[{"href":"https:\/\/www.diarioimagen.net\/index.php?rest_route=\/wp\/v2\/posts\/121460","targetHints":{"allow":["GET"]}}],"collection":[{"href":"https:\/\/www.diarioimagen.net\/index.php?rest_route=\/wp\/v2\/posts"}],"about":[{"href":"https:\/\/www.diarioimagen.net\/index.php?rest_route=\/wp\/v2\/types\/post"}],"author":[{"embeddable":true,"href":"https:\/\/www.diarioimagen.net\/index.php?rest_route=\/wp\/v2\/users\/1"}],"replies":[{"embeddable":true,"href":"https:\/\/www.diarioimagen.net\/index.php?rest_route=%2Fwp%2Fv2%2Fcomments&post=121460"}],"version-history":[{"count":0,"href":"https:\/\/www.diarioimagen.net\/index.php?rest_route=\/wp\/v2\/posts\/121460\/revisions"}],"wp:attachment":[{"href":"https:\/\/www.diarioimagen.net\/index.php?rest_route=%2Fwp%2Fv2%2Fmedia&parent=121460"}],"wp:term":[{"taxonomy":"category","embeddable":true,"href":"https:\/\/www.diarioimagen.net\/index.php?rest_route=%2Fwp%2Fv2%2Fcategories&post=121460"},{"taxonomy":"post_tag","embeddable":true,"href":"https:\/\/www.diarioimagen.net\/index.php?rest_route=%2Fwp%2Fv2%2Ftags&post=121460"}],"curies":[{"name":"wp","href":"https:\/\/api.w.org\/{rel}","templated":true}]}}