{"id":121487,"date":"2013-02-18T00:05:44","date_gmt":"2013-02-18T06:05:44","guid":{"rendered":"http:\/\/www.diarioimagen.net\/?p=121487"},"modified":"2013-02-19T01:25:47","modified_gmt":"2013-02-19T07:25:47","slug":"pena-nieto-anuncia-100-mil-millones-para-el-sector-turistico","status":"publish","type":"post","link":"https:\/\/www.diarioimagen.net\/?p=121487","title":{"rendered":"Pe\u00f1a Nieto anuncia $100 mil millones para el sector tur\u00edstico"},"content":{"rendered":"<ul>\n<li><em><strong>El Presidente se\u00f1ala que estos recursos impactar\u00e1n en el desarrollo del ecoturismo y en la econom\u00eda de la naci\u00f3n<\/strong><\/em><\/li>\n<\/ul>\n<h6>Mart\u00edn G. Iglesias<\/h6>\n<div id=\"attachment_121561\" style=\"width: 250px\" class=\"wp-caption alignleft\"><a href=\"http:\/\/www.diarioimagen.net\/wp-content\/uploads\/2013\/02\/epn-2038.jpg\"><img loading=\"lazy\" decoding=\"async\" aria-describedby=\"caption-attachment-121561\" class=\"size-medium wp-image-121561\" alt=\"El presidente Enrique Pe\u00f1a Nieto encabez\u00f3 el XI Foro Nacional de Turismo, al que regres\u00f3 ya como primer mandatario para involucrarse de los planteamientos que se formulen en su seno.\" src=\"http:\/\/www.diarioimagen.net\/wp-content\/uploads\/2013\/02\/epn-2038-240x135.jpg\" width=\"240\" height=\"135\" \/><\/a><p id=\"caption-attachment-121561\" class=\"wp-caption-text\">El presidente Enrique Pe\u00f1a Nieto encabez\u00f3 el XI Foro Nacional de Turismo, al que regres\u00f3 ya como primer mandatario para involucrarse de los planteamientos que se formulen en su seno.<\/p><\/div>\n<p><strong>Canc\u00fan,\u00a0Quintana Roo.\u00a0&#8211;<\/strong> El presidente Enrique Pe\u00f1a Nieto anunci\u00f3 una inversi\u00f3n de poco m\u00e1s de 100 mil millones de pesos para obras e infraestructura con impacto en el \u00e1mbito ecotur\u00edstico y econ\u00f3mico del pa\u00eds.<\/p>\n<p>Al inaugurar el XI Foro Nacional de Turismo Canc\u00fan 2013, el Ejecutivo federal refrend\u00f3 que el turismo es una gran oportunidad para impulsar el crecimiento econ\u00f3mico del pa\u00eds que significa prosperidad para los mexicanos y lograr un pa\u00eds m\u00e1s incluyente.<\/p>\n<p>\u201cNo se puede dejar de reconocer avances que ha habido en esta materia, lo mucho que se pudo haber hecho o no, se ha escuchado muchas veces lo mucho que se puede crecer, porque creo que en los a\u00f1os anteriores sin duda hubo un gran impulso al turismo, pero ponemos ir m\u00e1s all\u00e1\u201d, dijo.<\/p>\n<p>Ante empresarios y funcionarios de la entidad, Pe\u00f1a Nieto asegur\u00f3 que su intenci\u00f3n es consolidar los destinos que en las \u00faltimas d\u00e9cadas se han desarrollado, para rescatar su potencial y no desecharlo.<\/p>\n<p>\u201cNo hagamos desecho o residuo de aquellos destinos que en alg\u00fan momento tuvieron una gran proyecci\u00f3n, vayamos al rescate y al respaldo para su consolidaci\u00f3n\u201d, subray\u00f3.<\/p>\n<p>Para ello, prometi\u00f3, habr\u00e1n cr\u00e9ditos concretos y se trabajar\u00e1 en crear la infraestructura en zonas focalizadas.<\/p>\n<p>El Presidente enumer\u00f3 las obras que est\u00e1n contempladas en los 100 mil millones de pesos que se comenzar\u00e1n a invertir en materia de comunicaciones y transportes.<\/p>\n<p>Entre estas obras est\u00e1 el Tren Transpeninsular, que corre de M\u00e9rida a Quintana Roo, la terminal de cruceros de Puerto Vallarta, el t\u00fanel de ferrocarriles de Manzanillo, el aeropuerto de Chetumal y diversas autopistas en la regi\u00f3n sureste del pa\u00eds.<\/p>\n<p>Record\u00f3 que una de sus l\u00edneas de acci\u00f3n en este sector ser\u00e1 la creaci\u00f3n de un gabinete tur\u00edstico encabezado por \u00e9l y con los titulares de diversas secretar\u00edas, para alinear todos los recursos y programas que puedan hacer que el turismo realmente genere crecimiento.<\/p>\n<p align=\"center\"><b>Instaura el D\u00eda\u00a0<\/b><b>del Estado Mayor<\/b><\/p>\n<p>Ayer por la ma\u00f1ana, en la ciudad de M\u00e9xico, el Presidente cancel\u00f3 el timbre postal conmemorativo del D\u00eda del Estado Mayor Presidencial, que se celebrar\u00e1 cada 18 de febrero.<\/p>\n<p>En el sal\u00f3n de Acuerdos de Palacio Nacional, el general Roberto Francisco Miranda Moreno, jefe del Estado Mayor Presidencial, agradeci\u00f3 al mandatario y asegur\u00f3 que por primera vez as\u00ed se reconocer\u00e1 a esta instituci\u00f3n que tiene como referente la m\u00edstica de hacer de la lealtad una profesi\u00f3n.<\/p>\n<p>Record\u00f3 que el 18 de febrero de 1913, en el mismo sitio, los capitanes Gustavo Garmendia y Federico Montes en una acci\u00f3n heroica, leal, valiente y decidida, salvaron al presidente Francisco I. Madero al abatir a los traidores del 29 Batall\u00f3n de Infanter\u00eda, Teodoro Jim\u00e9nez y Pedro Izquierdo cuando intentaron detenerlo.<\/p>\n<p>El jefe del Estado Mayor Presidencial (EMP) explic\u00f3 que actos de lealtad institucional como el rese\u00f1ado son los que motivan el conmemorar el 18 de febrero de cada a\u00f1o como el D\u00eda del Estado Mayor Presidencial.<\/p>\n<p>En un comunicado de la Presidencia de la Rep\u00fablica asegur\u00f3 que ello reforzar\u00e1 los v\u00ednculos de cohesi\u00f3n e identidad del personal y permitir\u00e1 que acciones semejantes sean conocidas por el pueblo de M\u00e9xico.<\/p>\n<p>\u201cLa lealtad es la base para las tareas que desempe\u00f1a el Estado Mayor, lo que implica un compromiso de honor con la Patria y con el presidente de M\u00e9xico, renunciando a los intereses personales\u201d.<\/p>\n<p>Refrend\u00f3 la lealtad al Presidente de la Rep\u00fablica y sostuvo que ese \u201ces un sentimiento de entrega incondicional a la causa, a la esperanza y a la figura que representa; es la virtud, valor y \u00fanico distintivo del Estado Mayor Presidencial\u201d .<\/p>\n<p>A su vez, la directora general del Servicio Postal Mexicano (Sepomex) , Yuriria Mascott P\u00e9rez, manifest\u00f3 que con motivo de celebrar por primera vez el D\u00eda del Estado Mayor Presidencial, la instituci\u00f3n que dirige pone en circulaci\u00f3n la estampilla conmemorativa.<\/p>\n<p>Detall\u00f3 que en la estampilla se aprecian la fachada del edificio Molino del Rey, las oficinas de la Presidencia de la Rep\u00fablica y un avi\u00f3n del Estado Mayor Presidencial, los cuales representan, en forma simb\u00f3lica, la labor basada en la lealtad del Estado Mayor.<\/p>\n<p>Apunt\u00f3 que la emisi\u00f3n tendr\u00e1 un tiraje de 200 mil estampillas y contribuir\u00e1 a fortalecer el conocimiento de esta instituci\u00f3n al llegar a diversos lugares de M\u00e9xico y el mundo.<\/p>\n<p>\u201cEs un orgullo para el sector Comunicaciones y Transportes participar con esta emisi\u00f3n en tan memorable acontecimiento\u201d.<\/p>\n<p>Al acto acudieron el subjefe log\u00edstico del EMP, Crisanto Garc\u00eda; los subjefes de Seguridad, Gustavo Ram\u00edrez Palacios, y Administrativo, Francisco Javier Garc\u00eda Fierro.<\/p>\n<p>Tambi\u00e9n, el contralor del Estado Mayor Presidencial, Jos\u00e9 Marcelino Le\u00f3n Santiago, y el comandante del Cuerpo de Guardias Presidenciales, Inocente Prado L\u00f3pez.<\/p>\n<p>&nbsp;<\/p>\n","protected":false},"excerpt":{"rendered":"<p>Canc\u00fan, Quintana Roo. &#8211; El presidente Enrique Pe\u00f1a Nieto anunci\u00f3 una inversi\u00f3n de poco m\u00e1s de 100 mil millones de pesos para obras e infraestructura con impacto en el \u00e1mbito ecotur\u00edstico y econ\u00f3mico del pa\u00eds.<\/p>\n","protected":false},"author":1,"featured_media":0,"comment_status":"open","ping_status":"open","sticky":false,"template":"","format":"standard","meta":{"_monsterinsights_skip_tracking":false,"_monsterinsights_sitenote_active":false,"_monsterinsights_sitenote_note":"","_monsterinsights_sitenote_category":0,"footnotes":""},"categories":[17,3],"tags":[817,18,43673,1250,26175],"class_list":["post-121487","post","type-post","status-publish","format-standard","hentry","category-especiales","category-nacional","tag-cancun","tag-enrique-pena-nieto","tag-nacional","tag-quintana-roo","tag-sector-turistico"],"_links":{"self":[{"href":"https:\/\/www.diarioimagen.net\/index.php?rest_route=\/wp\/v2\/posts\/121487","targetHints":{"allow":["GET"]}}],"collection":[{"href":"https:\/\/www.diarioimagen.net\/index.php?rest_route=\/wp\/v2\/posts"}],"about":[{"href":"https:\/\/www.diarioimagen.net\/index.php?rest_route=\/wp\/v2\/types\/post"}],"author":[{"embeddable":true,"href":"https:\/\/www.diarioimagen.net\/index.php?rest_route=\/wp\/v2\/users\/1"}],"replies":[{"embeddable":true,"href":"https:\/\/www.diarioimagen.net\/index.php?rest_route=%2Fwp%2Fv2%2Fcomments&post=121487"}],"version-history":[{"count":0,"href":"https:\/\/www.diarioimagen.net\/index.php?rest_route=\/wp\/v2\/posts\/121487\/revisions"}],"wp:attachment":[{"href":"https:\/\/www.diarioimagen.net\/index.php?rest_route=%2Fwp%2Fv2%2Fmedia&parent=121487"}],"wp:term":[{"taxonomy":"category","embeddable":true,"href":"https:\/\/www.diarioimagen.net\/index.php?rest_route=%2Fwp%2Fv2%2Fcategories&post=121487"},{"taxonomy":"post_tag","embeddable":true,"href":"https:\/\/www.diarioimagen.net\/index.php?rest_route=%2Fwp%2Fv2%2Ftags&post=121487"}],"curies":[{"name":"wp","href":"https:\/\/api.w.org\/{rel}","templated":true}]}}