{"id":121627,"date":"2013-02-19T00:06:11","date_gmt":"2013-02-19T06:06:11","guid":{"rendered":"http:\/\/www.diarioimagen.net\/?p=121627"},"modified":"2013-02-19T01:28:42","modified_gmt":"2013-02-19T07:28:42","slug":"ejercito-y-sociedad-civil","status":"publish","type":"post","link":"https:\/\/www.diarioimagen.net\/?p=121627","title":{"rendered":"Ej\u00e9rcito y sociedad civil"},"content":{"rendered":"<h2>\u00cdndice pol\u00edtico<\/h2>\n<h5>Francisco Rodr\u00edguez<\/h5>\n<p>&nbsp;<\/p>\n<p>D\u00eda del Ej\u00e9rcito. Momento propicio para reflexionar sobre el papel de las fuerzas armadas en nuestro pa\u00eds, m\u00e1s all\u00e1 de los discursos pol\u00edticos, merecidamente laudatorios, que se pronunciar\u00e1n por toda nuestra geograf\u00eda a lo largo de esta jornada. Momento, tambi\u00e9n, para que los militares reconozcan que la experiencia en la que los embarc\u00f3 Felipe Calder\u00f3n, la de su guerra en contra de los c\u00e1rteles de la droga, result\u00f3 en todos sentidos contraproducente.<\/p>\n<p>Nunca, como hoy, las fuerzas armadas han sido blanco del desprestigio por su involucramiento en tareas que, constitucionalmente, le son ajenas pues en realidad corresponden a los cuerpos policiacos. Nunca, como ahora, el desprestigio ha sido incubado desde el propio seno de la Secretar\u00eda de la Defensa Nacional, cual el caso del general Tom\u00e1s \u00c1ngeles Dahuahare; o a\u00fan desde el extranjero, en cuanto al general Mois\u00e9s Garc\u00eda Ochoa se refiere.<\/p>\n<p>Am\u00e9n de todo ello, el viejo papel del Ej\u00e9rcito frente a la sociedad tiene rato que ha caducado.<\/p>\n<p>Como la Iglesia cat\u00f3lica -por su estructura jer\u00e1rquica y antidemocr\u00e1tica-, que si no se reforma seguir\u00e1 siendo un cuerpo extra\u00f1o a la moderna sociedad mexicana.<\/p>\n<p>Peor todav\u00eda cuando la tambi\u00e9n vieja jerarqu\u00eda vaticana -prev\u00e9n muchos- estar\u00eda a un salto de la necesaria modernizaci\u00f3n, tras la renuncia de su Pont\u00edfice Benedicto XVI.<\/p>\n<p>Pesada ancla en el paquebote militar es, ante todo, su C\u00f3digo de Justicia Militar.<\/p>\n<p>Algunos de sus art\u00edculos muestran que la moral estamental de quien abraza la carrera de las armas es una moral de honor, por lo que se creen y sienten poseedores del m\u00e1ximo nivel de autoexigencia, por lo que, para ellos, el honor no militar es un honor residual, carente de valor. Y tal, por supuesto, se contrapone a la concepci\u00f3n social -producto del involucramiento del Ej\u00e9rcito en tareas policiacas- de merma de valores tradicionales de los uniformados.<\/p>\n<p align=\"center\"><b>\u00bfMODERNIZACI\u00d3N O PARTIDIZACI\u00d3N?<\/b><\/p>\n<p>Es evidentemente respetable la actitud de los pacifistas que sostienen la posibilidad de un mundo sin guerras, sin ej\u00e9rcitos y sin armas, pero tambi\u00e9n lo es la de quienes creemos que esta utop\u00eda es al menos tan inalcanzable como la de un mundo sin polic\u00eda, sin fuerzas de seguridad que prevengan y combatan la delincuencia.<\/p>\n<p>Parece incuestionable que siempre habr\u00e1 conflictos, como habr\u00e1 delitos, de modo que la sociedad civil democr\u00e1tica deber\u00e1 organizar fatalmente, por razones de supervivencia, tanto la existencia de una milicia que la defienda de la agresi\u00f3n exterior y confiera verdadera fuerza ejecutiva a sus decisiones soberanas, como la de una polic\u00eda que disuada a los delincuentes, presente a los jueces a quienes hayan delinquido y defienda de ellos a los ciudadanos.<\/p>\n<p>En coherencia con estas evidencias, todos los reg\u00edmenes democr\u00e1ticos, con alguna excepci\u00f3n testimonial de alg\u00fan peque\u00f1o pa\u00eds, han otorgado entidad constitucional a las fuerzas armadas. Tambi\u00e9n lo hace, en su la Constituci\u00f3n Pol\u00edtica de los Estados Unidos Mexicanos.<\/p>\n<p>El Ej\u00e9rcito es la instituci\u00f3n a la que la soberan\u00eda nacional otorga el monopolio de la fuerza, que l\u00f3gicamente est\u00e1 absolutamente supeditada a la autoridad leg\u00edtima del Estado.\u00a0 Por tal es que la modernizaci\u00f3n de las fuerzas armadas no radica en la partidizaci\u00f3n de las mismas. Pero para nuestra desgracia, tal ha venido sucediendo en los \u00faltimos tiempos.<\/p>\n<p>T\u00f3mese como caso reciente el discurso que pronunciara el general secretario de la Defensa Nacional, Salvador Cienfuegos -en el acto conmemorativo de la Marcha de la Lealtad\u2014, de ofrecer el respaldo institucional del Ej\u00e9rcito al Pacto por M\u00e9xico, lo que en la docta opini\u00f3n del historiador Lorenzo Meyer fue \u201cun desprop\u00f3sito\u201d o un \u201cfuera de lugar\u201d, porque el representante de las fuerzas castrenses \u201ctom\u00f3 partido en un tema de partidos\u201d.<\/p>\n<p>Bien que el discurso oficial se aleje del tema de la violencia con el que a ma\u00f1ana, tarde y noche nos recetaban Felipe Calder\u00f3n y sus colaboradores militares, marinos y, claro, polic\u00edas.<\/p>\n<p>Bien que el general Cienfuegos interprete la nueva pol\u00edtica de comunicaci\u00f3n del gobierno entrante que soslaya la criminalidad y la lucha en contra de ella, heredadas por la administraci\u00f3n panista, pero partidizar a la instituci\u00f3n resulta terriblemente peligroso, \u00bfno cree usted?<\/p>\n<p><b><i>\u00cdndice Flam\u00edgero:<\/i><\/b> \u00bfConoce usted alguna iniciativa o hecho legislativo en el que la figura central sea el llamado \u201cNi\u00f1o Verde\u201d?<\/p>\n<p>De lo que s\u00ed estoy cierto es que conoce casi al dedillo los esc\u00e1ndalos de corrupci\u00f3n, sangre y alcohol en las que el cuarent\u00f3n personaje se ha visto envuelto\u2026 a ciencia y paciencia de quienes pagamos sus emolumentos y los de su dizque partido pol\u00edtico. El \u201cborrachazo\u201d del \u00faltimo fin de semana es s\u00f3lo la cereza de un pastel.<\/p>\n<p><em><a href=\"http:\/\/www.indicepolitico.com\/\" target=\"_blank\"><em>www.indicepolitico.com<\/em><\/a><br \/>\n<\/em><em><a href=\"mailto:pacorodriguez@journalist.com\" target=\"_blank\">pacorodriguez@journalist.com<\/a><\/em><\/p>\n","protected":false},"excerpt":{"rendered":"<p><span style=\"color: #005497;\"><strong>Francisco Rodr\u00edguez<\/strong><\/span><\/p>\n","protected":false},"author":1,"featured_media":0,"comment_status":"open","ping_status":"open","sticky":false,"template":"","format":"standard","meta":{"_monsterinsights_skip_tracking":false,"_monsterinsights_sitenote_active":false,"_monsterinsights_sitenote_note":"","_monsterinsights_sitenote_category":0,"footnotes":""},"categories":[549],"tags":[22226,43689,550,43674],"class_list":["post-121627","post","type-post","status-publish","format-standard","hentry","category-francisco-rodriguez","tag-dia-del-ejercito","tag-francisco-rodriguez","tag-indice-politico","tag-opinion"],"_links":{"self":[{"href":"https:\/\/www.diarioimagen.net\/index.php?rest_route=\/wp\/v2\/posts\/121627","targetHints":{"allow":["GET"]}}],"collection":[{"href":"https:\/\/www.diarioimagen.net\/index.php?rest_route=\/wp\/v2\/posts"}],"about":[{"href":"https:\/\/www.diarioimagen.net\/index.php?rest_route=\/wp\/v2\/types\/post"}],"author":[{"embeddable":true,"href":"https:\/\/www.diarioimagen.net\/index.php?rest_route=\/wp\/v2\/users\/1"}],"replies":[{"embeddable":true,"href":"https:\/\/www.diarioimagen.net\/index.php?rest_route=%2Fwp%2Fv2%2Fcomments&post=121627"}],"version-history":[{"count":0,"href":"https:\/\/www.diarioimagen.net\/index.php?rest_route=\/wp\/v2\/posts\/121627\/revisions"}],"wp:attachment":[{"href":"https:\/\/www.diarioimagen.net\/index.php?rest_route=%2Fwp%2Fv2%2Fmedia&parent=121627"}],"wp:term":[{"taxonomy":"category","embeddable":true,"href":"https:\/\/www.diarioimagen.net\/index.php?rest_route=%2Fwp%2Fv2%2Fcategories&post=121627"},{"taxonomy":"post_tag","embeddable":true,"href":"https:\/\/www.diarioimagen.net\/index.php?rest_route=%2Fwp%2Fv2%2Ftags&post=121627"}],"curies":[{"name":"wp","href":"https:\/\/api.w.org\/{rel}","templated":true}]}}