{"id":121648,"date":"2013-02-19T00:01:45","date_gmt":"2013-02-19T06:01:45","guid":{"rendered":"http:\/\/www.diarioimagen.net\/?p=121648"},"modified":"2013-02-19T01:29:13","modified_gmt":"2013-02-19T07:29:13","slug":"salud","status":"publish","type":"post","link":"https:\/\/www.diarioimagen.net\/?p=121648","title":{"rendered":"\u00a1Salud!"},"content":{"rendered":"<h2>Pol\u00edtica Spot<\/h2>\n<h5>Juan Manuel Maga\u00f1a<\/h5>\n<p>&nbsp;<\/p>\n<p>Fue llevado al Centro de Sanciones Administrativas, mejor conocido como \u201cEl Torito\u201d, tras ser detenido por conducir en estado de ebriedad la madrugada del domingo. Eso que ni qu\u00e9.<\/p>\n<p>Siendo senador de la Rep\u00fablica y toda la cosa, el \u201cNi\u00f1o Verde\u201d fue detenido en un punto de revisi\u00f3n del programa \u201cConduce sin Alcohol\u201d de la Secretar\u00eda de Seguridad P\u00fablica del Distrito Federal, en el cruce de Paseo de la Reforma y Campos El\u00edseos, en Polanco, alrededor de las 0:30 horas de este domingo.<\/p>\n<p>Es ex presidente del Partido Verde Ecologista de M\u00e9xico e iba en completo estado de ebriedad. Manejaba un auto Mercedes Benz negro y al ser requerido por el personal m\u00e9dico y de seguridad para practicarse la prueba de alcoholemia se neg\u00f3 rotundamente.<\/p>\n<p>Se quiso salvar, como hacen todos los ni\u00f1os verdes: mintiendo. Se identific\u00f3 con el nombre falso de Jorge Rodr\u00edguez y dijo tener\u00a0 40 a\u00f1os de edad.<\/p>\n<p>En realidad se llama Jorge Emilio Gonz\u00e1lez Mart\u00ednez y no hizo otra cosa que cualquier mortal, pero a \u00e9l la comunidad, a la que ha enga\u00f1ado tanto, lo detesta. Y por ello de inmediato fue linchado en las redes sociales.<\/p>\n<p>Dos sujetos, que dijeron ser sus escoltas, por medio de documentos dieron fe de su identidad y luego amenazaron tanto a los polic\u00edas como a los doctores y personal que realiza las pruebas de alcoholemia con destituirlos si no dejaban ir a su patr\u00f3n.<\/p>\n<p>Pusieron \u00e9nfasis en que era el presidente del Partido Verde Ecologista de M\u00e9xico. Y advirtieron que no se la iban a acabar.<\/p>\n<p>Despu\u00e9s de las amenazas y los insultos, Jorge Emilio, quien ser\u00e1 ni\u00f1o para todo los d\u00edas de su vida, lleg\u00f3 a \u201cEl Torito\u201d pasada la una de la ma\u00f1ana y sali\u00f3 alrededor de las 6:00 horas, luego de que su abogado tramit\u00f3 un amparo que le permiti\u00f3 abandonar el lugar.<\/p>\n<p>Pero a pesar de ello deber\u00e1 cumplir con el resto de la sanci\u00f3n. No se zafar\u00e1.<\/p>\n<p>Y va a estar bueno que el prepotente pague uno de estos d\u00edas su culpa. Seg\u00fan se ve, le faltan unas 15 horas de estar bajo la sombra. El mismo dijo que \u201cen \u201cEl Torito\u201d tramit\u00e9 un amparo para no permanecer ah\u00ed toda la sanci\u00f3n, porque \u201chac\u00eda fr\u00edo, ten\u00eda hambre y sed y ah\u00ed ni agua hab\u00eda. Voy a regresar el pr\u00f3ximo s\u00e1bado como a las 7:00 horas a cubrir el tiempo que me falta\u201d.<\/p>\n<p>Igual que otros como \u00e9l, que tienen acceso a un micr\u00f3fono y a una pantalla, ensay\u00f3 su propia tentativa de lavado de imagen.<\/p>\n<p>Dijo que fue a una comida y que para cerca de las doce de la noche s\u00f3lo se tom\u00f3 \u201ccuatro tequilas\u201d.<\/p>\n<p>El cl\u00e1sico no supe, no me di cuenta, lo siento.<\/p>\n<p>De lo que el \u201cNi\u00f1o Verde\u201d no se salv\u00f3 fue del tribunal popular. En las redes sociales se activaron en su contra toda clase de condenas e improperios. Miles de comentarios negativos.<\/p>\n<p><em><a href=\"mailto: maganapalace@yahoo.com.mx\" target=\"_blank\">maganapalace@yahoo.com.mx<\/a><\/em><\/p>\n","protected":false},"excerpt":{"rendered":"<p><span style=\"color: #005497;\"><strong>Juan Manuel Maga\u00f1a<\/strong><\/span><\/p>\n","protected":false},"author":1,"featured_media":0,"comment_status":"open","ping_status":"open","sticky":false,"template":"","format":"standard","meta":{"_monsterinsights_skip_tracking":false,"_monsterinsights_sitenote_active":false,"_monsterinsights_sitenote_note":"","_monsterinsights_sitenote_category":0,"footnotes":""},"categories":[22905],"tags":[43709,43674,4880,22904],"class_list":["post-121648","post","type-post","status-publish","format-standard","hentry","category-juan-manuel-magana","tag-juan-manuel-magana","tag-opinion","tag-partido-verde-ecologista-de-mexico","tag-politica-spot"],"_links":{"self":[{"href":"https:\/\/www.diarioimagen.net\/index.php?rest_route=\/wp\/v2\/posts\/121648","targetHints":{"allow":["GET"]}}],"collection":[{"href":"https:\/\/www.diarioimagen.net\/index.php?rest_route=\/wp\/v2\/posts"}],"about":[{"href":"https:\/\/www.diarioimagen.net\/index.php?rest_route=\/wp\/v2\/types\/post"}],"author":[{"embeddable":true,"href":"https:\/\/www.diarioimagen.net\/index.php?rest_route=\/wp\/v2\/users\/1"}],"replies":[{"embeddable":true,"href":"https:\/\/www.diarioimagen.net\/index.php?rest_route=%2Fwp%2Fv2%2Fcomments&post=121648"}],"version-history":[{"count":0,"href":"https:\/\/www.diarioimagen.net\/index.php?rest_route=\/wp\/v2\/posts\/121648\/revisions"}],"wp:attachment":[{"href":"https:\/\/www.diarioimagen.net\/index.php?rest_route=%2Fwp%2Fv2%2Fmedia&parent=121648"}],"wp:term":[{"taxonomy":"category","embeddable":true,"href":"https:\/\/www.diarioimagen.net\/index.php?rest_route=%2Fwp%2Fv2%2Fcategories&post=121648"},{"taxonomy":"post_tag","embeddable":true,"href":"https:\/\/www.diarioimagen.net\/index.php?rest_route=%2Fwp%2Fv2%2Ftags&post=121648"}],"curies":[{"name":"wp","href":"https:\/\/api.w.org\/{rel}","templated":true}]}}