{"id":121679,"date":"2013-02-19T00:07:13","date_gmt":"2013-02-19T06:07:13","guid":{"rendered":"http:\/\/www.diarioimagen.net\/?p=121679"},"modified":"2013-02-19T01:48:35","modified_gmt":"2013-02-19T07:48:35","slug":"el-gdf-impulsa-formacion-de-medicos-especializados","status":"publish","type":"post","link":"https:\/\/www.diarioimagen.net\/?p=121679","title":{"rendered":"El GDF impulsa formaci\u00f3n de m\u00e9dicos especializados"},"content":{"rendered":"<ul>\n<li><em><strong>Realizan acciones en beneficio de estudiantes<\/strong><\/em><\/li>\n<\/ul>\n<div id=\"attachment_41663\" style=\"width: 310px\" class=\"wp-caption alignleft\"><a href=\"http:\/\/www.diarioimagen.net\/wp-content\/uploads\/2011\/01\/armando-ahued-1526.jpg\"><img loading=\"lazy\" decoding=\"async\" aria-describedby=\"caption-attachment-41663\" class=\"size-full wp-image-41663\" alt=\"Armando Ahued.\" src=\"http:\/\/www.diarioimagen.net\/wp-content\/uploads\/2011\/01\/armando-ahued-1526.jpg\" width=\"300\" height=\"239\" \/><\/a><p id=\"caption-attachment-41663\" class=\"wp-caption-text\">Armando Ahued.<\/p><\/div>\n<p>El secretario de Salud del Distrito Federal, Armando Ahued Ortega, inaugur\u00f3 dos Aulas de Ense\u00f1anza y un Auditorio en el Hospital Pedi\u00e1trico La Villa, nosocomio que adem\u00e1s de brindar atenci\u00f3n m\u00e9dica, funciona como un Hospital-Escuela, al ser sede de estudiantes de la licenciatura en enfermer\u00eda, residentes de pediatr\u00eda, ortopedia, anestesiolog\u00eda y t\u00e9cnicos en Rayos \u201cX\u201d, as\u00ed como prestadores de servicio social en odontolog\u00eda y nutrici\u00f3n.<\/p>\n<p>La mayor\u00eda de los estudiantes proceden de la Universidad Nacional Aut\u00f3noma de M\u00e9xico (UNAM), el Instituto Polit\u00e9cnico Nacional (IPN) y recientemente de la Universidad Justo Sierra.<\/p>\n<p>Armando Ahued se\u00f1al\u00f3 que la creaci\u00f3n de infraestructura en salud coadyuva a solucionar una parte del sistema de salud p\u00fablica del pa\u00eds, que es la falta de m\u00e9dicos especialistas y enfermer\u00eda.<\/p>\n<p>Tan s\u00f3lo la Secretar\u00eda de Salud capitalina, tiene 400 folios disponibles para contratar por honorarios a especialistas, dijo.<\/p>\n<p>La construcci\u00f3n de estas Aulas de Ense\u00f1anza refuerza el compromiso del gobierno de la ciudad de M\u00e9xico en la formaci\u00f3n de profesionales en la salud, lo que impactar\u00e1 en la calidad y respuesta de la demanda de atenci\u00f3n m\u00e9dica.<\/p>\n<p>&nbsp;<\/p>\n","protected":false},"excerpt":{"rendered":"<p>El secretario de Salud del Distrito Federal, Armando Ahued Ortega, inaugur\u00f3 dos Aulas de Ense\u00f1anza y un Auditorio en el Hospital Pedi\u00e1trico La Villa, nosocomio que adem\u00e1s de brindar atenci\u00f3n m\u00e9dica, funciona como un Hospital-Escuela, al ser sede de estudiantes de la licenciatura en enfermer\u00eda, residentes de pediatr\u00eda, ortopedia, anestesiolog\u00eda y t\u00e9cnicos en Rayos \u201cX\u201d, as\u00ed como prestadores de servicio social en odontolog\u00eda y nutrici\u00f3n.<\/p>\n","protected":false},"author":1,"featured_media":0,"comment_status":"open","ping_status":"open","sticky":false,"template":"","format":"standard","meta":{"_monsterinsights_skip_tracking":false,"_monsterinsights_sitenote_active":false,"_monsterinsights_sitenote_note":"","_monsterinsights_sitenote_category":0,"footnotes":""},"categories":[6],"tags":[634,39],"class_list":["post-121679","post","type-post","status-publish","format-standard","hentry","category-cd-de-mexico","tag-armando-ahued-ortega","tag-distrito-federal"],"_links":{"self":[{"href":"https:\/\/www.diarioimagen.net\/index.php?rest_route=\/wp\/v2\/posts\/121679","targetHints":{"allow":["GET"]}}],"collection":[{"href":"https:\/\/www.diarioimagen.net\/index.php?rest_route=\/wp\/v2\/posts"}],"about":[{"href":"https:\/\/www.diarioimagen.net\/index.php?rest_route=\/wp\/v2\/types\/post"}],"author":[{"embeddable":true,"href":"https:\/\/www.diarioimagen.net\/index.php?rest_route=\/wp\/v2\/users\/1"}],"replies":[{"embeddable":true,"href":"https:\/\/www.diarioimagen.net\/index.php?rest_route=%2Fwp%2Fv2%2Fcomments&post=121679"}],"version-history":[{"count":0,"href":"https:\/\/www.diarioimagen.net\/index.php?rest_route=\/wp\/v2\/posts\/121679\/revisions"}],"wp:attachment":[{"href":"https:\/\/www.diarioimagen.net\/index.php?rest_route=%2Fwp%2Fv2%2Fmedia&parent=121679"}],"wp:term":[{"taxonomy":"category","embeddable":true,"href":"https:\/\/www.diarioimagen.net\/index.php?rest_route=%2Fwp%2Fv2%2Fcategories&post=121679"},{"taxonomy":"post_tag","embeddable":true,"href":"https:\/\/www.diarioimagen.net\/index.php?rest_route=%2Fwp%2Fv2%2Ftags&post=121679"}],"curies":[{"name":"wp","href":"https:\/\/api.w.org\/{rel}","templated":true}]}}