{"id":121691,"date":"2013-02-19T00:07:04","date_gmt":"2013-02-19T06:07:04","guid":{"rendered":"http:\/\/www.diarioimagen.net\/?p=121691"},"modified":"2013-02-19T01:36:15","modified_gmt":"2013-02-19T07:36:15","slug":"diputados-reanudan-hoy-discusion-sobre-el-fuero","status":"publish","type":"post","link":"https:\/\/www.diarioimagen.net\/?p=121691","title":{"rendered":"Diputados reanudan hoy discusi\u00f3n sobre el fuero"},"content":{"rendered":"<ul>\n<li><em><strong>Si es aprobada, funcionarios y legisladores responder\u00e1n ante la justicia si son acusados de alg\u00fan delito grave<\/strong><\/em><\/li>\n<\/ul>\n<div id=\"attachment_121752\" style=\"width: 250px\" class=\"wp-caption alignleft\"><a href=\"http:\/\/www.diarioimagen.net\/wp-content\/uploads\/2013\/02\/diputados-2039.jpg\"><img loading=\"lazy\" decoding=\"async\" aria-describedby=\"caption-attachment-121752\" class=\"size-medium wp-image-121752\" alt=\"La sesi\u00f3n de este d\u00eda en la C\u00e1mara de Diputados tiene prevista la discusi\u00f3n del dictamen sobre el fuero constitucional, a fin de que todas las personas, de cualquier rango,respondan ante la justicia\" src=\"http:\/\/www.diarioimagen.net\/wp-content\/uploads\/2013\/02\/diputados-2039-240x135.jpg\" width=\"240\" height=\"135\" \/><\/a><p id=\"caption-attachment-121752\" class=\"wp-caption-text\">La sesi\u00f3n de este d\u00eda en la C\u00e1mara de Diputados tiene prevista la discusi\u00f3n del dictamen sobre el fuero constitucional, a fin de que todas las personas, de cualquier rango,respondan ante la justicia<\/p><\/div>\n<p>Los diputados federales reanudar\u00e1n hoy martes la discusi\u00f3n para dictaminar la minuta enviada por el Senado sobre el acotamiento del fuero constitucional, con lo cual los funcionarios y legisladores responder\u00edan ante la justicia si son acusados de alg\u00fan delito.<\/p>\n<p>La reforma constitucional propone acotar el fuero y cambiar ese t\u00e9rmino por el de inmunidad, a fin de que cualquier funcionario p\u00fablico, ministro de la Corte y legislador pueda ser sujeto a juicio o llamado a comparecer sin necesidad de quitarlos su cargo.<\/p>\n<p>El coordinador de la bancada priista, Manlio Fabio Beltrones, destac\u00f3 en conferencia que el acotamiento del fuero constitucional servir\u00e1 para que nunca m\u00e1s haya impunidad, aunque s\u00ed inmunidad para que los funcionarios resuelvan en el Ministerio P\u00fablico alguna acusaci\u00f3n.<\/p>\n<p>Al respecto el coordinador del Partido de la Revoluci\u00f3n Democr\u00e1tica (PRD) en San L\u00e1zaro, Silvano Aureoles, expuso que de aprobarse la minuta de ley, se evitar\u00eda que los funcionarios dejen el \u201cpasaporte a la impunidad\u201d y se atender\u00eda el reclamo ciudadano.<\/p>\n<p>El vicecoordinador de Movimiento Ciudadano, Ricardo Mej\u00eda Berdeja, advirti\u00f3 que su partido votar\u00e1 en contra, pues considera que la iniciativa es una amenaza contra los legisladores \u201cinc\u00f3modos\u201d y \u201cgenera un desequilibrio de poderes en el pa\u00eds\u201d,<\/p>\n<p>Explic\u00f3 que al no modificarse el Art\u00edculo 108, se evita que se toque la figura presidencial, pero no la de los legisladores, por lo que -a su juicio- la reforma puede ocasionar que \u201cse fabriquen\u201d delitos de cualquier tipo para que los legisladores pierdan su inmunidad.<\/p>\n<p>Por otra parte, en un comunicado, el diputado panista Juan Pablo Adame inform\u00f3 que su bancada fortalece la campa\u00f1a para cambiar imagen de legisladores y as\u00ed evitar la desconfianza de la ciudadan\u00eda hacia los diputados.<\/p>\n<p>Adame Alem\u00e1n subray\u00f3 que en el Partido Acci\u00f3n Nacional (PAN) \u201cestamos convencidos de que el fuero no debe existir m\u00e1s y lo vemos como un primer gran paso para ponerle un freno a aquellos malos legisladores\u201d<\/p>\n<p>&nbsp;<\/p>\n","protected":false},"excerpt":{"rendered":"<p>Los diputados federales reanudar\u00e1n hoy martes la discusi\u00f3n para dictaminar la minuta enviada por el Senado sobre el acotamiento del fuero constitucional, con lo cual los funcionarios y legisladores responder\u00edan ante la justicia si son acusados de alg\u00fan delito.<\/p>\n","protected":false},"author":1,"featured_media":0,"comment_status":"open","ping_status":"open","sticky":false,"template":"","format":"standard","meta":{"_monsterinsights_skip_tracking":false,"_monsterinsights_sitenote_active":false,"_monsterinsights_sitenote_note":"","_monsterinsights_sitenote_category":0,"footnotes":""},"categories":[3],"tags":[98,43673],"class_list":["post-121691","post","type-post","status-publish","format-standard","hentry","category-nacional","tag-camara-de-diputados","tag-nacional"],"_links":{"self":[{"href":"https:\/\/www.diarioimagen.net\/index.php?rest_route=\/wp\/v2\/posts\/121691","targetHints":{"allow":["GET"]}}],"collection":[{"href":"https:\/\/www.diarioimagen.net\/index.php?rest_route=\/wp\/v2\/posts"}],"about":[{"href":"https:\/\/www.diarioimagen.net\/index.php?rest_route=\/wp\/v2\/types\/post"}],"author":[{"embeddable":true,"href":"https:\/\/www.diarioimagen.net\/index.php?rest_route=\/wp\/v2\/users\/1"}],"replies":[{"embeddable":true,"href":"https:\/\/www.diarioimagen.net\/index.php?rest_route=%2Fwp%2Fv2%2Fcomments&post=121691"}],"version-history":[{"count":0,"href":"https:\/\/www.diarioimagen.net\/index.php?rest_route=\/wp\/v2\/posts\/121691\/revisions"}],"wp:attachment":[{"href":"https:\/\/www.diarioimagen.net\/index.php?rest_route=%2Fwp%2Fv2%2Fmedia&parent=121691"}],"wp:term":[{"taxonomy":"category","embeddable":true,"href":"https:\/\/www.diarioimagen.net\/index.php?rest_route=%2Fwp%2Fv2%2Fcategories&post=121691"},{"taxonomy":"post_tag","embeddable":true,"href":"https:\/\/www.diarioimagen.net\/index.php?rest_route=%2Fwp%2Fv2%2Ftags&post=121691"}],"curies":[{"name":"wp","href":"https:\/\/api.w.org\/{rel}","templated":true}]}}