{"id":121797,"date":"2013-02-20T00:07:57","date_gmt":"2013-02-20T06:07:57","guid":{"rendered":"http:\/\/www.diarioimagen.net\/?p=121797"},"modified":"2013-02-20T02:57:43","modified_gmt":"2013-02-20T08:57:43","slug":"policias-comunitarias-guardias-blancas-encubiertas-por-gobernacion","status":"publish","type":"post","link":"https:\/\/www.diarioimagen.net\/?p=121797","title":{"rendered":"Polic\u00edas comunitarias, \u00bfguardias blancas encubiertas por Gobernaci\u00f3n?"},"content":{"rendered":"<h2>Tras la puerta del poder<\/h2>\n<h5>Roberto Vizca\u00edno<\/h5>\n<p>&nbsp;<\/p>\n<ul>\n<li><strong><i>Hay indicios de que el gobernador de Guerrero podr\u00eda estar alentando paramilitares encubiertos \u00a0<\/i><\/strong><\/li>\n<li><strong><i>Luego de su visita de ma\u00f1ana al Senado, el presidente Enrique Pe\u00f1a Nieto ir\u00e1 a San L\u00e1zaro<\/i><\/strong><\/li>\n<li><strong><i>Los senadores decidieron someter a una revisi\u00f3n a su sede en Reforma e Insurgentes<\/i><\/strong><\/li>\n<\/ul>\n<div id=\"attachment_121884\" style=\"width: 250px\" class=\"wp-caption alignleft\"><a href=\"http:\/\/www.diarioimagen.net\/wp-content\/uploads\/2013\/02\/CAPOTE-trizas-2040.jpg\"><img loading=\"lazy\" decoding=\"async\" aria-describedby=\"caption-attachment-121884\" class=\"size-medium wp-image-121884\" alt=\"Capote... | Trizas\" src=\"http:\/\/www.diarioimagen.net\/wp-content\/uploads\/2013\/02\/CAPOTE-trizas-2040-240x180.jpg\" width=\"240\" height=\"180\" \/><\/a><p id=\"caption-attachment-121884\" class=\"wp-caption-text\">Capote&#8230; | Trizas<\/p><\/div>\n<p>Los hechos indican que detr\u00e1s de la s\u00fabita proliferaci\u00f3n de \u201cguardias comunitarias\u201d en varios estados, est\u00e1 la mano de algunos gobernadores que han visto en ellos una enorme rentabilidad de todo tipo.<\/p>\n<p>Ganan notoriedad en medios, reciben recursos y atenci\u00f3n adicionales de la Federaci\u00f3n, y tienen en esas polic\u00edas a grupos civiles armados que en un momento pueden ser usados para realizar acciones que sus gobiernos no pueden hacer dentro de la legalidad.<\/p>\n<p>La disculpa est\u00e1 garantizada de antemano: los ciudadanos est\u00e1n hartos de los atropellos de los criminales.<\/p>\n<p>\u00bfQui\u00e9n podr\u00eda contradecirlos?<\/p>\n<p>Pero resulta que hay quienes ya le empezaron a ver la oreja real a esos grupos y comienzan a advertir que las polic\u00edas comunitarias son en verdad \u201cguardias blancas\u201d disfrazadas que operan en beneficio de los gobernadores.<\/p>\n<p>Uno de quienes han exigido p\u00fablicamente que los gobernadores atiendan ese problema, es el diputado Manlio Fabio Beltrones quien ayer fue confrontado por el gobernador de Guerrero, \u00c1ngel Aguirre Rivero, quien se puso el saco de los se\u00f1alamientos del sonorense.<\/p>\n<p>Beltrones ha insistido durante la semana reciente que si los gobernadores no pueden garantizar la seguridad que reclaman y merecen sus gobernados, entonces deber\u00edan dejarle el lugar a otro que s\u00ed pueda responder a este reto.<\/p>\n<p>Advierte adem\u00e1s que el surgimiento de \u201cguardias comunitarias\u201d y el consentimiento de algunos gobernadores hacia estos grupos lesiona al Estado, que es el que debe garantizar la seguridad de los ciudadanos.<\/p>\n<p>Es un principio esencial que nadie puede hacerse justicia por propia mano. Esa es una facultad del Estado, insiste Beltrones. Eludir esa responsabilidad representa incapacidad para gobernar, y los incapaces deben renunciar, ha dicho.<\/p>\n<p>Aguirre Rivero es un ex pri\u00edsta que va por su segunda gubernatura en Guerrero, luego de que ocup\u00f3 por primera vez el cargo hace algunos a\u00f1os en sustituci\u00f3n de Rub\u00e9n Figueroa quien fue obligado a pedir licencia luego de la matanza de \u201cAguas Blancas\u201d.<\/p>\n<p>En Guerrero es donde quiz\u00e1 han surgido m\u00e1s guardias comunitarias y donde el gobernador les ha aplaudido y consentido.<\/p>\n<p>Dentro de este escenario es que Aguirre Rivero calific\u00f3 ayer a Beltrones de represor.<\/p>\n<p>\u201cManlio Fabio yo pienso que se qued\u00f3 anclado en el pasado, se qued\u00f3 hace 30 a\u00f1os\u2026 seguramente que las expresiones que tuvo, responden a su vocaci\u00f3n represora, recuerden nada m\u00e1s d\u00f3nde se form\u00f3.<\/p>\n<p>\u201cEn lugar de solamente verter cr\u00edticas sobre algunos estados sobre algunos gobernadores deber\u00eda de preocuparse por un lado por generar mejores condiciones y mayores recursos\u201d, dijo.<\/p>\n<p>Aguirre se refer\u00eda con eso al tiempo en que Beltrones trabaj\u00f3 con Don Fernando Guti\u00e9rrez Barrios en Gobernaci\u00f3n, y sin tomar en cuenta que la carrera del sonorense va mucho m\u00e1s all\u00e1, pues adem\u00e1s de haber ocupado ese cargo, ha sido gobernador de su natal Sonora, diputado federal en tres ocasiones y senador en dos, adem\u00e1s de haber sido l\u00edder de la CNOP, es decir con una vida entera dedicada a la pol\u00edtica y al legislativo.<\/p>\n<p>En respuesta, Beltrones aclar\u00f3:<\/p>\n<p>\u201cYo no personalizo ninguna discusi\u00f3n\u2026 primero me voy a enterar si (Aguirre Rivero) estaba sobrio, para saber en qu\u00e9 condiciones pudo emitir una declaraci\u00f3n tan irresponsable.<\/p>\n<p>\u201c(Pero) sigo con mi preocupaci\u00f3n, porque en algunas entidades se reproduzcan irresponsablemente las llamadas guardias comunitarias, y esto lastime el estado de Derecho.<\/p>\n<p>\u201cLo que habr\u00eda que preguntarse en todos esos lugares es: \u00bfse respeta el estado de Derecho? \u00bfEstamos cumpliendo con nuestras obligaciones, o solamente eludiendo nuestras responsabilidades?\u201d<\/p>\n<p>Lo evidente es que la confrontaci\u00f3n Aguirre-Beltrones est\u00e1 planteada.<\/p>\n<p align=\"center\"><b>CON DERECHO DE PICAPORTE<\/b><\/p>\n<p>Luego de que la oposici\u00f3n ech\u00f3 fuera del Congreso a los presidentes panistas Fox y Calder\u00f3n \u2013el guanajuatense nunca pudo rendir un informe en paz, y el michoacano (con la etiqueta de espurio) simplemente no pudo siquiera entrar a ninguna de las dos c\u00e1maras&#8211;, el presidente pri\u00edsta Enrique Pe\u00f1a Nieto llegar\u00e1 ma\u00f1ana jueves al pleno del Senado, entrar\u00e1 por la puerta grande, acompa\u00f1ado por una comisi\u00f3n de todas las fracciones, y hablar\u00e1 desde la tribuna.<\/p>\n<p>Seguro escuchar\u00e1 algunos gritos de las lopezobradoristas Layda Sansores y Dolores Padierna, quienes no es extra\u00f1o si sacan pancartas con alguna leyenda ofensiva, pero apenas ser\u00e1n 2 de 128 senadores, nada que ver con el caos cameral vivido por Fox y Calder\u00f3n en sus visitas al legislativo.<\/p>\n<p>Estas expresiones servir\u00e1n incluso para demostrar que hay pluralidad y disidencia institucional, pero dentro de la tolerancia pol\u00edtica y el orden constitucional y democr\u00e1tico.<\/p>\n<p>Con esta visita Pe\u00f1a Nieto cumplir\u00e1 2 estancias en el Senado en los 2 y medio meses que lleva en la Presidencia y estar\u00e1 listo para ir en los pr\u00f3ximos d\u00edas, semanas a San L\u00e1zaro, el verdadero gran escenario de la oposici\u00f3n.<\/p>\n<p align=\"center\"><b>PARA\u00a0 ATR\u00c1S<\/b><\/p>\n<p>Resulta que el PRD no s\u00f3lo hace mal las cuentas que entrega al IFE, sino que adem\u00e1s altera datos para justificar sus alianzas con el PAN.<\/p>\n<p>Al menos eso fue lo que determin\u00f3 el Tribunal Electoral del Poder Judicial del Estado de Veracruz para anular la \u201cGran Alianza por ti\u201d, que hab\u00edan firmado el PRD y el PAN para lanzar candidatos comunes en ese estado.<\/p>\n<p>Durante su sesi\u00f3n ordinaria, el TEPJ de Veracruz vot\u00f3 por unanimidad una resoluci\u00f3n que advierte que simplemente el PRD no cumpli\u00f3 con lo que determina el art\u00edculo 307 de sus propios estatutos internos, en donde se indica que la validez jur\u00eddica de la coalici\u00f3n con el PAN, \u201cdebi\u00f3 ser aprobada por el 60 por ciento de los miembros de su \u00a0Comisi\u00f3n Pol\u00edtica Nacional, es decir por 9 de los 15 de sus integrantes\u201d, lo cual no ocurri\u00f3.<\/p>\n<p>Esto fue comprobado por el testimonio de los propios integrantes de la Comisi\u00f3n Pol\u00edtica luego de una serie de denuncias presentadas ante la autoridad electoral estatal.<\/p>\n<p>De ah\u00ed que el Tribunal Electoral haya decidido ratificar por unanimidad revocar el acuerdo del Consejo General del Instituto Electoral Veracruzano, emitido el pasado tres de febrero del a\u00f1o en curso y que otorgaba el registro de la coalici\u00f3n \u201cGran Alianza por ti\u201d.<\/p>\n<p>Una vez emitida la revocaci\u00f3n, la dirigencia del PRD estatal acus\u00f3 a los miembros del Tribunal de responder a intereses oscuros, de actuar dentro de un complot antidemocr\u00e1tico y bajo las instrucciones del gobernador Javier Duarte.<\/p>\n<p>\u00bfD\u00f3nde habremos o\u00eddo argumentaciones similares antes?<\/p>\n<p align=\"center\"><b>SEDE A REVISI\u00d3N<\/b><\/p>\n<p><b>Bajo el lema de \u201cm\u00e1s vale tarde que nunca\u201d, los senadores aprobaron ayer que se realice <\/b>un \u201cdiagn\u00f3stico integral\u201d de las condiciones de seguridad de las instalaciones de su nueva sede ubicada en Reforma e Insurgentes.<\/p>\n<p>Y es que ha habido demasiados indicios que se\u00f1alan que el conjunto de edificios que forman la primera sede construida especialmente para ubicar al Senado de la Rep\u00fablica, tiene fallas en estructuras y funcionamiento.<\/p>\n<p>De ah\u00ed que no pocos de sus legisladores hayan exigido realizar una revisi\u00f3n profesional especializada que les garantice una estancia segura en ese conjunto legislativo.<\/p>\n<p>Por eso la Mesa Directiva que encabeza el panista Ernesto Cordero instruy\u00f3 a las \u00e1reas respectivas que vean procedimientos, t\u00e9cnicas y elementos con los que se desarrollan las actividades de trabajo en los diferentes edificios que integran el complejo senatorial.<\/p>\n<p>El objetivo general es definir las acciones que puedan prevenir accidentes o enfermedades de trabajo, as\u00ed como instituir una estrategia de difusi\u00f3n entre trabajadores y visitantes.<\/p>\n<p>Esta revisi\u00f3n fue aprobada de forma urgente por la senadora perredista Alejandra Barrales Magdaleno, quien record\u00f3 que la reciente tragedia ocurrida en las instalaciones corporativas de Petr\u00f3leos Mexicanos, \u201cnos obliga a reflexionar sobre las condiciones en las que permanentemente se encuentran los edificios p\u00fablicos\u201d.<\/p>\n<p>Reconoci\u00f3 que el Senado de la Rep\u00fablica \u201ces responsable de la seguridad y salud de sus trabajadores y de los y las legisladoras, as\u00ed como de los visitantes que acuden diariamente a esta sede\u201d.<\/p>\n<p>Es urgente contar con una estrategia integral que blinde y brinde las condiciones \u00f3ptimas para el desarrollo de las actividades que se llevan a cabo en los edificios de la nueva sede, pues los empleados y visitantes merecen \u201clas m\u00e1s altas condiciones de seguridad\u201d, dijo.<\/p>\n<p><em><a href=\"mailto:rvizcaino@gmail.com\" target=\"_blank\">rvizcaino@gmail.com<\/a><\/em><\/p>\n<p>&nbsp;<\/p>\n","protected":false},"excerpt":{"rendered":"<p><span style=\"color: #005497;\"><strong>Roberto Vizca\u00edno<\/strong><\/span><\/p>\n","protected":false},"author":1,"featured_media":0,"comment_status":"open","ping_status":"open","sticky":false,"template":"","format":"standard","meta":{"_monsterinsights_skip_tracking":false,"_monsterinsights_sitenote_active":false,"_monsterinsights_sitenote_note":"","_monsterinsights_sitenote_category":0,"footnotes":""},"categories":[136],"tags":[43674,93,94],"class_list":["post-121797","post","type-post","status-publish","format-standard","hentry","category-roberto-vizcaino-opinion","tag-opinion","tag-roberto-vizcaino","tag-tras-la-puerta-del-poder"],"_links":{"self":[{"href":"https:\/\/www.diarioimagen.net\/index.php?rest_route=\/wp\/v2\/posts\/121797","targetHints":{"allow":["GET"]}}],"collection":[{"href":"https:\/\/www.diarioimagen.net\/index.php?rest_route=\/wp\/v2\/posts"}],"about":[{"href":"https:\/\/www.diarioimagen.net\/index.php?rest_route=\/wp\/v2\/types\/post"}],"author":[{"embeddable":true,"href":"https:\/\/www.diarioimagen.net\/index.php?rest_route=\/wp\/v2\/users\/1"}],"replies":[{"embeddable":true,"href":"https:\/\/www.diarioimagen.net\/index.php?rest_route=%2Fwp%2Fv2%2Fcomments&post=121797"}],"version-history":[{"count":0,"href":"https:\/\/www.diarioimagen.net\/index.php?rest_route=\/wp\/v2\/posts\/121797\/revisions"}],"wp:attachment":[{"href":"https:\/\/www.diarioimagen.net\/index.php?rest_route=%2Fwp%2Fv2%2Fmedia&parent=121797"}],"wp:term":[{"taxonomy":"category","embeddable":true,"href":"https:\/\/www.diarioimagen.net\/index.php?rest_route=%2Fwp%2Fv2%2Fcategories&post=121797"},{"taxonomy":"post_tag","embeddable":true,"href":"https:\/\/www.diarioimagen.net\/index.php?rest_route=%2Fwp%2Fv2%2Ftags&post=121797"}],"curies":[{"name":"wp","href":"https:\/\/api.w.org\/{rel}","templated":true}]}}