{"id":121820,"date":"2013-02-20T00:04:37","date_gmt":"2013-02-20T06:04:37","guid":{"rendered":"http:\/\/www.diarioimagen.net\/?p=121820"},"modified":"2013-02-20T02:58:10","modified_gmt":"2013-02-20T08:58:10","slug":"y-los-asesinos","status":"publish","type":"post","link":"https:\/\/www.diarioimagen.net\/?p=121820","title":{"rendered":"\u00bfY los asesinos?"},"content":{"rendered":"<h2>Punto por punto<\/h2>\n<h5>Augusto Corro<\/h5>\n<p>&nbsp;<\/p>\n<p>Mientras el ex presidente Calder\u00f3n se cubre de \u201cgloria\u201d con sus mentiras ante los incautos que lo escuchan en Harvard, nuevas informaciones se refieren a su p\u00e9simo gobierno que permiti\u00f3 las agresiones contra los medios de comunicaci\u00f3n y sus representantes. El informe del Comit\u00e9 para la Protecci\u00f3n de Periodistas (CPJ) calific\u00f3 el sexenio panista \u201ccomo uno de los m\u00e1s violentos para la prensa que jam\u00e1s se haya registrado en el mundo\u201d.<\/p>\n<p>Dijo que durante ese periodo fueron asesinados 14 periodistas y doce m\u00e1s fueron reportados como desaparecidos, adem\u00e1s, seis instalaciones de medios fueron agredidas entre 2006 y 2012.<\/p>\n<p>A ra\u00edz de la fallida guerra contra la delincuencia organizada, los comunicadores quedaron expuestos a la violencia desatada por los c\u00e1rteles de la droga, y por los mismos funcionarios corruptos que buscaban controlar la informaci\u00f3n.<\/p>\n<p>La lista de periodistas asesinados es muy larga. En ninguno de los casos han sido capturados los asesinos. Es una deuda que tiene pendiente la justicia y que la sociedad no olvida.<\/p>\n<p>Como se sabe, en los estados fronterizos, donde la narcoviolencia ha sido incontrolable, los comunicadores y los propios medios de comunicaci\u00f3n han sido sometidos, por medio de la violencia, a los intereses de la delincuencia.<\/p>\n<p>Las amenazas contra la vida de los informadores siempre se cumplieron. Esto oblig\u00f3 a periodistas y medios de comunicaci\u00f3n a actuar de diferente manera para sobrevivir en la espiral de violencia.<\/p>\n<p>Quienes no acataron las \u00f3rdenes de los delincuentes, fueron asesinados o huyeron de sus hogares en busca de protecci\u00f3n.<\/p>\n<p>La amenaza contra la vida de los periodistas sigue vigente y se ampl\u00eda a otros renglones.<\/p>\n<p>Por ejemplo, los c\u00e1rteles de la droga ofrecen recompensas por las cabezas de los cibernautas que obstaculizan sus acciones delictivas. Ahora, son quienes\u00a0 sufren las presiones de los narcotraficantes.<\/p>\n<p>Recientemente, en Reynosa, Tamaulipas, fueron repartidos volantes en los que se pod\u00eda leer la cantidad que ofrec\u00edan por datos que llevaran a identificar al due\u00f1o de la p\u00e1gina de Valor por Tamaulipas, que aparece en internet.<\/p>\n<p>En Valor por Tamaulipas, las redes sociales encuentran la informaci\u00f3n oportuna que les advierte de riesgos donde act\u00faa la delincuencia; tambi\u00e9n se encarga de llevar la cuenta de personas desaparecidas.<\/p>\n<p>Ese servicio de comunicaci\u00f3n lo realizaban los medios informativos tradicionales, pero fueron callados por las amenazas de atentados e incluso asesinatos de periodistas, como se\u00f1alamos arriba.<\/p>\n<p>La delincuencia organizada ha actuado impunemente en las agresiones contra aquellos que se atreven a denunciarlos en p\u00e1ginas web, blogs y perfiles en redes sociales.\u00a0 En los \u00faltimos meses del 2011, cuatro cibernautas fueron asesinados en Nuevo Laredo, por tratar temas contra el crimen organizado.<\/p>\n<p>En los \u00faltimos a\u00f1os, M\u00e9xico ha sido calificado como uno de los pa\u00edses m\u00e1s peligrosos para el ejercicio del periodismo. De los asesinos de periodistas nada se sabe. De vez en cuando, las autoridades anuncian leyes protectoras de comunicadores que nunca se cumplen. Sin lugar a dudas, son temas que se tratan superficialmente y por lo mismo desaparecen sin mayor problema.<\/p>\n<p>La impunidad cobija a los asesinos. El hecho es que los periodistas, en general todos los comunicadores, padecer\u00e1n los ataques de la delincuencia organizada, porque nunca ha existido un inter\u00e9s real por defenderlos o protegerlos.\u00a0 Es in\u00fatil pensar que alg\u00fan d\u00eda las autoridades se preocupen por el destino de los periodistas.<\/p>\n<p>Durante el calderonato, la prensa sufri\u00f3 las peores agresiones. Nadie hizo algo para evitarlo.\u00a0 \u00bfCalder\u00f3n hablar\u00e1 del tema en Harvard?<\/p>\n<p><em><a href=\"mailto:aco2742@hotmail.com\" target=\"_blank\">aco2742@hotmail.com<\/a><\/em><\/p>\n","protected":false},"excerpt":{"rendered":"<p><span style=\"color: #005497;\"><strong>Augusto Corro<\/strong><\/span><\/p>\n","protected":false},"author":1,"featured_media":0,"comment_status":"open","ping_status":"open","sticky":false,"template":"","format":"standard","meta":{"_monsterinsights_skip_tracking":false,"_monsterinsights_sitenote_active":false,"_monsterinsights_sitenote_note":"","_monsterinsights_sitenote_category":0,"footnotes":""},"categories":[157],"tags":[43686,43674,11515],"class_list":["post-121820","post","type-post","status-publish","format-standard","hentry","category-augusto-corro","tag-augusto-corro","tag-opinion","tag-punto-por-punto"],"_links":{"self":[{"href":"https:\/\/www.diarioimagen.net\/index.php?rest_route=\/wp\/v2\/posts\/121820","targetHints":{"allow":["GET"]}}],"collection":[{"href":"https:\/\/www.diarioimagen.net\/index.php?rest_route=\/wp\/v2\/posts"}],"about":[{"href":"https:\/\/www.diarioimagen.net\/index.php?rest_route=\/wp\/v2\/types\/post"}],"author":[{"embeddable":true,"href":"https:\/\/www.diarioimagen.net\/index.php?rest_route=\/wp\/v2\/users\/1"}],"replies":[{"embeddable":true,"href":"https:\/\/www.diarioimagen.net\/index.php?rest_route=%2Fwp%2Fv2%2Fcomments&post=121820"}],"version-history":[{"count":0,"href":"https:\/\/www.diarioimagen.net\/index.php?rest_route=\/wp\/v2\/posts\/121820\/revisions"}],"wp:attachment":[{"href":"https:\/\/www.diarioimagen.net\/index.php?rest_route=%2Fwp%2Fv2%2Fmedia&parent=121820"}],"wp:term":[{"taxonomy":"category","embeddable":true,"href":"https:\/\/www.diarioimagen.net\/index.php?rest_route=%2Fwp%2Fv2%2Fcategories&post=121820"},{"taxonomy":"post_tag","embeddable":true,"href":"https:\/\/www.diarioimagen.net\/index.php?rest_route=%2Fwp%2Fv2%2Ftags&post=121820"}],"curies":[{"name":"wp","href":"https:\/\/api.w.org\/{rel}","templated":true}]}}